{"id":13410,"date":"2025-04-09T19:42:10","date_gmt":"2025-04-09T19:42:10","guid":{"rendered":"https:\/\/www.europesays.com\/fr\/13410\/"},"modified":"2025-04-09T19:42:10","modified_gmt":"2025-04-09T19:42:10","slug":"emmanuel-macron-a-choisi-les-dates-des-pantheonisations-de-robert-badinter-et-marc-bloch","status":"publish","type":"post","link":"https:\/\/www.europesays.com\/fr\/13410\/","title":{"rendered":"Emmanuel Macron a choisi les dates des panth\u00e9onisations de Robert Badinter et Marc Bloch"},"content":{"rendered":"<p><strong>INFO LE FIGARO &#8211;<\/strong> Le p\u00e8re de la loi ayant aboli la peine de mort et le r\u00e9sistant auteur de L\u2019\u00e9trange d\u00e9faite entreront au Panth\u00e9on \u00e0 des dates hautement symboliques.<\/p>\n<p class=\"fig-paragraph\">Apr\u00e8s Simone Veil, Maurice Genevoix et \u00abceux de 14\u00bb, Jos\u00e9phine Baker, ou encore\u00a0<a href=\"http:\/\/www.lefigaro.fr\/politique\/vous-entrez-ici-en-soldat-macron-accueille-manouchian-au-pantheon-20240221\" data-fig-type=\"NewsFlash\" data-gtm-custom-categorie=\"navigation\" data-gtm-custom-action=\"crossclick\" data-gtm-custom-label=\"Contextuel\" data-gtm-event=\"customEventSPE\" data-fig-domain=\"LEFIGARO\" target=\"_blank\" rel=\"noopener\">Missak Manouchian et ses compagnons d\u2019armes<\/a>, Emmanuel Macron s\u2019appr\u00eate \u00e0 pr\u00e9sider deux nouvelles c\u00e9r\u00e9monies d\u2019entr\u00e9e au Panth\u00e9on. Robert Badinter rejoindra le monument qui surplombe la montagne Sainte-Genevi\u00e8ve \u00e0 Paris, comme\u00a0<a href=\"https:\/\/www.lefigaro.fr\/politique\/la-nation-rend-hommage-au-geant-robert-badinter-emmanuel-macron-prepare-son-entree-au-pantheon-20240214\" data-fig-type=\"Article\" data-gtm-custom-categorie=\"navigation\" data-gtm-custom-action=\"crossclick\" data-gtm-custom-label=\"Contextuel\" data-gtm-event=\"customEventSPE\" data-fig-domain=\"LEFIGARO\" target=\"_blank\" rel=\"noopener\">l\u2019a annonc\u00e9 l\u2019ann\u00e9e derni\u00e8re le chef de l\u2019\u00c9tat<\/a>, peu apr\u00e8s la mort de l\u2019ancien ministre de la Justice de Fran\u00e7ois Mitterrand. Tout comme Marc Bloch, historien, r\u00e9sistant et auteur de L\u2019\u00e9trange d\u00e9faite, ouvrage de r\u00e9f\u00e9rence sur les racines de la d\u00e9b\u00e2cle de 1940, dont\u00a0<a href=\"http:\/\/www.lefigaro.fr\/flash-actu\/80-ans-de-la-liberation-de-strasbourg-emmanuel-macron-annonce-la-pantheonisation-de-l-historien-marc-bloch-20241123\" data-fig-type=\"NewsFlash\" data-gtm-custom-categorie=\"navigation\" data-gtm-custom-action=\"crossclick\" data-gtm-custom-label=\"Contextuel\" data-gtm-event=\"customEventSPE\" data-fig-domain=\"LEFIGARO\" target=\"_blank\" rel=\"noopener\">Emmanuel Macron a officialis\u00e9 en novembre dernier<\/a>\u00a0la panth\u00e9onisation.<\/p>\n<p class=\"fig-paragraph\">Et les dates sont d\u00e9sormais arr\u00eat\u00e9es, selon les informations recueillies par Le Figaro de sources concordantes. La c\u00e9r\u00e9monie en hommage\u2026<\/p>\n<p class=\"fig-premium-paywall__infos\">\n        Cet article est r\u00e9serv\u00e9 aux abonn\u00e9s.        Il vous reste 53% \u00e0 d\u00e9couvrir.\n    <\/p>\n<p>                <img  data- alt=\"Le Figaro\" class=\"fig-img--complete fig-img\"\/><\/p>\n<p class=\"fig-premium-paywall__title\">Vous avez envie de lire la suite ?<\/p>\n<p class=\"fig-premium-paywall__subtitle\">D\u00e9bloquez tous les articles imm\u00e9diatement.<\/p>\n<p class=\"fig-premium-paywall__connect\">\n                D\u00e9j\u00e0 abonn\u00e9\u00a0?                <a class=\"fig-premium-paywall__connect-link\" href=\"https:\/\/connect.lefigaro.fr\/login?client=horizon_web&amp;type=main&amp;redirect_uri=https%3A%2F%2Fwww.lefigaro.fr%2Fpolitique%2Femmanuel-macron-a-choisi-les-dates-des-pantheonisations-de-robert-badinter-et-marc-bloch-20250408\" data-js-gtm=\"{&quot;customCategorie&quot;: &quot;conversion&quot;, &quot;customAction&quot;: &quot;before_Landing_Connexion_paywall_manuel&quot;, &quot;customLabel&quot;: &quot;bGVmaWdhcm8uZnJfXzFmMDE0ODYzLTU2OTQtNmFlZS1hN2U4LWU5OGRhM2I1ZmUxOF9fTmV3c0ZsYXNo_Emmanuel Macron a choisi les dates des panth\u00e9onisations de Robert Badinter et Marc Bloch_133&quot;, &quot;customIDSPE&quot;: &quot;bGVmaWdhcm8uZnJfXzFmMDE0ODYzLTU2OTQtNmFlZS1hN2U4LWU5OGRhM2I1ZmUxOF9fTmV3c0ZsYXNo&quot;, &quot;event&quot;: &quot;customEventSPE&quot;}\" target=\"_blank\" rel=\"noopener\"><br \/>\n                    Connectez-vous<br \/>\n                <\/a>\n            <\/p>\n","protected":false},"excerpt":{"rendered":"INFO LE FIGARO &#8211; Le p\u00e8re de la loi ayant aboli la peine de mort et le r\u00e9sistant&hellip;\n","protected":false},"author":2,"featured_media":13411,"comment_status":"","ping_status":"","sticky":false,"template":"","format":"standard","meta":{"footnotes":""},"categories":[4],"tags":[11,426,427,422,423,1073,1011,27,418,424,425,420,421,12,419,316,429,25,428],"class_list":{"0":"post-13410","1":"post","2":"type-post","3":"status-publish","4":"format-standard","5":"has-post-thumbnail","7":"category-france","8":"tag-actualites","9":"tag-candidat","10":"tag-candidats","11":"tag-depute","12":"tag-deputes","13":"tag-emmanuel-macron","14":"tag-fr","15":"tag-france","16":"tag-gouvernement","17":"tag-institution","18":"tag-institutions","19":"tag-loi","20":"tag-lois","21":"tag-news","22":"tag-opposition","23":"tag-politique","24":"tag-ps","25":"tag-republique-francaise","26":"tag-ump"},"share_on_mastodon":{"url":"https:\/\/pubeurope.com\/@fr\/114309716027149260","error":""},"_links":{"self":[{"href":"https:\/\/www.europesays.com\/fr\/wp-json\/wp\/v2\/posts\/13410","targetHints":{"allow":["GET"]}}],"collection":[{"href":"https:\/\/www.europesays.com\/fr\/wp-json\/wp\/v2\/posts"}],"about":[{"href":"https:\/\/www.europesays.com\/fr\/wp-json\/wp\/v2\/types\/post"}],"author":[{"embeddable":true,"href":"https:\/\/www.europesays.com\/fr\/wp-json\/wp\/v2\/users\/2"}],"replies":[{"embeddable":true,"href":"https:\/\/www.europesays.com\/fr\/wp-json\/wp\/v2\/comments?post=13410"}],"version-history":[{"count":0,"href":"https:\/\/www.europesays.com\/fr\/wp-json\/wp\/v2\/posts\/13410\/revisions"}],"wp:featuredmedia":[{"embeddable":true,"href":"https:\/\/www.europesays.com\/fr\/wp-json\/wp\/v2\/media\/13411"}],"wp:attachment":[{"href":"https:\/\/www.europesays.com\/fr\/wp-json\/wp\/v2\/media?parent=13410"}],"wp:term":[{"taxonomy":"category","embeddable":true,"href":"https:\/\/www.europesays.com\/fr\/wp-json\/wp\/v2\/categories?post=13410"},{"taxonomy":"post_tag","embeddable":true,"href":"https:\/\/www.europesays.com\/fr\/wp-json\/wp\/v2\/tags?post=13410"}],"curies":[{"name":"wp","href":"https:\/\/api.w.org\/{rel}","templated":true}]}}