{"id":134104,"date":"2025-05-28T10:39:08","date_gmt":"2025-05-28T10:39:08","guid":{"rendered":"https:\/\/www.europesays.com\/fr\/134104\/"},"modified":"2025-05-28T10:39:08","modified_gmt":"2025-05-28T10:39:08","slug":"ou-voir-psg-inter-milan-une-boulangerie-sur-m6-et-le-plus-grand-action-linfo-a-midi-en-ile-de-france","status":"publish","type":"post","link":"https:\/\/www.europesays.com\/fr\/134104\/","title":{"rendered":"O\u00f9 voir PSG-Inter Milan, une boulangerie sur M6 et le plus grand Action\u2026 l\u2019info \u00e0 midi en \u00cele-de-France"},"content":{"rendered":"<p>            Par<br \/>\n        <strong><br \/>\n            <a href=\"https:\/\/actu.fr\/auteur\/audrey-gruaz\" title=\"Consulter tous les articles de Audrey Gruaz\" rel=\"nofollow noopener\" target=\"_blank\">Audrey Gruaz<\/a><br \/>\n        <\/strong><\/p>\n<p>        Publi\u00e9 le<\/p>\n<p>            28 mai 2025 \u00e0 12h04        <\/p>\n<p>Mercredi 28\u00a0mai 2025, \u00e0 quelques jours de la finale de la Ligue des Champions entre le PSG et l\u2019Inter Milan, plusieurs villes en <b>\u00cele-de-France<\/b> vont proposer une retransmission sur \u00e9crans g\u00e9ants, d\u00e9couvrez o\u00f9 vous pourrez voir le match.<\/p>\n<p class=\" wall-content\">En <b>Seine-et-Marne<\/b>, une boulangerie un peu particuli\u00e8re a \u00e9t\u00e9 choisie pour participer \u00e0 l\u2019\u00e9mission de M6 La Meilleure boulangerie de France.<\/p>\n<p class=\" wall-content\">Dans les <b>Yvelines<\/b>, le groupe Action a annonc\u00e9 l\u2019ouverture du plus magasin de la marque dans ce d\u00e9partement.<\/p>\n<p class=\" wall-content\">En <b>Essonne<\/b>, la ville de Saint-Ch\u00e9ron accueille une grande f\u00eate devenue un incontournable dans le territoire.<\/p>\n<p class=\" wall-content\">Dans le <b>Val-d\u2019Oise<\/b>, une route tr\u00e8s accidentog\u00e8ne a une nouvelle fois \u00e9t\u00e9 le lieu d\u2019un accident mortel.<\/p>\n<p class=\" wall-content\">Voici les principales informations du mercredi 28\u00a0mai 2025 en <b><a href=\"https:\/\/actu.fr\/ile-de-france\/\" rel=\"nofollow noopener\" target=\"_blank\">\u00cele-de-France<\/a>,<\/b> \u00e0 midi. Cliquez sur les liens si vous voulez en savoir plus sur les sujets qui font l\u2019actualit\u00e9 dans les d\u00e9partements de la r\u00e9gion francilienne.<\/p>\n<p>Vid\u00e9os : en ce moment sur ActuLes cinq infos \u00e0 retenir<\/p>\n<p class=\" wall-content\"><b>\u00cele-de-France.<\/b> <a href=\"https:\/\/actu.fr\/ile-de-france\/paris_75056\/finale-de-la-ligue-des-champions-ou-voir-le-match-psg-inter-milan-sur-grand-ecran-a-paris-et-sa-banlieue_62696808.html\" rel=\"nofollow noopener\" target=\"_blank\">Finale de la Ligue des Champions\u2009: o\u00f9 voir le match PSG-Inter Milan sur grand \u00e9cran \u00e0 Paris et sa banlieue<\/a><\/p>\n<p class=\" wall-content\">\u00c0 Paris, pas de fan zone officielle mais plusieurs bars diffuseront le match tandis qu\u2019en Seine-Saint-Denis, plusieurs villes ont annonc\u00e9 l\u2019installation d\u2019\u00e9crans g\u00e9ants.<\/p>\n<p class=\" wall-content\"><b>Seine-et-Marne.<\/b> <a href=\"https:\/\/actu.fr\/ile-de-france\/amillis_77002\/une-boulangerie-de-seine-et-marne-participe-a-lemission-la-meilleure-boulangerie-de-france_62695534.html\" rel=\"nofollow noopener\" target=\"_blank\">La boulangerie de ce village participe \u00e0 l\u2019\u00e9mission La Meilleure boulangerie de France<\/a><\/p>\n<p class=\" wall-content\">Situ\u00e9e \u00e0 Amillis, La Ferme de Baleine fera partie de l\u2019\u00e9mission de La meilleure boulangerie de France diffus\u00e9e sur M6.<\/p>\n<p class=\" wall-content\"><b>Yvelines. <\/b><a href=\"https:\/\/actu.fr\/ile-de-france\/orgeval_78466\/lun-des-plus-grands-action-de-la-region-va-ouvrir-dans-ce-coin-huppe-des-yvelines_62693483.html\" rel=\"nofollow noopener\" target=\"_blank\">\u00ab\u2009L\u2019un des plus grands Action de la r\u00e9gion\u2009\u00bb va ouvrir dans ce coin hupp\u00e9 des Yvelines<\/a><\/p>\n<p class=\" wall-content\">Le magasin Action \u00e0 Orgeval (Yvelines) ouvrira le 29\u00a0mai 2025 \u00e0 la place de l\u2019ancien F\u00eate et Sensation. Une bonne nouvelle pour les habitants et moins bonne pour les commer\u00e7ants.<\/p>\n<p class=\" wall-content\"><b>Essonne.<\/b> <a href=\"https:\/\/actu.fr\/ile-de-france\/saint-cheron_91540\/essonne-cette-incontournable-fete-est-de-retour-pour-cinq-jours-riches-en-animations_62687468.html\" rel=\"nofollow noopener\" target=\"_blank\">Cette incontournable f\u00eate est de retour pour cinq jours riches en animations<\/a><\/p>\n<p class=\" wall-content\">Du 28\u00a0mai au 1er\u00a0juin 2025, la commune de Saint-Ch\u00e9ron sera en f\u00eate avec la 53e \u00e9dition de la F\u00eate des 3 Vall\u00e9es. Spectacles, f\u00eate foraine, vide-greniers\u2009: d\u00e9couvrez le programme.<\/p>\n<p class=\" wall-content\"><b>Val-d\u2019Oise.<\/b> <a href=\"https:\/\/actu.fr\/ile-de-france\/chaumontel_95149\/val-d-oise-un-automobiliste-decede-dans-un-face-a-face-sur-la-departementale-mortelle_62697307.html\" rel=\"nofollow noopener\" target=\"_blank\">Un automobiliste d\u00e9c\u00e8de dans un face-\u00e0-face sur la d\u00e9partementale mortelle<\/a><\/p>\n<p class=\" wall-content\">Un homme de 30\u00a0ans est d\u00e9c\u00e9d\u00e9 \u00e0 la suite d\u2019un violent accident entre deux v\u00e9hicules sur la D316 \u00e0 hauteur de Chaumontel, mardi 27\u00a0mai 2025.<\/p>\n<p>Suivez-nous pour en savoir plus\u2009!<\/p>\n<p class=\" wall-content\">Vous voulez plus d\u2019infos sur l\u2019\u00cele-de-France\u2009? Vous pouvez nous retrouver sur\u00a0Actu\u00a0<b>\u00cele-de-France.<\/b><\/p>\n<p class=\" wall-content\">Pour nous suivre\u00a0<b>sur les r\u00e9seaux sociaux<\/b>, dans vos d\u00e9partements\u2009:<\/p>\n<p class=\" wall-content\"><b>Paris<\/b>\u2009: retrouvez\u00a0Actu\u00a0Paris\u00a0sur\u00a0<a href=\"https:\/\/www.facebook.com\/actufr.paris\/\" rel=\"nofollow noopener\" target=\"_blank\">Facebook<\/a>\u00a0et\u00a0<a href=\"https:\/\/twitter.com\/actufrparis\" rel=\"nofollow noopener\" target=\"_blank\">Twitter<\/a>\u2009<b>;<\/b><\/p>\n<p class=\" wall-content\"><b>Seine-et-Marne<\/b>\u2009: retrouvez\u00a0La R\u00e9publique de Seine-et-Marne (sud) sur\u00a0<a href=\"https:\/\/www.facebook.com\/RepubliqueSeineMarne\/\" rel=\"nofollow noopener\" target=\"_blank\">Facebook<\/a>\u00a0et\u00a0<a href=\"https:\/\/twitter.com\/LaRep77\" rel=\"nofollow noopener\" target=\"_blank\">Twitter<\/a>\u2009; La Marne (nord) sur\u00a0<a href=\"https:\/\/www.facebook.com\/journallarmarne\/?__tn__=%2Cd%2CP-R&amp;eid=ARDLZc91LaHbXzDwChLLLQJVMBLx_ABJremTC2-RG0CYvg0f4f8CLvbV5G1Lli4g_6QoXDcKkU1_LX1W\" rel=\"nofollow noopener\" target=\"_blank\">Facebook<\/a>\u00a0et\u00a0<a href=\"https:\/\/twitter.com\/JournalLaMarne\" rel=\"nofollow noopener\" target=\"_blank\">Twitter<\/a>\u2009; et\u00a0Le Pays Briard\u00a0sur\u00a0<a href=\"https:\/\/www.facebook.com\/LePaysBriard\/?ref=bookmarks\" rel=\"nofollow noopener\" target=\"_blank\">Facebook<\/a>\u00a0et\u00a0<a href=\"https:\/\/twitter.com\/78actu\" rel=\"nofollow noopener\" target=\"_blank\">Twitter<\/a>\u2009<b>;<\/b><\/p>\n<p class=\" wall-content\"><b>Yvelines<\/b>\u2009: retrouvez\u00a078Actu\u00a0sur\u00a0<a href=\"https:\/\/www.facebook.com\/78actu\/\" rel=\"nofollow noopener\" target=\"_blank\">Facebook<\/a>\u00a0et\u00a0<a href=\"https:\/\/twitter.com\/78actu\" rel=\"nofollow noopener\" target=\"_blank\">Twitter<\/a>\u2009<b>;<\/b><\/p>\n<p class=\" wall-content\"><b>Essonne<\/b>\u2009: retrouvez\u00a0Actu Essonne\u00a0sur\u00a0<a href=\"https:\/\/www.facebook.com\/actuessonne\/?ref=br_rs\" rel=\"nofollow noopener\" target=\"_blank\">Facebook<\/a>\u00a0et\u00a0<a href=\"https:\/\/twitter.com\/ActuEssonne\" rel=\"nofollow noopener\" target=\"_blank\">Twitter<\/a>\u2009<b>;<\/b><\/p>\n<p class=\" wall-content\"><b>Hauts-de-Seine<\/b>\u2009: retrouvez\u00a0Actu\u00a0Hauts-de-Seine\u00a0sur\u00a0<a href=\"https:\/\/www.facebook.com\/actufr.hautsdeseine\/\" rel=\"nofollow noopener\" target=\"_blank\">Facebook<\/a>\u00a0et\u00a0<a href=\"https:\/\/twitter.com\/actufr92\" rel=\"nofollow noopener\" target=\"_blank\">Twitter<\/a>\u2009;<\/p>\n<p class=\" wall-content\"><b>Seine-Saint-Denis<\/b>\u2009: retrouvez\u00a0Actu\u00a0Seine-Saint-Denis sur\u00a0<a href=\"https:\/\/www.facebook.com\/actufr.seinesaintdenis\/\" rel=\"nofollow noopener\" target=\"_blank\">Facebook<\/a>\u00a0et\u00a0<a href=\"https:\/\/twitter.com\/Actufr93\" rel=\"nofollow noopener\" target=\"_blank\">Twitter<\/a>\u2009<b>;<\/b><\/p>\n<p class=\" wall-content\"><b>Val-de-Marne<\/b>\u2009: retrouvez\u00a0Actu Val-de-Marne\u00a0sur\u00a0<a href=\"https:\/\/www.facebook.com\/actu94.valdemarne\/\" rel=\"nofollow noopener\" target=\"_blank\">Facebook<\/a>\u00a0et\u00a0<a href=\"https:\/\/twitter.com\/actufr94\" rel=\"nofollow noopener\" target=\"_blank\">Twitter<\/a>\u2009<b>;<\/b><\/p>\n<p class=\" wall-content\"><b>Val-d\u2019Oise<\/b>\u2009: retrouvez La Gazette du Val-d\u2019Oise sur\u00a0<a href=\"https:\/\/www.facebook.com\/lagazetteduvaldoise\/\" rel=\"nofollow noopener\" target=\"_blank\">Facebook<\/a>\u2009; L\u2019Echo, le r\u00e9gional sur\u00a0<a href=\"https:\/\/www.facebook.com\/echo.regional\" rel=\"nofollow noopener\" target=\"_blank\">Facebook<\/a>\u00a0et C\u00f4t\u00e9 Val-d\u2019Oise sur\u00a0<a href=\"https:\/\/www.facebook.com\/Cotevaldoise\" rel=\"nofollow noopener\" target=\"_blank\">Facebook<\/a>.<\/p>\n<p class=\" wall-content\">Suivez toute l\u2019actualit\u00e9 de vos villes et m\u00e9dias favoris en vous inscrivant \u00e0 <a href=\"https:\/\/moncompte.actu.fr\" title=\"D\u00e9couvez Mon Actu\" rel=\"nofollow noopener\" data-trk=\"{&quot;cta&quot;:{&quot;action&quot;:&quot;https:\\\/\\\/moncompte.actu.fr&quot;,&quot;category&quot;:&quot;mon compte&quot;,&quot;from&quot;:&quot;article footer&quot;,&quot;name&quot;:&quot;Mon actu&quot;,&quot;type&quot;:&quot;cta&quot;}}\" target=\"_blank\">Mon Actu<\/a>.<\/p>\n<ul class=\"ac-article-tag wall-content\">\n<li><a href=\"https:\/\/actu.fr\/tag\/paris-saint-germain-psg\" data-trk=\"{&quot;cta&quot;:{&quot;action&quot;:&quot;Paris Saint Germain (PSG)&quot;,&quot;category&quot;:&quot;tag&quot;,&quot;from&quot;:&quot;article footer&quot;,&quot;name&quot;:&quot;Paris Saint Germain (PSG)&quot;,&quot;type&quot;:&quot;cta&quot;}}\" rel=\"nofollow noopener\" target=\"_blank\">#Paris Saint Germain (PSG)<\/a><\/li>\n<\/ul>\n<p>                    <script async src=\"https:\/\/platform.twitter.com\/widgets.js\" charset=\"utf-8\"><\/script><\/p>\n","protected":false},"excerpt":{"rendered":"Par Audrey Gruaz Publi\u00e9 le 28 mai 2025 \u00e0 12h04 Mercredi 28\u00a0mai 2025, \u00e0 quelques jours de la&hellip;\n","protected":false},"author":2,"featured_media":134105,"comment_status":"","ping_status":"","sticky":false,"template":"","format":"standard","meta":{"footnotes":""},"categories":[1888],"tags":[1111,1928,11,1927,1777,674,1011,27,12,1926,626,1925,2332,25,104],"class_list":{"0":"post-134104","1":"post","2":"type-post","3":"status-publish","4":"format-standard","5":"has-post-thumbnail","7":"category-paris","8":"tag-actu","9":"tag-actu-paris","10":"tag-actualites","11":"tag-actualites-paris","12":"tag-eu","13":"tag-europe","14":"tag-fr","15":"tag-france","16":"tag-news","17":"tag-news-paris","18":"tag-paris","19":"tag-paris-news","20":"tag-paris-saint-germain-psg","21":"tag-republique-francaise","22":"tag-societe"},"share_on_mastodon":{"url":"https:\/\/pubeurope.com\/@fr\/114585033983177844","error":""},"_links":{"self":[{"href":"https:\/\/www.europesays.com\/fr\/wp-json\/wp\/v2\/posts\/134104","targetHints":{"allow":["GET"]}}],"collection":[{"href":"https:\/\/www.europesays.com\/fr\/wp-json\/wp\/v2\/posts"}],"about":[{"href":"https:\/\/www.europesays.com\/fr\/wp-json\/wp\/v2\/types\/post"}],"author":[{"embeddable":true,"href":"https:\/\/www.europesays.com\/fr\/wp-json\/wp\/v2\/users\/2"}],"replies":[{"embeddable":true,"href":"https:\/\/www.europesays.com\/fr\/wp-json\/wp\/v2\/comments?post=134104"}],"version-history":[{"count":0,"href":"https:\/\/www.europesays.com\/fr\/wp-json\/wp\/v2\/posts\/134104\/revisions"}],"wp:featuredmedia":[{"embeddable":true,"href":"https:\/\/www.europesays.com\/fr\/wp-json\/wp\/v2\/media\/134105"}],"wp:attachment":[{"href":"https:\/\/www.europesays.com\/fr\/wp-json\/wp\/v2\/media?parent=134104"}],"wp:term":[{"taxonomy":"category","embeddable":true,"href":"https:\/\/www.europesays.com\/fr\/wp-json\/wp\/v2\/categories?post=134104"},{"taxonomy":"post_tag","embeddable":true,"href":"https:\/\/www.europesays.com\/fr\/wp-json\/wp\/v2\/tags?post=134104"}],"curies":[{"name":"wp","href":"https:\/\/api.w.org\/{rel}","templated":true}]}}