{"id":134112,"date":"2025-05-28T10:43:18","date_gmt":"2025-05-28T10:43:18","guid":{"rendered":"https:\/\/www.europesays.com\/fr\/134112\/"},"modified":"2025-05-28T10:43:18","modified_gmt":"2025-05-28T10:43:18","slug":"zelensky-propose-une-rencontre-avec-trump-et-poutine-le-kremlin-temporise-et-exige-des-accords-concrets-avec-kiev","status":"publish","type":"post","link":"https:\/\/www.europesays.com\/fr\/134112\/","title":{"rendered":"Zelensky propose une rencontre avec Trump et Poutine, le Kremlin temporise et exige des \u201caccords concrets\u201d avec Kiev"},"content":{"rendered":"<p class=\"latino-300b text-grey-800\">\n<p>  Par\u00a0<br \/>\nLe Nouvel Obs avec AFP          <\/p>\n<p class=\"latino-300r text-grey-600\">\n      Publi\u00e9 le<\/p>\n<p>    28 mai 2025 \u00e0 12h39, mis \u00e0 jour le<\/p>\n<p>      28 mai 2025 \u00e0 12h40\n  <\/p>\n<p>      <img fetchpriority=\"high\" decoding=\"async\" class=\"mx-auto\" src=\"data:image\/svg+xml,%3Csvg%20xmlns%3D%27http%3A%2F%2Fwww.w3.org%2F2000%2Fsvg%27%20fill%3D%22%23e4e4e4%22%20viewBox%3D%270%200%20510%20340%27%20width%3D%22510%22%20height%3D%22340%22%3E%3Cpath%20d%3D%27M0%200h510v340H0z%27%2F%3E%3C%2Fsvg%3E\"  loading=\"eager\" width=\"510\" height=\"340\" data-oncrawl-image-size=\"510x340\" alt=\"Vladimir Poutine prononce un discours t\u00e9l\u00e9vis\u00e9, \u00e0 Moscou, le 21 f\u00e9vrier 2022.\"\/>      <\/p>\n<p class=\"latino-100m text-grey-600\">\n            Vladimir Poutine prononce un discours t\u00e9l\u00e9vis\u00e9, \u00e0 Moscou, le 21 f\u00e9vrier 2022.\u00a0ALEXEY NIKOLSKY \/ AFP        <\/p>\n<p>    Lire\u00a0plus\u00a0tard  <\/p>\n<p><a aria-label=\"Nous suivre sur Google News\" href=\"https:\/\/news.google.com\/publications\/CAAqBwgKMJe4nQkw3dFs?hl=fr&amp;gl=FR&amp;ceid=FR%3Afr\" target=\"_blank\" data-piano=\"Page_Article,Sous_date_publi,Nous_suivre_sur_google_news,1er_clic,action\" class=\"btn btn--small btn--secondary\" rel=\"noopener\"><\/p>\n<p>      Google Actualit\u00e9s<br \/>\n  <\/a><\/p>\n<p>  Partager<\/p>\n<p>        Facebook<\/p>\n<p>        Bluesky<\/p>\n<p>        E-mail<\/p>\n<p>        Copier le lien<\/p>\n<p>      Envoyer<\/p>\n<p>    Temps de lecture\u00a0:\u00a02\u00a0min.<\/p>\n<p class=\"node__paragraphe antonia-750r text-grey-800 pb-24 pb-md-30\">\nJouer la montre, encore et encore. Une rencontre entre les pr\u00e9sidents Vladimir Poutine, Donald Trump et Volodymyr Zelensky, propos\u00e9e par ce dernier, ne serait possible qu\u2019apr\u00e8s des \u00ab\u00a0accords concrets\u00a0\u00bb entre la Russie et l\u2019Ukraine, a pr\u00e9venu le Kremlin ce mercredi 28\u00a0mai.<\/p>\n<p class=\"latino-500b text-grey-600 pb-16\">A lire aussi<\/p>\n<p><a href=\"https:\/\/www.nouvelobs.com\/monde\/20250409.OBS102519\/les-pilotes-de-drones-voient-tres-bien-la-personne-qu-ils-vont-tuer-jusqu-au-dernier-moment.html\" data-article-key=\"20250409.OBS102519\" class=\"link--box flex-grow-1\" data-piano=\"Page_Article,Lire_aussi,,Lien1,navigation\" target=\"_blank\" rel=\"noopener\"><\/p>\n<p>                <img decoding=\"async\" src=\"data:image\/svg+xml,%3Csvg%20xmlns%3D%27http%3A%2F%2Fwww.w3.org%2F2000%2Fsvg%27%20fill%3D%22%23e4e4e4%22%20viewBox%3D%270%200%20120%2080%27%20width%3D%22120%22%20height%3D%2280%22%3E%3Cpath%20d%3D%27M0%200h120v80H0z%27%2F%3E%3C%2Fsvg%3E\"  width=\"120\" height=\"79\" loading=\"lazy\" alt=\"Photo fournie par le service de presse de la 93e brigade m\u00e9canis\u00e9e de l\u2019arm\u00e9e ukrainienne montrant la pr\u00e9paration d\u2019un drone FPV, dans la r\u00e9gion de Donetsk, le 22\u00a0mars 2025.\"\/><\/p>\n<p class=\"latino-300r latino-lg-600m text-grey-800\">\n                      <strong class=\"latino-300b latino-lg-600m text-grey-500\">S\u00e9rie\u00a0<\/strong><br \/>\n                    \u00ab\u00a0Les pilotes de drones voient tr\u00e8s bien la personne qu\u2019ils vont tuer, jusqu\u2019au dernier moment\u00a0\u00bb        <\/p>\n<p><\/a><\/p>\n<p>    Lire\u00a0plus\u00a0tard  <\/p>\n<p class=\"node__paragraphe antonia-750r text-grey-800 pb-24 pb-md-30\">\n\u00ab\u00a0Une telle rencontre doit \u00eatre le r\u00e9sultat d\u2019accords concrets entre les deux d\u00e9l\u00e9gations\u00a0\u00bb russe et ukrainienne, a dit le porte-parole du Kremlin, Dmitri Peskov, lors de son briefing quotidien auquel participait l\u2019AFP.<\/p>\n<p class=\"node__paragraphe antonia-750r text-grey-800 pb-24 pb-md-30\">\nVolodymyr Zelensky avait propos\u00e9 une rencontre trilat\u00e9rale avec les pr\u00e9sidents am\u00e9ricain Donald Trump et russe Vladimir Poutine pour faire avancer <a href=\"https:\/\/www.nouvelobs.com\/monde\/20250516.OBS103980\/les-pourparlers-entre-la-russie-et-l-ukraine-n-ont-pas-abouti-a-un-cessez-le-feu-comme-l-esperait-zelensky.html\" target=\"_blank\" rel=\"noopener\">les discussions de paix<\/a> apr\u00e8s plus de trois ans d\u2019invasion russe de l\u2019Ukraine. \u00ab\u00a0Nous sommes pr\u00eats au format Trump-Poutine-moi\u00a0\u00bb, a-t-il lanc\u00e9 mardi lors d\u2019une conf\u00e9rence de presse sous embargo jusqu\u2019\u00e0 ce mercredi matin. \u00ab\u00a0Si Poutine n\u2019est pas \u00e0 l\u2019aise avec une r\u00e9union bilat\u00e9rale, ou si tout le monde souhaite une r\u00e9union trilat\u00e9rale, cela ne me d\u00e9range pas. Je suis pr\u00eat \u00e0 tout format\u00a0\u00bb, a-t-il ajout\u00e9.<\/p>\n<p>\u00ab\u00a0Poutine joue avec le feu\u00a0!\u00a0\u00bb<\/p>\n<p class=\"node__paragraphe antonia-750r text-grey-800 pb-24 pb-md-30\">\nVolodymyr Zelensky est arriv\u00e9 \u00e0 Berlin ce mercredi pour rencontrer le nouveau chancelier <a href=\"https:\/\/www.nouvelobs.com\/monde\/20250224.OBS100695\/qui-est-friedrich-merz-grand-gagnant-des-elections-allemandes.html\" target=\"_blank\" rel=\"noopener\">Friedrich Merz<\/a>, un de ses plus fervents soutiens, au moment o\u00f9 Washington durcit le ton face \u00e0 la poursuite des bombardements russes de l\u2019Ukraine. Les deux dirigeants doivent donner une conf\u00e9rence de presse vers 13h30.<\/p>\n<p class=\"node__paragraphe antonia-750r text-grey-800 pb-24 pb-md-30\">\nLe pr\u00e9sident am\u00e9ricain a exprim\u00e9 sa frustration envers Vladimir Poutine et Volodymyr Zelensky, qu\u2019il juge trop lents \u00e0 trouver un accord pour mettre fin aux combats. Apr\u00e8s avoir d\u00e9j\u00e0 estim\u00e9 dimanche que Vladimir Poutine \u00e9tait \u00ab\u00a0devenu compl\u00e8tement fou\u00a0\u00bb, Donald Trump <a href=\"https:\/\/www.nouvelobs.com\/monde\/20250526.OBS104292\/attaques-meurtrieres-en-ukraine-trump-estime-que-poutine-est-devenu-completement-fou.html\" target=\"_blank\" rel=\"noopener\">s\u2019est \u00e0 nouveau agac\u00e9<\/a> mardi. \u00ab\u00a0Ce que Vladimir Poutine ne r\u00e9alise pas c\u2019est que sans moi, la Russie subirait beaucoup de tr\u00e8s mauvaises choses, et je veux dire, TRES MAUVAISES. Il joue avec le feu\u00a0!\u00a0\u00bb, a-t-il \u00e9crit sur son r\u00e9seau Truth Social.<\/p>\n<p class=\"latino-500b text-grey-600 pb-16\">A lire aussi<\/p>\n<p><a href=\"https:\/\/www.nouvelobs.com\/monde\/20250528.OBS104359\/guerre-en-ukraine-les-drones-c-est-devenu-l-arme-populaire-a-l-image-du-cocktail-molotov.html\" data-article-key=\"20250528.OBS104359\" class=\"link--box flex-grow-1\" data-piano=\"Page_Article,Lire_aussi,,Lien2,navigation\" target=\"_blank\" rel=\"noopener\"><\/p>\n<p>                <img decoding=\"async\" src=\"data:image\/svg+xml,%3Csvg%20xmlns%3D%27http%3A%2F%2Fwww.w3.org%2F2000%2Fsvg%27%20fill%3D%22%23e4e4e4%22%20viewBox%3D%270%200%20120%2080%27%20width%3D%22120%22%20height%3D%2280%22%3E%3Cpath%20d%3D%27M0%200h120v80H0z%27%2F%3E%3C%2Fsvg%3E\"  width=\"120\" height=\"80\" loading=\"lazy\" alt=\"Le pr\u00e9sident ukrainien, Volodymyr Zelensky, et le pr\u00e9sident russe, Vladimir Poutine.\"\/><\/p>\n<p class=\"latino-300r latino-lg-600m text-grey-800\">\n                      <strong class=\"latino-300b latino-lg-600m text-grey-500\">D\u00e9cryptage\u00a0<\/strong><br \/>\n                    Guerre en Ukraine\u00a0: \u00ab\u00a0Les drones, c\u2019est devenu l\u2019arme populaire, \u00e0 l\u2019image du cocktail Molotov\u00a0\u00bb        <\/p>\n<p><\/a><\/p>\n<p>    Lire\u00a0plus\u00a0tard  <\/p>\n<p class=\"node__paragraphe antonia-750r text-grey-800 pb-24 pb-md-30\">\n<a href=\"https:\/\/www.nouvelobs.com\/monde\/20250328.OBS102078\/j-ai-l-impression-que-cette-guerre-durera-toute-ma-vie-a-kiev-l-inhumaine-routine-des-bombardements.html\" target=\"_blank\" rel=\"noopener\">Pire conflit arm\u00e9 en Europe<\/a> depuis la Seconde Guerre mondiale, l\u2019invasion russe de l\u2019Ukraine a d\u00e9but\u00e9 en f\u00e9vrier\u00a02022 et d\u00e9j\u00e0 fait au total des dizaines, voire des centaines de milliers de morts. La Russie, qui occupe environ 20\u00a0% du territoire ukrainien, a subi dans la nuit de mardi \u00e0 ce mercredi une des plus importantes attaques a\u00e9riennes depuis le d\u00e9but de la guerre, impliquant <a href=\"https:\/\/www.nouvelobs.com\/monde\/20250528.OBS104365\/pres-de-300-drones-ukrainiens-interceptes-par-la-russie-dans-la-nuit.html\" target=\"_blank\" rel=\"noopener\">pr\u00e8s de 300 drones ukrainiens<\/a>.<\/p>\n<p class=\"node__paragraphe antonia-750r text-grey-800 pb-24 pb-md-30\">\nCette attaque a notamment vis\u00e9 Moscou et perturb\u00e9 le trafic de plusieurs a\u00e9roports, sans cependant causer de d\u00e9g\u00e2ts majeurs. Elle est survenue apr\u00e8s <a href=\"https:\/\/www.nouvelobs.com\/monde\/20250525.OBS104262\/nouvelle-attaque-massive-sur-l-ukraine-au-moins-12-morts-avant-un-dernier-echange-de-prisonniers.html\" target=\"_blank\" rel=\"noopener\">des bombardements russes sans pr\u00e9c\u00e9dent<\/a> de l\u2019Ukraine, qui ont fait au moins 13 morts pendant le week-end. Le minist\u00e8re russe de la D\u00e9fense a annonc\u00e9 sur Telegram que sa d\u00e9fense antia\u00e9rienne avait \u00ab\u00a0d\u00e9truit et intercept\u00e9 296 drones ukrainiens\u00a0\u00bb entre 20\u00a0heures mardi et 6\u00a0heures ce mercredi.<\/p>\n<p class=\"node__paragraphe antonia-750r text-grey-800 pb-24 pb-md-30\">\nLe pr\u00e9sident ukrainien a par ailleurs exhort\u00e9 Washington \u00e0 imposer de nouvelles sanctions contre la Russie, qui a rejet\u00e9 jusqu\u2019\u00e0 pr\u00e9sent l\u2019id\u00e9e d\u2019un cessez-le-feu de 30 jours propos\u00e9e par les Etats-Unis et soutenue par Kiev. \u00ab\u00a0Nous attendons des sanctions des Etats-Unis\u00a0\u00bb, surtout contre \u00ab\u00a0le secteur \u00e9nerg\u00e9tique et le syst\u00e8me bancaire\u00a0\u00bb russes, a d\u00e9clar\u00e9 Volodymyr Zelensky. Selon des m\u00e9dias am\u00e9ricains, Donald Trump pourrait en annoncer de nouvelles d\u00e8s cette semaine.<\/p>\n<p class=\"latino-600m text-grey-800\">\n<p>  Par\u00a0<br \/>\nLe Nouvel Obs avec AFP    <\/p>\n","protected":false},"excerpt":{"rendered":"Par\u00a0 Le Nouvel Obs avec AFP Publi\u00e9 le 28 mai 2025 \u00e0 12h39, mis \u00e0 jour le 28&hellip;\n","protected":false},"author":2,"featured_media":134113,"comment_status":"","ping_status":"","sticky":false,"template":"","format":"standard","meta":{"footnotes":""},"categories":[1591],"tags":[17,11,1887,1146,131,74,12,2405,6088,5486,1885,1886,132,467,220,6746],"class_list":{"0":"post-134112","1":"post","2":"type-post","3":"status-publish","4":"format-standard","5":"has-post-thumbnail","7":"category-russie","8":"tag-17","9":"tag-actualites","10":"tag-federation-de-russie","11":"tag-guerre","12":"tag-guerre-en-ukraine","13":"tag-monde","14":"tag-news","15":"tag-poutine","16":"tag-propose","17":"tag-rencontre","18":"tag-russia","19":"tag-russian-federation","20":"tag-russie","21":"tag-trump","22":"tag-ukraine","23":"tag-zelensky"},"share_on_mastodon":{"url":"https:\/\/pubeurope.com\/@fr\/114585049765350602","error":""},"_links":{"self":[{"href":"https:\/\/www.europesays.com\/fr\/wp-json\/wp\/v2\/posts\/134112","targetHints":{"allow":["GET"]}}],"collection":[{"href":"https:\/\/www.europesays.com\/fr\/wp-json\/wp\/v2\/posts"}],"about":[{"href":"https:\/\/www.europesays.com\/fr\/wp-json\/wp\/v2\/types\/post"}],"author":[{"embeddable":true,"href":"https:\/\/www.europesays.com\/fr\/wp-json\/wp\/v2\/users\/2"}],"replies":[{"embeddable":true,"href":"https:\/\/www.europesays.com\/fr\/wp-json\/wp\/v2\/comments?post=134112"}],"version-history":[{"count":0,"href":"https:\/\/www.europesays.com\/fr\/wp-json\/wp\/v2\/posts\/134112\/revisions"}],"wp:featuredmedia":[{"embeddable":true,"href":"https:\/\/www.europesays.com\/fr\/wp-json\/wp\/v2\/media\/134113"}],"wp:attachment":[{"href":"https:\/\/www.europesays.com\/fr\/wp-json\/wp\/v2\/media?parent=134112"}],"wp:term":[{"taxonomy":"category","embeddable":true,"href":"https:\/\/www.europesays.com\/fr\/wp-json\/wp\/v2\/categories?post=134112"},{"taxonomy":"post_tag","embeddable":true,"href":"https:\/\/www.europesays.com\/fr\/wp-json\/wp\/v2\/tags?post=134112"}],"curies":[{"name":"wp","href":"https:\/\/api.w.org\/{rel}","templated":true}]}}