{"id":13412,"date":"2025-04-09T19:43:12","date_gmt":"2025-04-09T19:43:12","guid":{"rendered":"https:\/\/www.europesays.com\/fr\/13412\/"},"modified":"2025-04-09T19:43:12","modified_gmt":"2025-04-09T19:43:12","slug":"elisabeth-borne-clarifie-ses-propos-sur-les-eleves-qui-doivent-se-preparer-tres-jeunes-presque-depuis-la-maternelle-liberation","status":"publish","type":"post","link":"https:\/\/www.europesays.com\/fr\/13412\/","title":{"rendered":"Elisabeth Borne clarifie ses propos sur les \u00e9l\u00e8ves qui doivent \u00abse pr\u00e9parer tr\u00e8s jeunes, presque depuis la maternelle\u00bb \u2013 Lib\u00e9ration"},"content":{"rendered":"<p class=\"sc-cPiKLX AiZTS text-element\">Pr\u00e9parer son parcours depuis le berceau ou presque. La ministre de l\u2019Education nationale, de l\u2019Enseignement sup\u00e9rieur et de la Recherche, Elisabeth Borne, \u00e9tait sur le plateau de <a href=\"https:\/\/lcp.fr\/programmes\/lcp-lundi-c-est-politique\/elisabeth-borne-357006\" target=\"_blank\" rel=\"noopener\">LCP<\/a> lundi 7 avril pour s\u2019exprimer sur une future r\u00e9forme de l\u2019Education nationale. La ministre d\u2019Etat \u00e9tait invit\u00e9e \u00e0 r\u00e9agir aux propos du Premier ministre sur <a href=\"https:\/\/www.liberation.fr\/societe\/education\/dans-les-rubriques-extrascolaires-il-faut-en-faire-des-caisses-sur-parcoursup-la-course-au-cv-xxl-20250312_ZOCSO47ZIBE2LNOCPS5MCRJRJU\/\" target=\"_blank\" rel=\"noopener\">Parcoursup<\/a>. Mardi dernier, Fran\u00e7ois Bayrou avait de nouveau partag\u00e9 <a href=\"https:\/\/www.liberation.fr\/societe\/education\/parcoursup-chahutee-par-francois-bayrou-la-plateforme-ouvre-sa-phase-de-voeux-ce-mercredi-20250115_VX4GVIPK5VEZRIXMXTJICHWSJ4\/\" target=\"_blank\" rel=\"noopener\">son scepticisme \u00e0 l\u2019\u00e9gard de la plateforme d\u2019acc\u00e8s \u00e0 l\u2019enseignement sup\u00e9rieur<\/a>, affirmant \u00eatre \u00abtr\u00e8s interrogatif\u00bb, notamment concernant \u00abl\u2019orientation pr\u00e9coce\u00bb qu\u2019elle impose, qu\u2019il consid\u00e8re \u00eatre \u00abla plupart du temps une orientation sociale\u00bb.<\/p>\n<p class=\"sc-cPiKLX AiZTS text-element\">Une position qui n\u2019a pas sembl\u00e9 \u00eatre du go\u00fbt d\u2019Elisabeth Borne. La ministre, qui d\u00e9fend le principe d\u2019une plateforme, plaide plut\u00f4t pour \u00abune am\u00e9lioration\u00bb de cette derni\u00e8re. Selon elle, l\u2019orientation professionnelle des \u00e9l\u00e8ves ne doit pas survenir \u00abquand on remplit ses choix Parcoursup\u00bb. \u00abIl faut se pr\u00e9parer tr\u00e8s jeunes, presque depuis la maternelle, \u00e0 r\u00e9fl\u00e9chir \u00e0 la fa\u00e7on dont [les \u00e9l\u00e8ves] se projettent dans une formation et un m\u00e9tier\u00bb, avance Elisabeth Borne.<\/p>\n<p class=\"sc-cPiKLX AiZTS text-element\">Le lendemain, mardi 8 avril, la ministre et son entourage ont d\u00e9menti vouloir orienter les \u00e9l\u00e8ves d\u00e8s la maternelle : \u00abNon ! On ne va pas orienter les \u00e9l\u00e8ves d\u00e8s la maternelle\u00bb, a affirm\u00e9 Elisabeth Borne sur X. Dans sa publication, la ministre a jug\u00e9 qu\u2019il fallait veiller surtout \u00e0 ne pas conditionner les choix d\u2019orientation des \u00e9l\u00e8ves, notamment entre filles et gar\u00e7ons. \u00abSon point revient \u00e0 dire que c\u2019est d\u00e8s le plus jeune \u00e2ge qu\u2019on doit veiller \u00e0 ce qu\u2019on ne conditionne pas le choix des \u00e9l\u00e8ves, et qu\u2019on aide chaque \u00e9l\u00e8ve \u00e0 d\u00e9couvrir ses capacit\u00e9s, \u00e0 d\u00e9velopper sa confiance en soi et son go\u00fbt d\u2019apprendre. C\u2019est plut\u00f4t de dire que l\u2019accompagnement d\u00e8s le plus jeune \u00e2ge permet, par la suite, d\u2019avoir une orientation plus \u00e9clair\u00e9e\u00bb, a de son c\u00f4t\u00e9 argument\u00e9 son entourage.<\/p>\n<p class=\"sc-cPiKLX AiZTS text-element\">Mardi dernier, Fran\u00e7ois Bayrou avait regrett\u00e9 une \u00e9ducation \u00e0 deux vitesses avec des \u00abparents qui connaissent la carte [des formations], les codes et les d\u00e9bouch\u00e9s possibles des formations, parce qu\u2019ils savent \u00e0 l\u2019avance [\u2026] que leurs enfants peuvent faire des choix. Mais qui en seconde et m\u00eame en premi\u00e8re et en terminale, peut dire qu\u2019il est certain de ce qu\u2019il veut faire plus tard ?\u00bb avait-il lanc\u00e9. Le Premier ministre avait \u00e9galement critiqu\u00e9 un manque \u00abde deuxi\u00e8me ou de troisi\u00e8me chance, de chances suppl\u00e9mentaires pour ceux qui sont m\u00fbrs plus tard que les autres, ou de ceux qui manquent une marche dans leur parcours scolaire ou professionnel\u00bb \u00e0 cause de l\u2019organisation actuelle.<\/p>\n<p class=\"sc-cPiKLX AiZTS text-element\">Elisabeth Borne a \u00e9galement r\u00e9agi \u00e0 ces propos <a href=\"https:\/\/www.liberation.fr\/societe\/education\/parcoursup-85-000-candidats-nont-pas-recu-de-proposition-dans-le-superieur-20240713_VN67PO22MBD7RIMYTALUGCBJHA\/\" target=\"_blank\" rel=\"noopener\">sur le manque de deuxi\u00e8me chance, <\/a>assurant qu\u2019il \u00abfallait r\u00e9fl\u00e9chir \u00e0 la fa\u00e7on dont on facilite les r\u00e9orientations\u00bb. Interrog\u00e9e sur le possible remplacement de Parcoursup, l\u2019ancienne Premi\u00e8re ministre n\u2019a n\u00e9anmoins pas totalement ferm\u00e9 la porte, estimant qu\u2019il y avait seulement besoin d\u2019un \u00aboutil qui nous permet de recueillir les souhaits des jeunes\u00bb.<\/p>\n<p class=\"sc-cPiKLX AiZTS text-element\"><b>Mise \u00e0 jour : <\/b>mercredi 11 h 10, ajout des d\u00e9clarations de la ministre et de son entourage \u00e0 la suite de son passage sur LCP.<\/p>\n","protected":false},"excerpt":{"rendered":"Pr\u00e9parer son parcours depuis le berceau ou presque. La ministre de l\u2019Education nationale, de l\u2019Enseignement sup\u00e9rieur et de&hellip;\n","protected":false},"author":2,"featured_media":13413,"comment_status":"","ping_status":"","sticky":false,"template":"","format":"standard","meta":{"footnotes":""},"categories":[2],"tags":[11,1122,5757,1011,27,12,6015],"class_list":{"0":"post-13412","1":"post","2":"type-post","3":"status-publish","4":"format-standard","5":"has-post-thumbnail","7":"category-actualites","8":"tag-actualites","9":"tag-ecole","10":"tag-elisabeth-borne","11":"tag-fr","12":"tag-france","13":"tag-news","14":"tag-parcoursup"},"share_on_mastodon":{"url":"https:\/\/pubeurope.com\/@fr\/114309720195810250","error":""},"_links":{"self":[{"href":"https:\/\/www.europesays.com\/fr\/wp-json\/wp\/v2\/posts\/13412","targetHints":{"allow":["GET"]}}],"collection":[{"href":"https:\/\/www.europesays.com\/fr\/wp-json\/wp\/v2\/posts"}],"about":[{"href":"https:\/\/www.europesays.com\/fr\/wp-json\/wp\/v2\/types\/post"}],"author":[{"embeddable":true,"href":"https:\/\/www.europesays.com\/fr\/wp-json\/wp\/v2\/users\/2"}],"replies":[{"embeddable":true,"href":"https:\/\/www.europesays.com\/fr\/wp-json\/wp\/v2\/comments?post=13412"}],"version-history":[{"count":0,"href":"https:\/\/www.europesays.com\/fr\/wp-json\/wp\/v2\/posts\/13412\/revisions"}],"wp:featuredmedia":[{"embeddable":true,"href":"https:\/\/www.europesays.com\/fr\/wp-json\/wp\/v2\/media\/13413"}],"wp:attachment":[{"href":"https:\/\/www.europesays.com\/fr\/wp-json\/wp\/v2\/media?parent=13412"}],"wp:term":[{"taxonomy":"category","embeddable":true,"href":"https:\/\/www.europesays.com\/fr\/wp-json\/wp\/v2\/categories?post=13412"},{"taxonomy":"post_tag","embeddable":true,"href":"https:\/\/www.europesays.com\/fr\/wp-json\/wp\/v2\/tags?post=13412"}],"curies":[{"name":"wp","href":"https:\/\/api.w.org\/{rel}","templated":true}]}}