{"id":134123,"date":"2025-05-28T10:49:11","date_gmt":"2025-05-28T10:49:11","guid":{"rendered":"https:\/\/www.europesays.com\/fr\/134123\/"},"modified":"2025-05-28T10:49:11","modified_gmt":"2025-05-28T10:49:11","slug":"chuv-il-y-a-eu-denormes-progres-face-a-la-sclerose-en-plaques","status":"publish","type":"post","link":"https:\/\/www.europesays.com\/fr\/134123\/","title":{"rendered":"CHUV: \u00abIl y a eu d\u2019\u00e9normes progr\u00e8s face \u00e0 la scl\u00e9rose en plaques\u00bb"},"content":{"rendered":"<p>AboTraitements m\u00e9dicaux \u2013 <\/p>\n<p>\u00abIl y a eu d\u2019\u00e9normes progr\u00e8s face \u00e0 la scl\u00e9rose en plaques\u00bb<\/p>\n<p class=\"ContentHead_lead____SsS link_regular__O0hk0 link_externalicon-big__ZdPgo link_externalicon__qcwXs\">Diagnostic plus pr\u00e9coce, traitements plus efficaces\u2026 La maladie auto-immune est aujourd\u2019hui mieux comprise. Mais sera-t-elle vaincue?<\/p>\n<p><img loading=\"lazy\" decoding=\"async\" src=\"https:\/\/www.europesays.com\/fr\/wp-content\/uploads\/2025\/05\/71T1BI7_an-9jADTcnSG4t.jpg\"  width=\"100\" height=\"100\"  alt=\"Romaric Haddou\" class=\"AuthorImage_root__WCxj_ ContentMetaInfo_authorimage__Mp4LD AuthorImage_-content-head__3qDob\" style=\"background-color:#686868\"\/>Publi\u00e9 aujourd\u2019hui \u00e0 10h35<img decoding=\"async\" src=\"https:\/\/www.europesays.com\/fr\/wp-content\/uploads\/2025\/05\/7uzMx8I_qWkAsz8nmd68l9.jpg\" alt=\"Des radiologistes examinent une IRM c\u00e9r\u00e9brale num\u00e9rique pour l\u2019oncologie dans une clinique.\" title=\"Des radiologistes examinent une IRM c\u00e9r\u00e9brale num\u00e9rique pour l\u2019oncologie dans une clinique.\" class=\"ResponsiveImage_root__ZDz10 responsive-image\" loading=\"eager\" style=\"background-color:#B4968F\"\/><\/p>\n<p>La scl\u00e9rose en plaques peut aujourd\u2019hui \u00eatre diagnostiqu\u00e9e sur la base d\u2019une IRM c\u00e9r\u00e9brale.<\/p>\n<p>Getty Images<\/p>\n<p>Abonnez-vous d\u00e8s maintenant et profitez de la fonction de lecture audio.<a href=\"https:\/\/bottalk.io\/\" class=\"BottalkPaywall_bottalklink__KDtuf\" target=\"_blank\" rel=\"noreferrer nofollow noopener\">BotTalk<\/a><strong class=\"SummaryList_title__8uifR\">En bref:<\/strong><\/p>\n<ul class=\"SummaryList_list__pEa7M\">\n<li>La scl\u00e9rose en plaques est une maladie neurologique inflammatoire d\u2019origine auto-immune.<\/li>\n<li>La compr\u00e9hension de la maladie s\u2019am\u00e9liore, sa prise en charge aussi.<\/li>\n<li>Un diagnostic pr\u00e9coce permet d\u2019agir sur l\u2019inflammation initiale et de r\u00e9duire la progression de la maladie.<\/li>\n<li>Le CHUV mise aussi sur l\u2019\u00e9ducation th\u00e9rapeutique.<\/li>\n<\/ul>\n<p class=\"ArticleParagraph_root__lhFZo ArticleContainer_content-width__FRl7F link_focus__0ZMwx link_externalicon-big__ZdPgo link_externalicon__qcwXs ArticleElement_article-element__q93eL\">La lutte contre la <a class=\"HtmlText_root__A1OSq\" href=\"https:\/\/www.24heures.ch\/trackers-dactivite-allies-contre-la-sclerose-en-plaques-979211873167\" rel=\"nofollow noopener\" target=\"_blank\">scl\u00e9rose en plaques<\/a> (SEP) a connu des avanc\u00e9es significatives ces derni\u00e8res ann\u00e9es. Le diagnostic a \u00e9t\u00e9 affin\u00e9, des traitements ont \u00e9t\u00e9 d\u00e9velopp\u00e9s et l\u2019accompagnement des patients est meilleur. Au point d\u2019esp\u00e9rer, bient\u00f4t, une solution pr\u00e9ventive? R\u00e9ponses de la Pre Caroline Pot, m\u00e9decin adjointe au Service de neurologie du CHUV, dans le cadre de la Journ\u00e9e mondiale de la SEP.<\/p>\n<p><img decoding=\"async\" src=\"https:\/\/www.europesays.com\/fr\/wp-content\/uploads\/2025\/05\/1T6Is0d8aHE86cm8CaRz43.jpg\" alt=\"Femme souriante v\u00eatue d\u2019une blouse blanche, fond gris neutre.\" title=\"Femme souriante v\u00eatue d\u2019une blouse blanche, fond gris neutre.\" class=\"ResponsiveImage_root__ZDz10 responsive-image\" loading=\"eager\" style=\"background-color:#937966\"\/><\/p>\n<p>Caroline Pot est m\u00e9decin adjointe au Service de neurologie du CHUV.<\/p>\n<p>CHUV<\/p>\n<p class=\"InterviewSegment_interviewquestion__rTtth\">Rappelez-nous ce qu\u2019est que la scl\u00e9rose en plaques.<\/p>\n<p class=\"InterviewSegment_interviewanswer__PjyL_\">Une maladie neurologique inflammatoire d\u2019origine auto-immune. Elle provient d\u2019un dysfonctionnement du syst\u00e8me immunitaire qui va s\u2019attaquer aux structures du syst\u00e8me nerveux central. Dans un premier temps, la gaine qui entoure et prot\u00e8ge les fibres nerveuses va \u00eatre d\u00e9grad\u00e9e. Ensuite, un processus de d\u00e9composition va endommager ces fibres, ce qui va perturber la transmission des signaux nerveux. La SEP commence g\u00e9n\u00e9ralement entre 20 et 40\u00a0ans et est multifactorielle: pr\u00e9disposition g\u00e9n\u00e9tique, infection au virus Epstein-Barr (virus de la mononucl\u00e9ose), exposition au tabac, manque de vitamine D et possiblement une modification de la composition de la flore intestinale.<\/p>\n<p class=\"InterviewSegment_interviewquestion__rTtth\">Comment la prise en charge a-t-elle progress\u00e9?<\/p>\n<p class=\"InterviewSegment_interviewanswer__PjyL_\">La compr\u00e9hension de la maladie est meilleure et cela influence diff\u00e9rentes \u00e9tapes de la prise en charge m\u00e9dicale. Le diagnostic, tout d\u2019abord, pour lequel les crit\u00e8res ont \u00e9t\u00e9 affin\u00e9s. Aujourd\u2019hui, il est possible d\u2019identifier la SEP plus t\u00f4t sur la base d\u2019une IRM c\u00e9r\u00e9brale. Ce diagnostic pr\u00e9coce permet d\u2019agir sur l\u2019inflammation initiale et de r\u00e9duire la progression de la maladie ainsi que l\u2019apparition de nouveaux sympt\u00f4mes. Sur ce volet, nous avons fait d\u2019\u00e9normes progr\u00e8s ces dix derni\u00e8res ann\u00e9es. Par contre, nous avons encore des difficult\u00e9s lorsque la progression a d\u00e9marr\u00e9. De nouveaux traitements sont toutefois en train d\u2019arriver.<\/p>\n<p class=\"InterviewSegment_interviewquestion__rTtth\">L\u2019apparition et le d\u00e9veloppement de la maladie sont mieux ma\u00eetris\u00e9s. Mais pourrait-on l\u2019\u00e9viter?<\/p>\n<p class=\"InterviewSegment_interviewanswer__PjyL_\">C\u2019est encore trop t\u00f4t pour l\u2019affirmer mais il y a des pistes de recherche prometteuses, notamment un vaccin contre le virus Epstein-Barr. Les mesures de pr\u00e9vention peuvent aussi jouer un r\u00f4le, en r\u00e9duisant l\u2019exposition au tabac, en substituant les carences en vitamine D et en soignant l\u2019hygi\u00e8ne de vie.<\/p>\n<p class=\"InterviewSegment_interviewquestion__rTtth\">Le CHUV mise aussi sur l\u2019\u00e9ducation th\u00e9rapeutique. Pourquoi?<\/p>\n<p class=\"InterviewSegment_interviewanswer__PjyL_\">Une <a href=\"https:\/\/www.chuv.ch\/fr\/chuv-home\/personnel-de-la-sante\/medchuv-un-portail-pour-les-medecins\/adresser-un-patient\/detail\/consultation\/consultation-rehabilitation-sep\" class=\"HtmlText_root__A1OSq\" target=\"_blank\" rel=\"noopener noreferrer nofollow\">consultation infirmi\u00e8re<\/a> sp\u00e9cialis\u00e9e vient d\u2019\u00eatre cr\u00e9\u00e9e afin de soutenir et accompagner les personnes atteintes de SEP \u00e0 comprendre la maladie, les sympt\u00f4mes et les traitements. Cela permet une meilleure adh\u00e9sion \u00e0 la prise en charge, un \u00e9l\u00e9ment qui est souvent d\u00e9terminant pour obtenir de bons r\u00e9sultats.<\/p>\n<p class=\"DynamicTeaser_boxtitle__B6piN\">En lire plus sur la scl\u00e9rose en plaques<\/p>\n<p>Newsletter<\/p>\n<p>\u00abDerni\u00e8res nouvelles\u00bb<\/p>\n<p>Vous voulez rester au top de l\u2019info? \u00ab24 heures\u00bb vous propose deux rendez-vous par jour, directement dans votre bo\u00eete e-mail. Pour ne rien rater de ce qui se passe dans votre Canton, en Suisse ou dans le monde.<\/p>\n<p><a class=\"NewsletterBox_more__FNemz link_underlinelink__K5Zr0\" href=\"https:\/\/www.24heures.ch\/nos-newsletters\" rel=\"nofollow noopener\" target=\"_blank\">Autres newsletters<\/a><\/p>\n<p>Se connecter<strong>Romaric Haddou<\/strong> est journaliste \u00e0 la rubrique Vaud et r\u00e9gions depuis 2016. Il couvre en particulier le domaine de la sant\u00e9.<a class=\"ArticleAuthorBio_moreinfo__cqyvz link_underlinelink__K5Zr0\" rel=\"author nofollow noopener\" href=\"https:\/\/www.24heures.ch\/author\/47679148\/romaric-haddou\" target=\"_blank\">Plus d&rsquo;infos<\/a><\/p>\n<p class=\"Feedback_root__fr_Mi ArticleContainer_content-width__FRl7F\">Vous avez trouv\u00e9 une erreur?<a href=\"mailto:tes_correction@tamedia.ch?subject=Avis%20d'erreur%20%7C%20Romaric%20Haddou%20%7C%20%C2%ABIl%20y%20a%20eu%20d%E2%80%99%C3%A9normes%20progr%C3%A8s%20face%20%C3%A0%20la%20scl%C3%A9rose%20en%20plaques%C2%BB&amp;body=J'ai%20trouv%C3%A9%20une%20erreur%20dans%20cet%20article%3A%20https%3A%2F%2Fwww.24heures.ch%2Fchuv-il-y-a-eu-denormes-progres-face-a-la-sclerose-en-plaques-624689005024\" class=\"Feedback_feedbacklink__VyDCi link_underlinelink__K5Zr0\">Merci de nous la signaler.<\/a><\/p>\n<p>0 commentaires<\/p>\n","protected":false},"excerpt":{"rendered":"AboTraitements m\u00e9dicaux \u2013 \u00abIl y a eu d\u2019\u00e9normes progr\u00e8s face \u00e0 la scl\u00e9rose en plaques\u00bb Diagnostic plus pr\u00e9coce,&hellip;\n","protected":false},"author":2,"featured_media":134124,"comment_status":"","ping_status":"","sticky":false,"template":"","format":"standard","meta":{"footnotes":""},"categories":[1586],"tags":[11,1777,674,1779,1011,27,12,25,2300,1778,364],"class_list":{"0":"post-134123","1":"post","2":"type-post","3":"status-publish","4":"format-standard","5":"has-post-thumbnail","7":"category-europe","8":"tag-actualites","9":"tag-eu","10":"tag-europe","11":"tag-european-union","12":"tag-fr","13":"tag-france","14":"tag-news","15":"tag-republique-francaise","16":"tag-stats-seo","17":"tag-ue","18":"tag-union-europeenne"},"share_on_mastodon":{"url":"https:\/\/pubeurope.com\/@fr\/114585073419186113","error":""},"_links":{"self":[{"href":"https:\/\/www.europesays.com\/fr\/wp-json\/wp\/v2\/posts\/134123","targetHints":{"allow":["GET"]}}],"collection":[{"href":"https:\/\/www.europesays.com\/fr\/wp-json\/wp\/v2\/posts"}],"about":[{"href":"https:\/\/www.europesays.com\/fr\/wp-json\/wp\/v2\/types\/post"}],"author":[{"embeddable":true,"href":"https:\/\/www.europesays.com\/fr\/wp-json\/wp\/v2\/users\/2"}],"replies":[{"embeddable":true,"href":"https:\/\/www.europesays.com\/fr\/wp-json\/wp\/v2\/comments?post=134123"}],"version-history":[{"count":0,"href":"https:\/\/www.europesays.com\/fr\/wp-json\/wp\/v2\/posts\/134123\/revisions"}],"wp:featuredmedia":[{"embeddable":true,"href":"https:\/\/www.europesays.com\/fr\/wp-json\/wp\/v2\/media\/134124"}],"wp:attachment":[{"href":"https:\/\/www.europesays.com\/fr\/wp-json\/wp\/v2\/media?parent=134123"}],"wp:term":[{"taxonomy":"category","embeddable":true,"href":"https:\/\/www.europesays.com\/fr\/wp-json\/wp\/v2\/categories?post=134123"},{"taxonomy":"post_tag","embeddable":true,"href":"https:\/\/www.europesays.com\/fr\/wp-json\/wp\/v2\/tags?post=134123"}],"curies":[{"name":"wp","href":"https:\/\/api.w.org\/{rel}","templated":true}]}}