{"id":134135,"date":"2025-05-28T10:58:09","date_gmt":"2025-05-28T10:58:09","guid":{"rendered":"https:\/\/www.europesays.com\/fr\/134135\/"},"modified":"2025-05-28T10:58:09","modified_gmt":"2025-05-28T10:58:09","slug":"video-lun-des-meilleurs-en-motogp-quartararo-est-aussi-un-genie-du-football","status":"publish","type":"post","link":"https:\/\/www.europesays.com\/fr\/134135\/","title":{"rendered":"Vid\u00e9o. L&rsquo;un des meilleurs en MotoGP, Quartararo est aussi un g\u00e9nie du Football !"},"content":{"rendered":"<p>Qui l\u2019aurait cru !? Le champion du monde de MotoGP Fabio Quartararo, auteur de la pole position sur les trois derniers Grand-Prix en date, est aussi tr\u00e8s fort avec un ballon dans les pieds ! D\u00e9monstration avec cette vid\u00e9o, publi\u00e9e sur le compte officiel de la cat\u00e9gorie reine, sur les r\u00e9seaux sociaux. Le Fran\u00e7ais r\u00e9alisant dribles et autres actions de Foobtalleurs avec une facilit\u00e9 d\u00e9concertante. Contrairement \u00e0 Alex Marquez ou encore, Francesco Bagnaia, qui n\u2019ont clairement pas loup\u00e9 leur vocation !<\/p>\n<blockquote class=\"instagram-media\" style=\"background: #FFF; border: 0; border-radius: 3px; box-shadow: 0 0 1px 0 rgba(0,0,0,0.5),0 1px 10px 0 rgba(0,0,0,0.15); margin: 1px; max-width: 540px; min-width: 326px; padding: 0; width: calc(100% - 2px);\" data-instgrm-captioned=\"\" data-instgrm-permalink=\"https:\/\/www.instagram.com\/reel\/DKHNWidtwfu\/?utm_source=ig_embed&amp;utm_campaign=loading\" data-instgrm-version=\"14\">\n<\/blockquote>\n<p>Article publi\u00e9 le 28\/05\/2025 \u00e0 11h57<\/p>\n<p>                                            <img loading=\"lazy\" alt=\"\" class=\"avatar avatar-100 photo lazyload\" height=\"100\" width=\"100\" decoding=\"async\" src=\"https:\/\/www.europesays.com\/fr\/wp-content\/uploads\/2025\/05\/1748429889_740_ffbb894c35ea5189d599d4ea062c98b86ffb67cc602fa683ebcbf422a80fc47a\"  data-eio-rwidth=\"100\" data-eio-rheight=\"100\"\/><\/p>\n<p class=\"h2\">\n                                            Julien Barthet\n                                        <\/p>\n<p>R\u00e9dacteur professionnel, titulaire de la carte de presse pendant 3 ans. Fondateur\/Directeur et R\u00e9dacteur en chef Le Mag Sport Auto et LeMagJeuxHighTech.com.&#13;<br \/>\nEx-Pilote automobile : 55 courses (Formule Ford, F.Campus, Coupe 206 Sprint et Relais, Saxo, Ford Fiesta Allemagne, Mitjet) 1 Victoire. Essais F3, Nascar Euro, Caterham, F.Renault, etc.<\/p>\n<p>                                                                                                                            <a href=\"https:\/\/lemagsportauto.ouest-france.fr\/author\/lmsa_adm\/\" title=\"Julien Barthet\" rel=\"nofollow noopener\" target=\"_blank\"><br \/>\n                                                Voir les publications de l&rsquo;auteur<br \/>\n                                            <\/a><\/p>\n<p>                                <script async src=\"\/\/www.instagram.com\/embed.js\"><\/script><\/p>\n","protected":false},"excerpt":{"rendered":"Qui l\u2019aurait cru !? Le champion du monde de MotoGP Fabio Quartararo, auteur de la pole position sur&hellip;\n","protected":false},"author":2,"featured_media":134136,"comment_status":"","ping_status":"","sticky":false,"template":"","format":"standard","meta":{"footnotes":""},"categories":[1413],"tags":[1680,1011,27,1457,1456,1458,60],"class_list":{"0":"post-134135","1":"post","2":"type-post","3":"status-publish","4":"format-standard","5":"has-post-thumbnail","7":"category-moto","8":"tag-fabio-quartararo","9":"tag-fr","10":"tag-france","11":"tag-moto","12":"tag-motocycle","13":"tag-motogp","14":"tag-sports"},"share_on_mastodon":{"url":"https:\/\/pubeurope.com\/@fr\/114585108732650492","error":""},"_links":{"self":[{"href":"https:\/\/www.europesays.com\/fr\/wp-json\/wp\/v2\/posts\/134135","targetHints":{"allow":["GET"]}}],"collection":[{"href":"https:\/\/www.europesays.com\/fr\/wp-json\/wp\/v2\/posts"}],"about":[{"href":"https:\/\/www.europesays.com\/fr\/wp-json\/wp\/v2\/types\/post"}],"author":[{"embeddable":true,"href":"https:\/\/www.europesays.com\/fr\/wp-json\/wp\/v2\/users\/2"}],"replies":[{"embeddable":true,"href":"https:\/\/www.europesays.com\/fr\/wp-json\/wp\/v2\/comments?post=134135"}],"version-history":[{"count":0,"href":"https:\/\/www.europesays.com\/fr\/wp-json\/wp\/v2\/posts\/134135\/revisions"}],"wp:featuredmedia":[{"embeddable":true,"href":"https:\/\/www.europesays.com\/fr\/wp-json\/wp\/v2\/media\/134136"}],"wp:attachment":[{"href":"https:\/\/www.europesays.com\/fr\/wp-json\/wp\/v2\/media?parent=134135"}],"wp:term":[{"taxonomy":"category","embeddable":true,"href":"https:\/\/www.europesays.com\/fr\/wp-json\/wp\/v2\/categories?post=134135"},{"taxonomy":"post_tag","embeddable":true,"href":"https:\/\/www.europesays.com\/fr\/wp-json\/wp\/v2\/tags?post=134135"}],"curies":[{"name":"wp","href":"https:\/\/api.w.org\/{rel}","templated":true}]}}