{"id":134137,"date":"2025-05-28T10:59:45","date_gmt":"2025-05-28T10:59:45","guid":{"rendered":"https:\/\/www.europesays.com\/fr\/134137\/"},"modified":"2025-05-28T10:59:45","modified_gmt":"2025-05-28T10:59:45","slug":"la-comparaison-qui-fait-jaser-de-guy-roux-lors-du-jubile-de-djibril-cisse","status":"publish","type":"post","link":"https:\/\/www.europesays.com\/fr\/134137\/","title":{"rendered":"la comparaison qui fait jaser de Guy Roux lors du jubil\u00e9 de Djibril Ciss\u00e9"},"content":{"rendered":"<p><strong>LE SCAN SPORT &#8211; <\/strong>Mythique entra\u00eeneur de l\u2019AJ Auxerre, Guy Roux a compar\u00e9 le jubil\u00e9 de son ancien joueur Djibril Ciss\u00e9, qui r\u00e9unissait de vieilles gloires, \u00e0 un match f\u00e9minin.<\/p>\n<p class=\"fig-paragraph\">L\u2019entra\u00eeneur l\u00e9gendaire de l\u2019AJ Auxerre,\u00a0<a href=\"https:\/\/www.lefigaro.fr\/sports\/jeux-olympiques\/je-m-entraine-avec-une-bouteille-de-lait-guy-roux-se-prepare-a-porter-la-flamme-olympique-a-auxerre-20240508\" data-fig-type=\"Article\" data-gtm-custom-categorie=\"navigation\" data-gtm-custom-action=\"crossclick\" data-gtm-custom-label=\"Contextuel\" data-gtm-event=\"customEventSPE\" data-fig-domain=\"LEFIGARO\" target=\"_blank\" rel=\"noopener\">Guy Roux<\/a>, \u00e9tait pr\u00e9sent au stade de l\u2019Abb\u00e9-Deschamps pour assister, mardi soir, au jubil\u00e9 de son poulain Djibril Ciss\u00e9. Plusieurs grands noms du monde du foot s\u2019\u00e9taient r\u00e9unis pour c\u00e9l\u00e9brer la fin de carri\u00e8re de l\u2019ancien international fran\u00e7ais, parmi eux Thierry Henry et Didier Drogba.<\/p>\n<p class=\"fig-paragraph\">Leur \u00e9quipe s\u2019est inclin\u00e9e 8 buts \u00e0 4 face \u00e0 celle des l\u00e9gendes de l\u2019AJA, Philippe Mex\u00e8s et Olivier Kapo. \u00c0 l\u2019issue de la rencontre de gala, un journaliste de La cha\u00eene L\u2019\u00c9quipe a demand\u00e9 \u00e0 Guy Roux s\u2019il \u00abaurait aim\u00e9 coacher cette \u00e9quipe d\u2019Auxerre\u00bb. L\u2019ancien entra\u00eeneur, \u00e2g\u00e9 de 86 ans, a alors l\u00e2ch\u00e9\u00a0: \u00abC\u2019est beaucoup plus lent. On voit les changements d\u2019aile, ils ne mangent pas les places des autres, enfin c\u2019est bien. Vous voulez que je vous fasse une comparaison audacieuse\u00a0? On dirait un match de football f\u00e9minin.\u00bb<\/p>\n<p class=\"fig-paragraph\">Une remarque qui a mis mal \u00e0 l\u2019aise le journaliste, sans g\u00e2cher la soir\u00e9e pour autant. Ylow, la fille de Djibril Ciss\u00e9, a m\u00eame chant\u00e9 \u00e0 la mi-temps. L\u2019ancien n\u00b09 de Liverpool est ensuite sorti sous les applaudissements nourris du stade de l\u2019Abb\u00e9-Deschamps. Dans la foul\u00e9e, l\u2019AJA a annonc\u00e9 qu\u2019un b\u00e2timent du centre de formation porterait le nom de son ancienne gloire.<\/p>\n","protected":false},"excerpt":{"rendered":"LE SCAN SPORT &#8211; Mythique entra\u00eeneur de l\u2019AJ Auxerre, Guy Roux a compar\u00e9 le jubil\u00e9 de son ancien&hellip;\n","protected":false},"author":2,"featured_media":134138,"comment_status":"","ping_status":"","sticky":false,"template":"","format":"standard","meta":{"footnotes":""},"categories":[1412],"tags":[454,69,448,83,451,26006,64,450,449,1451,1452,1453,1454,1455,1011,27,26005,452,4977,453,66,446,447,70,60,455],"class_list":{"0":"post-134137","1":"post","2":"type-post","3":"status-publish","4":"format-standard","5":"has-post-thumbnail","7":"category-f1","8":"tag-ballon-dor","9":"tag-bundesliga","10":"tag-champions-league","11":"tag-coupe-de-france","12":"tag-coupe-du-monde","13":"tag-djibril-cisse","14":"tag-equipe-de-france","15":"tag-euro","16":"tag-europa-league","17":"tag-f1","18":"tag-formula-1","19":"tag-formula1","20":"tag-formule-1","21":"tag-formule1","22":"tag-fr","23":"tag-france","24":"tag-guy-roux","25":"tag-italie","26":"tag-le-scan-sport","27":"tag-liga","28":"tag-ligue-1","29":"tag-ligue-2","30":"tag-ligue-des-champions","31":"tag-premier-league","32":"tag-sports","33":"tag-uefa"},"share_on_mastodon":{"url":"https:\/\/pubeurope.com\/@fr\/114585112717984000","error":""},"_links":{"self":[{"href":"https:\/\/www.europesays.com\/fr\/wp-json\/wp\/v2\/posts\/134137","targetHints":{"allow":["GET"]}}],"collection":[{"href":"https:\/\/www.europesays.com\/fr\/wp-json\/wp\/v2\/posts"}],"about":[{"href":"https:\/\/www.europesays.com\/fr\/wp-json\/wp\/v2\/types\/post"}],"author":[{"embeddable":true,"href":"https:\/\/www.europesays.com\/fr\/wp-json\/wp\/v2\/users\/2"}],"replies":[{"embeddable":true,"href":"https:\/\/www.europesays.com\/fr\/wp-json\/wp\/v2\/comments?post=134137"}],"version-history":[{"count":0,"href":"https:\/\/www.europesays.com\/fr\/wp-json\/wp\/v2\/posts\/134137\/revisions"}],"wp:featuredmedia":[{"embeddable":true,"href":"https:\/\/www.europesays.com\/fr\/wp-json\/wp\/v2\/media\/134138"}],"wp:attachment":[{"href":"https:\/\/www.europesays.com\/fr\/wp-json\/wp\/v2\/media?parent=134137"}],"wp:term":[{"taxonomy":"category","embeddable":true,"href":"https:\/\/www.europesays.com\/fr\/wp-json\/wp\/v2\/categories?post=134137"},{"taxonomy":"post_tag","embeddable":true,"href":"https:\/\/www.europesays.com\/fr\/wp-json\/wp\/v2\/tags?post=134137"}],"curies":[{"name":"wp","href":"https:\/\/api.w.org\/{rel}","templated":true}]}}