{"id":134145,"date":"2025-05-28T11:03:09","date_gmt":"2025-05-28T11:03:09","guid":{"rendered":"https:\/\/www.europesays.com\/fr\/134145\/"},"modified":"2025-05-28T11:03:09","modified_gmt":"2025-05-28T11:03:09","slug":"escale-a-montreal-et-ses-quatre-siecles-darchitecture","status":"publish","type":"post","link":"https:\/\/www.europesays.com\/fr\/134145\/","title":{"rendered":"Escale \u00e0 Montr\u00e9al et ses quatre si\u00e8cles d\u2019architecture"},"content":{"rendered":"<p data-module=\"fig-standfirst\" data-context=\"@media (min-width:48em)\">\u00c0 l\u2019aube de ses quatre si\u00e8cles d\u2019histoire, la deuxi\u00e8me ville du Canada s\u2019est d\u00e9velopp\u00e9e au gr\u00e9 d\u2019une juxtaposition de styles architecturaux. Un heureux \u00e9clectisme qui s\u2019est impos\u00e9 comme sa marque de fabrique.<\/p>\n<p class=\"fig-paragraph fig-paragraph--dropped\">Dans le contexte g\u00e9opolitique actuel, il est plus que bienvenu de d\u00e9clarer que Montr\u00e9al est la plus europ\u00e9enne des villes d\u2019Am\u00e9rique du Nord. En parcourant le tissu urbain d\u00e9ploy\u00e9 autour du mont Royal \u2013 qui donna son nom \u00e0 celle baptis\u00e9e au d\u00e9part Ville-Marie \u2013, on prend conscience de cet esprit du \u00ab\u00a0Vieux Continent\u00a0\u00bb qui rythme encore sa physionomie. Cohabitent ainsi un m\u00e9lange d\u2019architectures vernaculaires et de style second Empire h\u00e9rit\u00e9s des Fran\u00e7ais, le n\u00e9ogothique cher aux Anglais, l\u2019Art d\u00e9co et le brutalisme, l\u00e0 encore import\u00e9s d\u2019Europe, ou bien le style international, d\u00e9velopp\u00e9 par les tenants du Bauhaus exil\u00e9s, comme Mies van der Rohe qui y signa plusieurs r\u00e9alisations.<\/p>\n<p class=\"fig-paragraph fig-paragraph--dropped\">Son d\u00e9veloppement \u00e9conomique,\u00a0<a href=\"http:\/\/www.lefigaro.fr\/voyages\/dossier\/montreal\" data-fig-type=\"Topic\" data-gtm-custom-categorie=\"navigation\" data-gtm-custom-action=\"crossclick\" data-gtm-custom-label=\"Contextuel\" data-gtm-event=\"customEventSPE\" data-fig-domain=\"LEFIGARO\" target=\"_blank\" rel=\"noopener\">Montr\u00e9al<\/a>\u00a0le doit \u00e0 sa position le long du fleuve Saint-Laurent. L\u2019agglom\u00e9ration a beau se trouver \u00e0 800\u00a0km de la mer, elle a pourtant \u00e9t\u00e9 une place portuaire de premier ordre pour le fret et le commerce fluvial gr\u00e2ce \u00e0 sa situation strat\u00e9gique entre les grands lacs \u2013 via le canal de Lachine \u2013 et Qu\u00e9bec, et \u00e0 son embouchure sur l\u2019Atlantique. Sa localisation va engendrer le d\u00e9veloppement foncier sur la rive du fleuve, ainsi que l\u2019implantation de nombreux complexes industriels et b\u00e2timents de stockage. Laiss\u00e9s pour la plupart vacants, ces \u00e9difices, dont la gigantesque brasserie Molson, font aujourd\u2019hui l\u2019objet de projets de requalification en quartiers mixtes r\u00e9pondant \u00e0 la logique de \u00ab\u00a0la ville des 15\u00a0minutes\u00a0\u00bb. Dans le m\u00eame temps, le Vieux-Montr\u00e9al a redor\u00e9 son blason en devenant une place touristique incontournable, tandis que le centre d\u2019affaires voisin, le downtown montr\u00e9alais, n\u2019a de cesse de prendre de la hauteur, multipliant les gratte-ciel, parfois m\u00eame d\u2019habitation, au point de modifier la skyline de la cit\u00e9.<\/p>\n<p>Imaginer la ville du futur<\/p>\n<p>    Vue sur la ville depuis la tour du port de Montr\u00e9al.<br \/>\n                Michel Figuet pour Le Figaro<\/p>\n<p class=\"fig-paragraph fig-paragraph--dropped\">Pour autant, Montr\u00e9al n\u2019a pas attendu cette mutation urbanistique pour se r\u00e9inventer. D\u00e8s les ann\u00e9es 1960, elle va conna\u00eetre un souffle expansionniste et culturel qui marque encore son fonctionnement. Son maire Jean Drapeau (1960-1986) lance de grands chantiers pour la moderniser, tels le building Place Ville Marie (PVM), con\u00e7u par l\u2019architecture IM Pei, la tour de la Bourse, par le duo italien Luigi Moretti et Pier Luigi Nervi, la place Bonaventure, qui s\u2019affiche en 1968 comme le plus grand complexe commercial au monde, ou encore le Montr\u00e9al souterrain (RESO) qui, gr\u00e2ce \u00e0 ses 32\u00a0km de tunnels, permet aux citadins de braver le froid hivernal.<\/p>\n<p>D\u00e8s les ann\u00e9es 1960, Montr\u00e9al va conna\u00eetre un souffle expansionniste et culturel qui marque encore aujourd\u2019hui son fonctionnement<\/p>\n<p class=\"fig-paragraph fig-paragraph--dropped\">Mais surtout, en l\u2019espace d\u2019une dizaine d\u2019ann\u00e9es, l\u2019\u00e9lu visionnaire se mobilise pour accueillir deux \u00e9v\u00e9nements internationaux\u00a0: l\u2019Exposition universelle de 1967 (Expo 67) et les Jeux olympiques de 1976, g\u00e9n\u00e9rant ainsi des constructions que les Montr\u00e9alais c\u00f4toient dans leur quotidien. Ainsi du m\u00e9tro dont les premiers tron\u00e7ons de lignes sont inaugur\u00e9s en 1966 en vue d\u2019assurer les d\u00e9placements des visiteurs de l\u2019Exposition \u2013 ils seront 50\u00a0millions en six mois \u2013 et \u00e0 terme la mobilit\u00e9 des citadins. Chaque station est confi\u00e9e \u00e0 un architecte, souvent associ\u00e9 \u00e0 un artiste, tous deux charg\u00e9s d\u2019imaginer un projet unique aux ambitions artistiques.<\/p>\n<p class=\"fig-paragraph fig-paragraph--dropped\">D\u2019ordinaire, peu de traces demeurent de la tenue d\u2019une Exposition universelle. \u00c0 Montr\u00e9al, dans le parc Jean-Drapeau, on d\u00e9nombre pourtant une douzaine de pavillons dont le fran\u00e7ais, transform\u00e9 en casino, mais surtout l\u2019am\u00e9ricain, r\u00e9alis\u00e9 par Richard Buckminster Fuller, qui a imagin\u00e9 un d\u00f4me g\u00e9od\u00e9sique de 76\u00a0m de haut selon un principe de structures l\u00e9g\u00e8res triangul\u00e9es. Bien qu\u2019ayant connu un incendie an\u00e9antissant la membrane polym\u00e8re qui le recouvre, l\u2019\u00e9difice abrite aujourd\u2019hui la Biosph\u00e8re.<\/p>\n<p>    Le d\u00f4me g\u00e9od\u00e9sique du pavillon am\u00e9ricain de l\u2019Exposition universelle 1967 par Richard Buckminster Fuller.<br \/>\n                Michel Figuet pour Le Figaro<\/p>\n<p class=\"fig-paragraph fig-paragraph--dropped\">\u00c9galement, \u00e0 proximit\u00e9 du fleuve, \u00e0 la Cit\u00e9 du\u00a0Havre, le b\u00e2timent r\u00e9sidentiel Habitat 67 de l\u2019architecte Moshe Safdie, repaire visuel et belle r\u00e9f\u00e9rence de l\u2019audace architecturale de l\u2019\u00e9poque. Il en est une autre, r\u00e9alis\u00e9e quelques ann\u00e9es plus tard par le Fran\u00e7ais Roger Taillibert, auteur du Parc des Princes \u00e0 Paris. Celui-ci se voit confier le projet du complexe olympique. En d\u00e9pit des tumultes du chantier, son stade en forme de coquillage, dot\u00e9 d\u2019une tour de 165\u00a0m inclin\u00e9e \u00e0 45\u00b0 \u2013 la plus haute au monde \u2013, fera le tour des m\u00e9dias. Si le stade fait d\u2019ailleurs actuellement l\u2019objet de r\u00e9novation, le reste du site est toujours accessible et en partie devenu un complexe culturel accueillant plusieurs entit\u00e9s d\u2019Espace pour la vie, dont le Biod\u00f4me, log\u00e9 dans l\u2019ancien v\u00e9lodrome, et le Plan\u00e9tarium.<\/p>\n<p>    Le complexe r\u00e9sidentiel Habitat 67 par Moshe Safdie.<br \/>\n                Michel Figuet pour Le Figaro<\/p>\n<p class=\"fig-paragraph fig-paragraph--dropped\">Cette p\u00e9riode faste va permettre \u00e0 Montr\u00e9al d\u2019asseoir son rang au sein des arts, de la culture et de l\u2019\u00e9ducation. La ville abrite un grand centre universitaire qui a attir\u00e9 en 2024 quelque 188\u2009000 \u00e9tudiants du monde entier r\u00e9partis entre l\u2019Universit\u00e9 du Qu\u00e9bec \u00e0 Montr\u00e9al (Uqam) et l\u2019Universit\u00e9 de Montr\u00e9al (UdeM) pour les cursus francophones, et Concordia et McGill pour les anglophones. Si une grande partie des cours sont dispens\u00e9s dans des \u00e9difices historiques, en plein centre-ville \u2013 selon, l\u00e0 encore, un mod\u00e8le europ\u00e9en \u2013, les campus ont exig\u00e9, au fil de leur expansion, de nouveaux \u00e9difices con\u00e7us par les principales agences d\u2019architecture montr\u00e9alaises, telles que Provencher Roy, Saucier\u00a0+\u00a0Perrotte, Sid Lee, Lemay Michaud\u2026<\/p>\n<p>Une telle sensibilit\u00e9 \u00e0 l\u2019\u00e9gard de tous les arts a permis de nommer Montr\u00e9al \u201cVille Unesco de design\u201d<\/p>\n<p class=\"fig-paragraph fig-paragraph--dropped\">Dans le secteur artistique, Jean Drapeau avait lanc\u00e9, d\u00e8s les ann\u00e9es 1960, le projet de la Place des Arts, avec un th\u00e9\u00e2tre, une salle symphonique, le Mus\u00e9e d\u2019art contemporain,\u00a0etc., qui f\u00e9d\u00e8re aujourd\u2019hui le Quartier des spectacles. Si Montr\u00e9al n\u2019est pas en manque d\u2019institutions artistiques, dont le Mus\u00e9e des beaux-arts qui se d\u00e9ploie \u00e0 travers plusieurs pavillons, il en est pourtant une tout \u00e0 fait unique\u00a0: le Centre canadien d\u2019architecture, fond\u00e9 par l\u2019architecte et philanthrope Phyllis Lambert, l\u2019h\u00e9riti\u00e8re des spiritueux Seagram, qui rassemble un maximum d\u2019archives sur l\u2019architecture et se positionne comme r\u00e9f\u00e9rence dans ce domaine.<\/p>\n<p class=\"fig-paragraph fig-paragraph--dropped\">Cette dynamique est, depuis 1991, amplifi\u00e9e avec la cr\u00e9ation du Bureau du design \u2013 terme entendu au sens large, incluant \u00e9galement l\u2019architecture. La mission de cet organisme municipal est de piloter des projets suscitant des am\u00e9liorations sociales, allant de la gestion de l\u2019espace public \u00e0 la cr\u00e9ation de biblioth\u00e8ques, ainsi que des \u00e9lans \u00e9conomiques \u2013 \u00e0 l\u2019image du concours Commerce Design qui distingue l\u2019agencement d\u2019un lieu commer\u00e7ant. Il \u00e9tait donc logique qu\u2019une telle sensibilit\u00e9 \u00e0 l\u2019\u00e9gard de tous les arts ait permis de nommer, depuis 2006, Montr\u00e9al \u00ab\u00a0Ville Unesco de design\u00a0\u00bb. La premi\u00e8re, soit dit en passant, de l\u2019Am\u00e9rique du Nord.<\/p>\n<p>    <a href=\"https:\/\/photo.lefigaro.fr\/voyages\/inspiration\/montreal-quatre-siecles-d-architecture-en-images-20250527\" target=\"_blank\" rel=\"noopener\"><\/p>\n<p class=\"fig-slideshow__title\">\n                    Montr\u00e9al\u00a0: quatre si\u00e8cles d\u2019architecture en images\n                <\/p>\n<p>Acc\u00e9der au diaporama (25)<\/p>\n<p>    <\/a><\/p>\n<p>Carnet pratique<\/p>\n<p class=\"fig-paragraph fig-paragraph--dropped\"><strong>VOIR<\/strong><\/p>\n<p class=\"fig-paragraph fig-paragraph--dropped\"><strong>Espace pour la vie Montr\u00e9al<\/strong><\/p>\n<p>    Espace pour la vie Montr\u00e9al.<br \/>\n                Michel Figuet pour Le Figaro<\/p>\n<p class=\"fig-paragraph fig-paragraph--dropped\">Sous cet intitul\u00e9, cinq mus\u00e9es proposent d\u2019ausculter le vaste univers du vivant\u00a0: le jardin botanique, oasis urbaine riche de 22.000 esp\u00e8ces de plantes, le Plan\u00e9tarium qui a une approche novatrice de l\u2019astronomie, la Biosph\u00e8re qui a pris ses quartiers dans le pavillon am\u00e9ricain d\u2019Expo 67 con\u00e7u par Buckminster Fuller, le Biod\u00f4me dans l\u2019ancien v\u00e9lodrome des Jeux olym piques r\u00e9am\u00e9nag\u00e9 par Kanva selon cinq \u00e9cosyst\u00e8mes, et l\u2019Insectarium, un regard p\u00e9dagogique sur l\u2019entomologie, que l\u2019agence Kuehn Malvezzi a mis en forme. Espacepourlavie.ca.<\/p>\n<p class=\"fig-body-link\">\n            \u00c0 lire aussi<br \/>\n        <a class=\"fig-body-link__link\" href=\"http:\/\/www.lefigaro.fr\/voyages\/montreal-en-famille-nos-bons-plans-avec-des-ados-et-des-enfants-20211102\" data-fig-type=\"Article\" data-gtm-custom-categorie=\"navigation\" data-gtm-custom-action=\"crossclick\" data-gtm-custom-label=\"Contextuel\" data-gtm-event=\"customEventSPE\" data-fig-domain=\"LEFIGARO\" target=\"_blank\" rel=\"noopener\">Montr\u00e9al en famille\u00a0: nos bons plans avec des ados et des enfants<br \/>\n    <\/a>\n<\/p>\n<p class=\"fig-paragraph fig-paragraph--dropped\"><strong>Centre canadien d\u2019Architecture<\/strong><\/p>\n<p>    Centre canadien d\u2019Architecture.<br \/>\n                Michel Figuet pour Le Figaro<\/p>\n<p class=\"fig-paragraph\">\u00ab\u00a0Nous ne sommes pas un mus\u00e9e qui expose des objets et qui d\u00e9clare\u00a0: \u201cCeci est l\u2019architecture.\u201d Nous essayons de faire r\u00e9fl\u00e9chir les gens\u00a0\u00bb, d\u00e9clare Phyllis Lambert, la fondatrice de cette institution unique en son genre. Riche de quelque 275.000 documents, 130.000 ouvrages et 50.000 photographies, le CCA est l\u2019une des plus importantes institutions au monde \u00e0 mener un travail de conservation sur l\u2019architecture. En parall\u00e8le, le centre organise des expositions temporaires, telle Espaces oscillants (jusqu\u2019au 26\u00a0octobre) qui explore la mutation du glacier du Rh\u00f4ne. Cca.qc.ca<\/p>\n<p class=\"fig-paragraph fig-paragraph--dropped\"><strong>FL\u00c2NER<\/strong><\/p>\n<p class=\"fig-paragraph fig-paragraph--dropped\"><strong>Bota Bota<\/strong><\/p>\n<p>    Bota Bota.<br \/>\n                Michel Figuet pour Le Figaro<\/p>\n<p class=\"fig-paragraph fig-paragraph--dropped\">Avec le Vieux-Montr\u00e9al, le Silo \u00e0 grain n\u00b0\u00a05 et Habitat 67 en toile de fond, le cadre est unique pour les visiteurs de ce spa urbain, ancien \u00ab\u00a0traversier\u00a0\u00bb des ann\u00e9es 1950 qui est d\u00e9sormais ancr\u00e9 dans le port. Imagin\u00e9 par l\u2019agence d\u2019architecture Sid Lee, ce complexe de bien-\u00eatre propose un v\u00e9ritable circuit d\u2019eaux d\u00e9ploy\u00e9 sur les cinq ponts du navire revisit\u00e9. Apr\u00e8s le cycle de traitements (sauna, bains vapeur, douche froide, massage\u2026), on peut profiter de la piscine et du jardin en ext\u00e9rieur, ou encore du restaurant La Travers\u00e9e dont la carte saisonni\u00e8re allie saveurs et sant\u00e9. Botabota.ca<\/p>\n<p class=\"fig-body-link\">\n            \u00c0 lire aussi<br \/>\n        <a class=\"fig-body-link__link\" href=\"http:\/\/www.lefigaro.fr\/voyages\/guides\/montreal-au-printemps-les-incontournables-d-une-ville-qui-respire-20210311\" data-fig-type=\"Article\" data-gtm-custom-categorie=\"navigation\" data-gtm-custom-action=\"crossclick\" data-gtm-custom-label=\"Contextuel\" data-gtm-event=\"customEventSPE\" data-fig-domain=\"LEFIGARO\" target=\"_blank\" rel=\"noopener\">Montr\u00e9al au printemps, les incontournables d\u2019une ville qui respire<br \/>\n    <\/a>\n<\/p>\n<p class=\"fig-paragraph fig-paragraph--dropped\"><strong>Habitat 67<\/strong><\/p>\n<p>    Habitat 67.<br \/>\n                Michel Figuet pour Le Figaro<\/p>\n<p class=\"fig-paragraph fig-paragraph--dropped\">Si Marseille est fi\u00e8re de la Cit\u00e9 radieuse de Le Corbusier, Montr\u00e9al l\u2019est tout autant d\u2019Habitat 67, con\u00e7u par Moshe Safdie pour l\u2019Expo 67. Encore \u00e9tudiant \u00e0 l\u2019universit\u00e9 McGill, l\u2019architecte a con\u00e7u cet ensemble de 158 appartements \u00e0 partir de 354 modules en b\u00e9ton, tous identiques mais imbriqu\u00e9s de fa\u00e7on \u00e0 \u00e9chapper \u00e0 la r\u00e9p\u00e9tition. Combinant habitat collectif et maison individuelle, le projet, d\u00e9sormais class\u00e9 monument historique, dispose de nombreuses terrasses pour les habitants. Visites sur r\u00e9servation. Habitat67.com<\/p>\n<p class=\"fig-body-link\">\n            \u00c0 lire aussi<br \/>\n        <a class=\"fig-body-link__link\" href=\"http:\/\/www.lefigaro.fr\/voyages\/cinq-lieux-insolites-pour-decouvrir-montreal-autrement-20211107\" data-fig-type=\"Article\" data-gtm-custom-categorie=\"navigation\" data-gtm-custom-action=\"crossclick\" data-gtm-custom-label=\"Contextuel\" data-gtm-event=\"customEventSPE\" data-fig-domain=\"LEFIGARO\" target=\"_blank\" rel=\"noopener\">Cinq lieux insolites pour d\u00e9couvrir Montr\u00e9al autrement<br \/>\n    <\/a>\n<\/p>\n<p class=\"fig-paragraph fig-paragraph--dropped\"><strong>GO\u00dbTER<\/strong><\/p>\n<p class=\"fig-paragraph fig-paragraph--dropped\"><strong>Bar St Denis<\/strong><\/p>\n<p>    Bar St Denis.<br \/>\n                Michel Figuet pour Le Figaro<\/p>\n<p class=\"fig-paragraph fig-paragraph--dropped\">\u00c0 peine entr\u00e9s, on tombe sous le charme de ce local tout en longueur o\u00f9 cohabitent un bar, une cuisine ouverte et une salle \u00e0 manger. Si l\u2019architecture joue avec les codes du dinner, la carte lorgne du c\u00f4t\u00e9 de la bistronomie. On peut commander des assiettes \u00e0 partager (labneh, falafels\u2026), parfaites avec un cocktail, tout comme se laisser tenter par des plats plus cuisin\u00e9s (ris de veau, porc \u00ab\u00a0vieilli\u00a0\u00bb\u2026). On se tournera alors vers la tr\u00e8s riche carte des vins, au fort penchant nature \u2013 \u00e0 moins de se laisser conseiller par Emily Homsy, copropri\u00e9taire des lieux avec le chef David Gauthier. Menu\u00a0: 55\u00a0\u20ac, carte\u00a0: 40\u00a0\u20ac. Barstdenis.com<\/p>\n<p class=\"fig-paragraph fig-paragraph--dropped\"><strong>Le Serpent<\/strong><\/p>\n<p>    Le Serpent.<br \/>\n                Michel Figuet pour Le Figaro<\/p>\n<p class=\"fig-paragraph fig-paragraph--dropped\">Dans le quartier de Griffintown, l\u2019ancienne fonderie Darling s\u2019est mu\u00e9e en centre d\u2019arts (expositions, ateliers, r\u00e9sidences). Depuis une dizaine d\u2019ann\u00e9es, c\u2019est aussi l\u2019adresse de l\u2019une des meilleures tables de la ville. Imagin\u00e9 par Hubert Marsolais et Claude Pelletier, restaurateurs de g\u00e9nie ayant largement \u0153uvr\u00e9 au renouveau de la sc\u00e8ne montr\u00e9alaise, le Serpent se d\u00e9ploie dans ce cadre de friche industrielle r\u00e9habilit\u00e9 par l\u2019Atelier in situ. La cuisine y prend de forts accents italiens, dans un esprit de brasserie contemporaine. Carte\u00a0: 60-70\u00a0\u20ac. Leserpent.ca<\/p>\n<p class=\"fig-body-link\">\n            \u00c0 lire aussi<br \/>\n        <a class=\"fig-body-link__link\" href=\"http:\/\/www.lefigaro.fr\/voyages\/les-dix-meilleurs-restaurants-a-montreal-20211217\" data-fig-type=\"Article\" data-gtm-custom-categorie=\"navigation\" data-gtm-custom-action=\"crossclick\" data-gtm-custom-label=\"Contextuel\" data-gtm-event=\"customEventSPE\" data-fig-domain=\"LEFIGARO\" target=\"_blank\" rel=\"noopener\">Les dix restaurants incontournables lors d&rsquo;un premier s\u00e9jour \u00e0 Montr\u00e9al<br \/>\n    <\/a>\n<\/p>\n<p class=\"fig-paragraph fig-paragraph--dropped\"><strong>R\u00caVER<\/strong><\/p>\n<p class=\"fig-paragraph fig-paragraph--dropped\"><strong>Le Germain<\/strong><\/p>\n<p>    Le Germain.<br \/>\n                Michel Figuet pour Le Figaro<\/p>\n<p class=\"fig-paragraph fig-paragraph--dropped\">\u00c0 deux pas de l\u2019universit\u00e9 McGill, le Germain occupe un immeuble de bureaux \u00e9difi\u00e9 en 1967, transform\u00e9 en h\u00f4tel \u2013 et gagnant au passage six \u00e9tages \u2013 par l\u2019agence Lemay Michaud. De la rue, difficile de passer \u00e0 c\u00f4t\u00e9 de l\u2019immense fresque imagin\u00e9e par l\u2019artiste Michelle Hoogveld qui recouvre sa fa\u00e7ade. \u00c0 l\u2019int\u00e9rieur, les chambres ont conserv\u00e9 le caract\u00e8re brutaliste originel (structure apparente en b\u00e9ton) adouci par des \u00e9l\u00e9ments en bois clair. Certains d\u00e9tails d\u00e9coratifs ne manquent pas de faire \u00e9cho \u00e0 l\u2019Exposition de\u2026 1967. \u00c0 partir de 250\u00a0\u20ac la nuit. Germainhotels.com<\/p>\n<p class=\"fig-paragraph fig-paragraph--dropped\"><strong>Honeyrose<\/strong><\/p>\n<p>    Honeyrose.<br \/>\n                Michel Figuet pour Le Figaro<\/p>\n<p class=\"fig-paragraph fig-paragraph--dropped\">Au c\u0153ur du Quartier des spectacles, l\u2019Honeyrose s\u2019\u00e9l\u00e8ve sur la premi\u00e8re moiti\u00e9 d\u2019un building de 36 \u00e9tages abritant \u00e9galement des \u00ab\u00a0condos\u00a0\u00bb. La d\u00e9coration des parties communes et des 143 chambres s\u2019inspire des ann\u00e9es 1920 et du style Art d\u00e9co si cher \u00e0 la ville. Sous la banni\u00e8re des h\u00f4tels ind\u00e9pendants Tribute Portfolio, l\u2019\u00e9tablissement dispose de deux restaurants ouverts aux clients ext\u00e9rieurs, dont un avec terrasse au 5e \u00e9tage. Les r\u00e9sidents peuvent profiter d\u2019un espace fitness avec sauna et hammam, et d\u2019une piscine int\u00e9rieure nich\u00e9e au 15e \u00e9tage. \u00c0 partir de 350\u00a0\u20ac la nuit. Honeyrosemontreal.com<\/p>\n<p class=\"fig-body-link\">\n            \u00c0 lire aussi<br \/>\n        <a class=\"fig-body-link__link\" href=\"http:\/\/www.lefigaro.fr\/voyages\/conseils\/billet-avion-paris-montreal-quelle-compagnie-aerienne-choisir-en-2025-pour-un-vol-direct-20250408\" data-fig-type=\"Article\" data-gtm-custom-categorie=\"navigation\" data-gtm-custom-action=\"crossclick\" data-gtm-custom-label=\"Contextuel\" data-gtm-event=\"customEventSPE\" data-fig-domain=\"LEFIGARO\" target=\"_blank\" rel=\"noopener\">Billet d\u2019avion Paris-Montr\u00e9al\u00a0: quelle compagnie a\u00e9rienne choisir pour un vol direct\u00a0?<br \/>\n    <\/a><\/p>\n","protected":false},"excerpt":{"rendered":"\u00c0 l\u2019aube de ses quatre si\u00e8cles d\u2019histoire, la deuxi\u00e8me ville du Canada s\u2019est d\u00e9velopp\u00e9e au gr\u00e9 d\u2019une juxtaposition&hellip;\n","protected":false},"author":2,"featured_media":134146,"comment_status":"","ping_status":"","sticky":false,"template":"","format":"standard","meta":{"footnotes":""},"categories":[1358],"tags":[1350,1348,1384,1385,1386,58,59,1658,1011,27,26007,26008,12952,18532,26009,2528,12954,21652,12953,12956,12955],"class_list":{"0":"post-134145","1":"post","2":"type-post","3":"status-publish","4":"format-standard","5":"has-post-thumbnail","7":"category-arts-et-design","8":"tag-architecture","9":"tag-arts","10":"tag-arts-and-design","11":"tag-arts-et-design","12":"tag-design","13":"tag-divertissement","14":"tag-entertainment","15":"tag-f-art-de-vivre","16":"tag-fr","17":"tag-france","18":"tag-idee-voyage","19":"tag-inspiration-voyage","20":"tag-meilleure-destination","21":"tag-montreal","22":"tag-ou-partir","23":"tag-vacances","24":"tag-voyage-afrique","25":"tag-voyage-amerique","26":"tag-voyage-asie","27":"tag-voyage-europe","28":"tag-voyage-oceanie"},"share_on_mastodon":{"url":"https:\/\/pubeurope.com\/@fr\/114585128475932912","error":""},"_links":{"self":[{"href":"https:\/\/www.europesays.com\/fr\/wp-json\/wp\/v2\/posts\/134145","targetHints":{"allow":["GET"]}}],"collection":[{"href":"https:\/\/www.europesays.com\/fr\/wp-json\/wp\/v2\/posts"}],"about":[{"href":"https:\/\/www.europesays.com\/fr\/wp-json\/wp\/v2\/types\/post"}],"author":[{"embeddable":true,"href":"https:\/\/www.europesays.com\/fr\/wp-json\/wp\/v2\/users\/2"}],"replies":[{"embeddable":true,"href":"https:\/\/www.europesays.com\/fr\/wp-json\/wp\/v2\/comments?post=134145"}],"version-history":[{"count":0,"href":"https:\/\/www.europesays.com\/fr\/wp-json\/wp\/v2\/posts\/134145\/revisions"}],"wp:featuredmedia":[{"embeddable":true,"href":"https:\/\/www.europesays.com\/fr\/wp-json\/wp\/v2\/media\/134146"}],"wp:attachment":[{"href":"https:\/\/www.europesays.com\/fr\/wp-json\/wp\/v2\/media?parent=134145"}],"wp:term":[{"taxonomy":"category","embeddable":true,"href":"https:\/\/www.europesays.com\/fr\/wp-json\/wp\/v2\/categories?post=134145"},{"taxonomy":"post_tag","embeddable":true,"href":"https:\/\/www.europesays.com\/fr\/wp-json\/wp\/v2\/tags?post=134145"}],"curies":[{"name":"wp","href":"https:\/\/api.w.org\/{rel}","templated":true}]}}