{"id":134171,"date":"2025-05-28T11:16:09","date_gmt":"2025-05-28T11:16:09","guid":{"rendered":"https:\/\/www.europesays.com\/fr\/134171\/"},"modified":"2025-05-28T11:16:09","modified_gmt":"2025-05-28T11:16:09","slug":"la-vie-scolaire-suspend-provisoirement-la-greve","status":"publish","type":"post","link":"https:\/\/www.europesays.com\/fr\/134171\/","title":{"rendered":"la Vie scolaire suspend provisoirement la gr\u00e8ve"},"content":{"rendered":"<p>En gr\u00e8ve reconductible depuis le lundi 26\u00a0mai, l\u2019\u00e9quipe de Vie scolaire du coll\u00e8ge Massenet-Fourneyron r\u00e9clame un poste d\u2019AED (assistant d\u2019\u00e9ducation) \u00e0 temps plein suppl\u00e9mentaire, un poste de CPE \u00e0 temps plein suppl\u00e9mentaire et un classement de l\u2019\u00e9tablissement en REP+.<\/p>\n<p>Pour faire entendre ces revendications, l\u2019\u00e9quipe a sollicit\u00e9, \u00e0 plusieurs reprises, \u00e0 \u00eatre re\u00e7ue en audience par le Rectorat.<\/p>\n<p>  Un rassemblement de soutien le 5\u00a0juin \u00e0 partir de 17\u00a0h\u00a030<\/p>\n<p>Le piquet de gr\u00e8ve, organis\u00e9 au sein d\u2019une mobilisation intersyndicale (CGT\/FO\/Sud), <a href=\"https:\/\/www.leprogres.fr\/education\/2025\/05\/26\/greve-au-college-massenet-fourneyron-sans-la-vie-scolaire-rien-ne-fonctionne\" target=\"_blank\" rel=\"noopener\">a r\u00e9uni une cinquantaine de personnes, lundi 26\u00a0mai<\/a>. Le mouvement, \u00e0 la suite d\u2019un vote, a \u00e9t\u00e9 reconduit pour le mardi 27\u00a0mai.<\/p>\n<p>Ce m\u00eame jour, la Vie scolaire a \u00e9t\u00e9 invit\u00e9e par M. Dickel\u00e9, inspecteur acad\u00e9mique-Dasen, pour une audience, le jeudi 5\u00a0juin \u00e0 18 heures, en sa pr\u00e9sence. Son appel ayant \u00e9t\u00e9 entendu, l\u2019intersyndicale a vot\u00e9 une suspension de la gr\u00e8ve\u00a0jusqu\u2019\u00e0 cette date.<\/p>\n<p>Dans un communiqu\u00e9, le syndicat pr\u00e9cise\u00a0que \u00ab\u00a0cette d\u00e9cision ne signifie en aucun cas un abandon des revendications mais marque, au contraire, une volont\u00e9 d\u00e9j\u00e0 exprim\u00e9e de dialogue et une attente forte de r\u00e9ponses concr\u00e8tes de la part de l\u2019institution aux revendications\u00a0\u00bb.<\/p>\n<p>En parall\u00e8le \u00e0 cette audience, l\u2019intersyndicale appelle \u00e0 un rassemblement de soutien le 5\u00a0juin, \u00e0 partir de 17\u00a0h\u00a030, devant la Direction des services d\u00e9partementaux de l&rsquo;\u00c9ducation nationale de La Loire (DSDEN).<\/p>\n","protected":false},"excerpt":{"rendered":"En gr\u00e8ve reconductible depuis le lundi 26\u00a0mai, l\u2019\u00e9quipe de Vie scolaire du coll\u00e8ge Massenet-Fourneyron r\u00e9clame un poste d\u2019AED&hellip;\n","protected":false},"author":2,"featured_media":134172,"comment_status":"","ping_status":"","sticky":false,"template":"","format":"standard","meta":{"footnotes":""},"categories":[9653],"tags":[1111,11,2430,12162,3599,7539,1057,1777,674,1011,27,12161,12,25,4001],"class_list":{"0":"post-134171","1":"post","2":"type-post","3":"status-publish","4":"format-standard","5":"has-post-thumbnail","7":"category-saint-etienne","8":"tag-actu","9":"tag-actualites","10":"tag-auvergne-rhone-alpes","11":"tag-chambon-feugerolles-ville","12":"tag-college-lycee","13":"tag-edition-loire-sud","14":"tag-education","15":"tag-eu","16":"tag-europe","17":"tag-fr","18":"tag-france","19":"tag-le-chambon-feugerolles","20":"tag-news","21":"tag-republique-francaise","22":"tag-saint-etienne"},"share_on_mastodon":{"url":"https:\/\/pubeurope.com\/@fr\/114585179558118427","error":""},"_links":{"self":[{"href":"https:\/\/www.europesays.com\/fr\/wp-json\/wp\/v2\/posts\/134171","targetHints":{"allow":["GET"]}}],"collection":[{"href":"https:\/\/www.europesays.com\/fr\/wp-json\/wp\/v2\/posts"}],"about":[{"href":"https:\/\/www.europesays.com\/fr\/wp-json\/wp\/v2\/types\/post"}],"author":[{"embeddable":true,"href":"https:\/\/www.europesays.com\/fr\/wp-json\/wp\/v2\/users\/2"}],"replies":[{"embeddable":true,"href":"https:\/\/www.europesays.com\/fr\/wp-json\/wp\/v2\/comments?post=134171"}],"version-history":[{"count":0,"href":"https:\/\/www.europesays.com\/fr\/wp-json\/wp\/v2\/posts\/134171\/revisions"}],"wp:featuredmedia":[{"embeddable":true,"href":"https:\/\/www.europesays.com\/fr\/wp-json\/wp\/v2\/media\/134172"}],"wp:attachment":[{"href":"https:\/\/www.europesays.com\/fr\/wp-json\/wp\/v2\/media?parent=134171"}],"wp:term":[{"taxonomy":"category","embeddable":true,"href":"https:\/\/www.europesays.com\/fr\/wp-json\/wp\/v2\/categories?post=134171"},{"taxonomy":"post_tag","embeddable":true,"href":"https:\/\/www.europesays.com\/fr\/wp-json\/wp\/v2\/tags?post=134171"}],"curies":[{"name":"wp","href":"https:\/\/api.w.org\/{rel}","templated":true}]}}