{"id":134175,"date":"2025-05-28T11:19:02","date_gmt":"2025-05-28T11:19:02","guid":{"rendered":"https:\/\/www.europesays.com\/fr\/134175\/"},"modified":"2025-05-28T11:19:02","modified_gmt":"2025-05-28T11:19:02","slug":"deux-jours-pour-decouvrir-des-creations-artisanales-uniques","status":"publish","type":"post","link":"https:\/\/www.europesays.com\/fr\/134175\/","title":{"rendered":"deux jours pour d\u00e9couvrir des cr\u00e9ations artisanales uniques"},"content":{"rendered":"<p>Le March\u00e9 de potiers revient les 31 mai et 1er juin 2025 \u00e0 la P\u00e9pini\u00e8re de Nancy, pour une nouvelle \u00e9dition haute en couleurs et en cr\u00e9ativit\u00e9. Organis\u00e9 par l\u2019association \u00ab M\u00e9tiers d\u2019Art M\u00e9tropole \u00bb avec le soutien de la Ville de Nancy et de la R\u00e9gion Grand Est, cet \u00e9v\u00e9nement embl\u00e9matique est devenu un rendez-vous incontournable pour les amateurs d\u2019artisanat d\u2019art et de c\u00e9ramique. <\/p>\n<p>Pendant deux jours, 55 artisans d\u2019art professionnels investiront les all\u00e9es du parc pour pr\u00e9senter leurs cr\u00e9ations uniques. Potiers et c\u00e9ramistes venus de toute la r\u00e9gion Grand Est, et d\u2019ailleurs, partageront leur savoir-faire et leur passion avec le public. Le march\u00e9 sera ouvert le samedi de 10h \u00e0 19h et le dimanche de 10h \u00e0 18h. La manifestation promet une immersion totale dans l\u2019univers de la terre, du feu et de la forme.<\/p>\n<p> Le March\u00e9 de potiers c\u00e9l\u00e8bre la richesse des savoir-faire artisanaux \u00e0 travers une grande diversit\u00e9 de pi\u00e8ces : vaisselle utilitaire, objets de d\u00e9coration int\u00e9rieure et ext\u00e9rieure, bijoux, sculptures&#8230; Chaque stand est une invitation \u00e0 la d\u00e9couverte d\u2019un style, d\u2019une technique, d\u2019un regard unique sur la mati\u00e8re. Gr\u00e8s, fa\u00efence, porcelaine : toutes les techniques c\u00e9ramiques seront repr\u00e9sent\u00e9es.<\/p>\n<p> Les visiteurs auront l\u2019opportunit\u00e9 d\u2019\u00e9changer directement avec les artisans, de comprendre les \u00e9tapes de fabrication et d\u2019acqu\u00e9rir des objets faits main, authentiques et durables. Un v\u00e9ritable moment de rencontre et de partage dans le cadre verdoyant et convivial de la P\u00e9pini\u00e8re, \u00e0 ne pas manquer pour se faire plaisir ou offrir une pi\u00e8ce unique, tout en soutenant la cr\u00e9ation artisanale locale.<\/p>\n<p>&#13;<br \/>\n                                            Contenu con\u00e7u et propos\u00e9 par EBRA inspirations&#13;<br \/>\n                        avec March\u00e9 de potiers \u00e0 Nancy&#13;\n                                    <\/p>\n","protected":false},"excerpt":{"rendered":"Le March\u00e9 de potiers revient les 31 mai et 1er juin 2025 \u00e0 la P\u00e9pini\u00e8re de Nancy, pour&hellip;\n","protected":false},"author":2,"featured_media":134176,"comment_status":"","ping_status":"","sticky":false,"template":"","format":"standard","meta":{"footnotes":""},"categories":[9635],"tags":[1111,11,7884,1777,674,1011,27,775,1702,12,25],"class_list":{"0":"post-134175","1":"post","2":"type-post","3":"status-publish","4":"format-standard","5":"has-post-thumbnail","7":"category-nancy","8":"tag-actu","9":"tag-actualites","10":"tag-articles-partenaires","11":"tag-eu","12":"tag-europe","13":"tag-fr","14":"tag-france","15":"tag-grand-est","16":"tag-nancy","17":"tag-news","18":"tag-republique-francaise"},"share_on_mastodon":{"url":"","error":""},"_links":{"self":[{"href":"https:\/\/www.europesays.com\/fr\/wp-json\/wp\/v2\/posts\/134175","targetHints":{"allow":["GET"]}}],"collection":[{"href":"https:\/\/www.europesays.com\/fr\/wp-json\/wp\/v2\/posts"}],"about":[{"href":"https:\/\/www.europesays.com\/fr\/wp-json\/wp\/v2\/types\/post"}],"author":[{"embeddable":true,"href":"https:\/\/www.europesays.com\/fr\/wp-json\/wp\/v2\/users\/2"}],"replies":[{"embeddable":true,"href":"https:\/\/www.europesays.com\/fr\/wp-json\/wp\/v2\/comments?post=134175"}],"version-history":[{"count":0,"href":"https:\/\/www.europesays.com\/fr\/wp-json\/wp\/v2\/posts\/134175\/revisions"}],"wp:featuredmedia":[{"embeddable":true,"href":"https:\/\/www.europesays.com\/fr\/wp-json\/wp\/v2\/media\/134176"}],"wp:attachment":[{"href":"https:\/\/www.europesays.com\/fr\/wp-json\/wp\/v2\/media?parent=134175"}],"wp:term":[{"taxonomy":"category","embeddable":true,"href":"https:\/\/www.europesays.com\/fr\/wp-json\/wp\/v2\/categories?post=134175"},{"taxonomy":"post_tag","embeddable":true,"href":"https:\/\/www.europesays.com\/fr\/wp-json\/wp\/v2\/tags?post=134175"}],"curies":[{"name":"wp","href":"https:\/\/api.w.org\/{rel}","templated":true}]}}