{"id":134177,"date":"2025-05-28T11:20:15","date_gmt":"2025-05-28T11:20:15","guid":{"rendered":"https:\/\/www.europesays.com\/fr\/134177\/"},"modified":"2025-05-28T11:20:15","modified_gmt":"2025-05-28T11:20:15","slug":"nancy-boites-aux-lettres-condamnees","status":"publish","type":"post","link":"https:\/\/www.europesays.com\/fr\/134177\/","title":{"rendered":"Nancy. Bo\u00eetes aux lettres condamn\u00e9es"},"content":{"rendered":"<p>La Poste ne <a href=\"https:\/\/www.estrepublicain.fr\/economie\/2024\/10\/07\/la-poste-ferme-des-bureaux-mais-cree-des-points-relais\" target=\"_blank\" rel=\"noopener\">ferme pas uniquement des bureaux<\/a> en cr\u00e9ant des <a href=\"https:\/\/www.estrepublicain.fr\/economie\/2024\/11\/03\/fermeture-de-deux-bureaux-de-poste-la-frustration-des-clients\" target=\"_blank\" rel=\"noopener\">points relais<\/a>. Elle condamne aussi ses bo\u00eetes aux lettres. Une plaque m\u00e9tallique vient d\u2019\u00eatre boulonn\u00e9e sur les deux bo\u00eetes en fa\u00e7ade du <a href=\"https:\/\/www.estrepublicain.fr\/politique\/2024\/12\/10\/conseil-municipal-un-bureau-de-poste-d-un-nouveau-genre-des-animations-natures-et-des-primes-prolongees\" target=\"_blank\" rel=\"noopener\">bureau de Poste<\/a> du 10, rue Saint-Dizier \u00e0 Nancy.<\/p>\n<p>Pour d\u00e9poser un courrier, il faut d\u00e9sormais entrer dans le bureau aux heures d\u2019ouverture. C\u2019est la (mauvaise) surprise d\u00e9couverte lundi 27\u00a0mai par les usagers et le personnel. Les deux ouvertures &#8211; l\u2019une destin\u00e9e aux d\u00e9partements 52, 54, 55, 57 et 88 et la deuxi\u00e8me d\u00e9di\u00e9e \u00e0 l\u2019\u00e9tranger\/autres d\u00e9partements &#8211; ne sont donc plus accessibles depuis la voie publique.<\/p>\n<p>Une situation pour le moins ambivalente lorsqu\u2019on lit sur le site internet de La Poste qu\u2019une bo\u00eete aux lettres \u00ab\u00a0doit \u00eatre positionn\u00e9e [\u2026] en bordure de voie ouverte \u00e0 la circulation publique\u00a0\u00bb.<\/p>\n","protected":false},"excerpt":{"rendered":"La Poste ne ferme pas uniquement des bureaux en cr\u00e9ant des points relais. Elle condamne aussi ses bo\u00eetes&hellip;\n","protected":false},"author":2,"featured_media":134178,"comment_status":"","ping_status":"","sticky":false,"template":"","format":"standard","meta":{"footnotes":""},"categories":[9635],"tags":[1111,11,1704,1777,674,1011,27,775,1702,1703,12,25,104],"class_list":{"0":"post-134177","1":"post","2":"type-post","3":"status-publish","4":"format-standard","5":"has-post-thumbnail","7":"category-nancy","8":"tag-actu","9":"tag-actualites","10":"tag-edition-nancy-et-agglomeration","11":"tag-eu","12":"tag-europe","13":"tag-fr","14":"tag-france","15":"tag-grand-est","16":"tag-nancy","17":"tag-nancy-ville-54b","18":"tag-news","19":"tag-republique-francaise","20":"tag-societe"},"share_on_mastodon":{"url":"https:\/\/pubeurope.com\/@fr\/114585195175495195","error":""},"_links":{"self":[{"href":"https:\/\/www.europesays.com\/fr\/wp-json\/wp\/v2\/posts\/134177","targetHints":{"allow":["GET"]}}],"collection":[{"href":"https:\/\/www.europesays.com\/fr\/wp-json\/wp\/v2\/posts"}],"about":[{"href":"https:\/\/www.europesays.com\/fr\/wp-json\/wp\/v2\/types\/post"}],"author":[{"embeddable":true,"href":"https:\/\/www.europesays.com\/fr\/wp-json\/wp\/v2\/users\/2"}],"replies":[{"embeddable":true,"href":"https:\/\/www.europesays.com\/fr\/wp-json\/wp\/v2\/comments?post=134177"}],"version-history":[{"count":0,"href":"https:\/\/www.europesays.com\/fr\/wp-json\/wp\/v2\/posts\/134177\/revisions"}],"wp:featuredmedia":[{"embeddable":true,"href":"https:\/\/www.europesays.com\/fr\/wp-json\/wp\/v2\/media\/134178"}],"wp:attachment":[{"href":"https:\/\/www.europesays.com\/fr\/wp-json\/wp\/v2\/media?parent=134177"}],"wp:term":[{"taxonomy":"category","embeddable":true,"href":"https:\/\/www.europesays.com\/fr\/wp-json\/wp\/v2\/categories?post=134177"},{"taxonomy":"post_tag","embeddable":true,"href":"https:\/\/www.europesays.com\/fr\/wp-json\/wp\/v2\/tags?post=134177"}],"curies":[{"name":"wp","href":"https:\/\/api.w.org\/{rel}","templated":true}]}}