{"id":134179,"date":"2025-05-28T11:21:09","date_gmt":"2025-05-28T11:21:09","guid":{"rendered":"https:\/\/www.europesays.com\/fr\/134179\/"},"modified":"2025-05-28T11:21:09","modified_gmt":"2025-05-28T11:21:09","slug":"une-operation-de-police-anti-drogue-en-cours-dans-cette-cite-de-la-seyne","status":"publish","type":"post","link":"https:\/\/www.europesays.com\/fr\/134179\/","title":{"rendered":"Une op\u00e9ration de police anti-drogue en cours dans cette cit\u00e9 de La Seyne"},"content":{"rendered":"<p>Les policiers ont pos\u00e9 le pied \u00e0 15h30 lundi dans la <strong>cit\u00e9 de la Pr\u00e9sentation, \u00e0 La Seyne<\/strong>. Ils sont une vingtaine \u00e0 \u00eatre mobilis\u00e9s jusqu\u2019\u00e0 ce mercredi pour une op\u00e9ration de police de s\u00e9curit\u00e9 du quotidien. \u00ab\u00a0<strong>L\u2019objectif est de lutter contre l\u2019ensemble du spectre li\u00e9 au trafic de stup\u00e9fiants\u00a0\u00bb<\/strong>, explique un lieutenant de police au commissariat de La Seyne. Il affirme que cette cit\u00e9 est un des points de deal importants, actifs et fixes de la ville.<\/p>\n<p>Une op\u00e9ration coordonn\u00e9e <\/p>\n<p>La totalit\u00e9 des effectifs de la police municipale de La Seyne est pr\u00e9sente ainsi que des agents de la police aux fronti\u00e8res et de la police nationale. \u00ab\u00a0La pr\u00e9sence de la police aux fronti\u00e8res permet une expertise pour d\u00e9celer certains documents, comme les titres de s\u00e9jour frauduleux\u00a0\u00bb, ajoute <strong>Jean-Charles Baudouin, commissaire de la police de La Seyne.<\/strong> <br \/>&#13;<br \/>\nCette op\u00e9ration passe par des contr\u00f4les d\u2019identit\u00e9, des contr\u00f4les de halls d\u2019immeuble et des contr\u00f4les routiers autour de la cit\u00e9 de la Pr\u00e9sentation. Les \u00e9quipes se dispersent pour v\u00e9rifier chaque immeuble et contr\u00f4ler les individus. \u00ab\u00a0Aujourd\u2019hui, nous montrons que nous pouvons venir en nombre, occuper le terrain et traiter l\u2019ensemble de la cit\u00e9, affirme le commissaire, Nous sommes d\u2019abord \u00e0 pied, dans les halls d\u2019immeuble sur tout l\u2019espace foncier. Apr\u00e8s, nous passerons \u00e0 des contr\u00f4les routiers pour les imports de stup\u00e9fiants, notamment.\u00a0\u00bb<\/p>\n<p>S\u00e9curiser les riverains <\/p>\n<p>\u00ab\u00a0Au-del\u00e0 d\u2019une augmentation du trafic de drogue ici, il y a surtout une augmentation des nuisances\u00a0\u00bb, explique l\u2019adjoint Cheikh Mansour,, pr\u00e9sent durant l\u2019op\u00e9ration. Certains halls d\u2019immeuble sont en effet occup\u00e9s et des cages d\u2019escalier sont entrav\u00e9es avec du mobilier. Les routes sont aussi bloqu\u00e9es par des conteneurs. \u00ab\u00a0Nous faisons usage du proc\u00e8s-verbal \u00e9lectronique lorsqu\u2019il y a des escaliers ou des routes encombr\u00e9s pour nous emp\u00eacher d\u2019acc\u00e9der\u00a0\u00bb, affirme Jean-Charles Baudouin.<\/p>\n<p>Ces entraves peuvent bloquer l\u2019acc\u00e8s des riverains mais aussi des v\u00e9hicules de secours en cas d\u2019urgence. Lorsque les bailleurs constatent une occupation des parties communes, la police tente de les assister. \u00ab\u00a0Si un bailleur nous contacte et que nous observons une occupation, nous murons les entr\u00e9es d\u2019immeuble ou de garages pour \u00e9viter leur appropriation\u00a0\u00bb, explique le commissaire. L\u2019objectif est de s\u00e9curiser la zone pour \u00e9viter l\u2019ins\u00e9curit\u00e9 chez les riverains.<\/p>\n<p>Cette premi\u00e8re journ\u00e9e d\u2019op\u00e9ration s\u2019est termin\u00e9e par des contr\u00f4les routiers dans les rues attenantes \u00e0 la cit\u00e9 de la Pr\u00e9sentation.<\/p>\n","protected":false},"excerpt":{"rendered":"Les policiers ont pos\u00e9 le pied \u00e0 15h30 lundi dans la cit\u00e9 de la Pr\u00e9sentation, \u00e0 La Seyne.&hellip;\n","protected":false},"author":2,"featured_media":134180,"comment_status":"","ping_status":"","sticky":false,"template":"","format":"standard","meta":{"footnotes":""},"categories":[9619],"tags":[1111,11,1777,674,1011,27,12,882,25,2310,3366],"class_list":{"0":"post-134179","1":"post","2":"type-post","3":"status-publish","4":"format-standard","5":"has-post-thumbnail","7":"category-toulon","8":"tag-actu","9":"tag-actualites","10":"tag-eu","11":"tag-europe","12":"tag-fr","13":"tag-france","14":"tag-news","15":"tag-provence-alpes-cote-dazur","16":"tag-republique-francaise","17":"tag-toulon","18":"tag-vie-locale"},"share_on_mastodon":{"url":"https:\/\/pubeurope.com\/@fr\/114585199118776534","error":""},"_links":{"self":[{"href":"https:\/\/www.europesays.com\/fr\/wp-json\/wp\/v2\/posts\/134179","targetHints":{"allow":["GET"]}}],"collection":[{"href":"https:\/\/www.europesays.com\/fr\/wp-json\/wp\/v2\/posts"}],"about":[{"href":"https:\/\/www.europesays.com\/fr\/wp-json\/wp\/v2\/types\/post"}],"author":[{"embeddable":true,"href":"https:\/\/www.europesays.com\/fr\/wp-json\/wp\/v2\/users\/2"}],"replies":[{"embeddable":true,"href":"https:\/\/www.europesays.com\/fr\/wp-json\/wp\/v2\/comments?post=134179"}],"version-history":[{"count":0,"href":"https:\/\/www.europesays.com\/fr\/wp-json\/wp\/v2\/posts\/134179\/revisions"}],"wp:featuredmedia":[{"embeddable":true,"href":"https:\/\/www.europesays.com\/fr\/wp-json\/wp\/v2\/media\/134180"}],"wp:attachment":[{"href":"https:\/\/www.europesays.com\/fr\/wp-json\/wp\/v2\/media?parent=134179"}],"wp:term":[{"taxonomy":"category","embeddable":true,"href":"https:\/\/www.europesays.com\/fr\/wp-json\/wp\/v2\/categories?post=134179"},{"taxonomy":"post_tag","embeddable":true,"href":"https:\/\/www.europesays.com\/fr\/wp-json\/wp\/v2\/tags?post=134179"}],"curies":[{"name":"wp","href":"https:\/\/api.w.org\/{rel}","templated":true}]}}