{"id":13418,"date":"2025-04-09T19:46:25","date_gmt":"2025-04-09T19:46:25","guid":{"rendered":"https:\/\/www.europesays.com\/fr\/13418\/"},"modified":"2025-04-09T19:46:25","modified_gmt":"2025-04-09T19:46:25","slug":"strasbourg-un-jeune-couple-lance-une-nouvelle-patisserie-avellina-au-coeur-de-la-grandrue","status":"publish","type":"post","link":"https:\/\/www.europesays.com\/fr\/13418\/","title":{"rendered":"Strasbourg. Un jeune couple lance une nouvelle p\u00e2tisserie, Avellina, au coeur de la Grand\u2019rue"},"content":{"rendered":"<p>Ils sont plut\u00f4t du genre discrets, et ont pr\u00e9f\u00e9r\u00e9 \u00e0 une ouverture en fanfare, avec influenceurs \u00e0 gogo et partages effr\u00e9n\u00e9s sur les r\u00e9seaux sociaux, un \u00ab\u00a0soft opening\u00a0\u00bb (une ouverture en douceur) plus en phase avec leur ADN. Avoir leur p\u00e2tisserie, Louise Pfister et Th\u00e9ophile Girard en r\u00eavent de longue date. Mais le jeune couple \u2013 il a 26 ans, elle 29 \u2013 s\u2019est laiss\u00e9 le temps de se forger une exp\u00e9rience et de peaufiner son projet avant de le concr\u00e9tiser, avec le soutien de la famille et d\u2019Initiative Strasbourg.<\/p>\n<p>Ce contenu est bloqu\u00e9 car vous n&rsquo;avez pas accept\u00e9 les cookies et autres traceurs.<\/p>\n<p>En cliquant sur \u00ab J\u2019accepte \u00bb, les cookies et autres traceurs seront d\u00e9pos\u00e9s et vous pourrez visualiser les contenus  (<a href=\"\" class=\"consentModule_policy\" target=\"_blank\" title=\"Consulter la politique de protection des donn\u00e9es du fournisseur\">plus d&rsquo;informations<\/a>).<\/p>\n<p>En cliquant sur \u00ab J\u2019accepte tous les cookies \u00bb, vous autorisez des d\u00e9p\u00f4ts de cookies et autres traceurs pour le stockage de vos donn\u00e9es sur nos sites et applications \u00e0 des fins de personnalisation et de ciblage publicitaire.<\/p>\n<p class=\"consentModule_secondaryText\">Vous gardez la possibilit\u00e9 de retirer votre consentement \u00e0 tout moment en consultant notre <a href=\"https:\/\/www.dna.fr\/protection-des-donnees\" target=\"_blank\" title=\"Consulter notre politique de protection des donn\u00e9es\" rel=\"nofollow noopener\">politique de protection des donn\u00e9es<\/a>. <br \/>&#13;<br \/>\n            <a href=\"https:\/\/www.dna.fr\/economie\/2025\/04\/08\/javascript:Didomi.notice.show()\" class=\"consentModule_cmp\" rel=\"nofollow noopener\" target=\"_blank\">G\u00e9rer mes choix<\/a>&#13;\n        <\/p>\n<p>&#13;<br \/>\n                        J&rsquo;accepte&#13;<br \/>\n            J&rsquo;accepte tous les cookies&#13;\n        <\/p>\n<p>    <img class=\"placeholder-svg\" loading=\"lazy\" decoding=\"async\" src=\"https:\/\/www.europesays.com\/fr\/wp-content\/uploads\/2025\/04\/facebook.svg.svg+xml\" alt=\"Facebook PlaceHolder\"\/><\/p>\n<p>Bien lui en a pris, est-on tent\u00e9 de penser en d\u00e9couvrant, nich\u00e9 dans un ancien atelier d\u2019encadrement de la Grand\u2019rue, <a href=\"https:\/\/www.dna.fr\/magazine-cuisine-et-vins\/2022\/08\/25\/la-capitale-alsacienne-terreau-de-gourmandises\" target=\"_blank\" rel=\"nofollow noopener\">ce nouveau haut lieu de la gourmandise<\/a> qui a ouvert ses portes il y a tout juste un mois, <a href=\"https:\/\/www.dna.fr\/economie\/2025\/02\/26\/apres-l-avenue-des-vosges-la-patisserie-gc-s-offre-une-seconde-boutique-rue-de-la-mesange\" target=\"_blank\" rel=\"nofollow noopener\">dans une ville o\u00f9 les p\u00e2tisseries \u00e9closent ces jours-ci plus vite que les fleurs de magnolias.<\/a> \u00a0La leur puise plut\u00f4t son origine sous les noisetiers, qui donnent un fruit que les deux p\u00e2tissiers adorent\u2026 Au point de s\u2019en \u00eatre inspir\u00e9s pour le nom de leur boutique (en latin, le noisetier commun s\u2019appelle corylus avellana ).<\/p>\n<p>  La noisette dans tous ses \u00e9tats<\/p>\n<p>Chez Avellina, la noisette, pr\u00e9sente y compris dans le code couleur tout en sobri\u00e9t\u00e9, est d\u00e9clin\u00e9e \u00e0 travers un Paris-Brest ultra-gourmand (et tr\u00e8s instagrammable), rebaptis\u00e9 pour l\u2019occasion \u00ab\u00a0Paris-Rohan\u00a0\u00bb et qui donne une furieuse envie d\u2019y plonger sa cuiller. Mais on la retrouve aussi dans le g\u00e2teau signature, m\u00ealant le chocolat \u00e0 un croustillant et un c\u0153ur gianduja. Ceux qui pr\u00e9f\u00e8rent les cookies ne seront pas en reste, avec une d\u00e9clinaison XL d\u2019une noisette dans tous ses \u00e9tats, \u00e0 partager (ou pas).<\/p>\n<p>    &#13;<br \/>\n    &#13;<br \/>\n    &#13;<br \/>\n    <a href=\"https:\/\/cdn-s-www.dna.fr\/images\/6ce7191a-b1d2-4a22-b8f2-953f00b504bc\/NW_raw\/la-noisette-a-la-part-belle-dans-les-gourmands-cookies-a-partager-(ou-pas)-photo-laurent-rea-1744131714.jpg\" title=\"La noisette a la part belle dans les gourmands cookies \u00e0 partager (ou pas). \u00a0 Photo Laurent R\u00e9a\" class=\"chocolat-image GA-tracking\" data-ga_type=\"click\" data-ga_category=\"D\u00e9tail\" data-ga_action=\"zoomer\" data-ga_label=\"aggrandir image\" rel=\"nofollow noopener\" target=\"_blank\">&#13;<br \/>\n        <img src=\"https:\/\/www.europesays.com\/fr\/wp-content\/uploads\/2025\/04\/la-noisette-a-la-part-belle-dans-les-gourmands-cookies-a-partager-(ou-pas)-photo-laurent-rea-1744131.jpeg\"   alt=\"La noisette a la part belle dans les gourmands cookies \u00e0 partager (ou pas). \u00a0 Photo Laurent R\u00e9a\" fetchpriority=\"high\" decoding=\"async\" data-mobile=\"NW_listA_M|1744131714\" data-base=\"NW_listA|1744131714\"\/>&#13;<br \/>\n    <\/a>&#13;<\/p>\n<p> La noisette a la part belle dans les gourmands cookies \u00e0 partager (ou pas). \u00a0 Photo Laurent R\u00e9a <\/p>\n<p>Vous n\u2019aimez pas les noisettes\u00a0? Pas de panique\u00a0! Flan \u00e0 la vanille ultra-gourmand (le best-seller du moment), tarte au citron, entremet m\u00ealant une base de cheesecake \u00e0 de la framboise, tarte au chocolat\u2026 les deux p\u00e2tissiers ont plus d\u2019une corde \u00e0 leur arc, r\u00e9sultat d\u2019une dizaine d\u2019ann\u00e9es d\u2019exp\u00e9rience chacun.<\/p>\n<p>    &#13;<br \/>\n    &#13;<br \/>\n    &#13;<br \/>\n    <a href=\"https:\/\/cdn-s-www.dna.fr\/images\/39d5b808-1b7f-4e87-8dd9-9ad87a25ce36\/NW_raw\/le-passage-par-des-belles-maisons-se-retrouve-dans-une-realisation-au-cordeau-photo-laurent-rea-1744131714.jpg\" title=\"Le passage par des belles maisons se retrouve dans une r\u00e9alisation au cordeau. \u00a0 Photo\u00a0Laurent R\u00e9a\" class=\"chocolat-image GA-tracking\" data-ga_type=\"click\" data-ga_category=\"D\u00e9tail\" data-ga_action=\"zoomer\" data-ga_label=\"aggrandir image\" rel=\"nofollow noopener\" target=\"_blank\">&#13;<br \/>\n        <img src=\"https:\/\/www.europesays.com\/fr\/wp-content\/uploads\/2025\/04\/le-passage-par-des-belles-maisons-se-retrouve-dans-une-realisation-au-cordeau-photo-laurent-rea-1744.jpeg\"   alt=\"Le passage par des belles maisons se retrouve dans une r\u00e9alisation au cordeau. \u00a0 Photo\u00a0Laurent R\u00e9a\" fetchpriority=\"high\" decoding=\"async\" data-mobile=\"NW_listA_M|1744131714\" data-base=\"NW_listA|1744131714\"\/>&#13;<br \/>\n    <\/a>&#13;<\/p>\n<p> Le passage par des belles maisons se retrouve dans une r\u00e9alisation au cordeau. \u00a0 Photo\u00a0Laurent R\u00e9a <\/p>\n<p>Originaire de Plobsheim, Th\u00e9ophile Girard s\u2019est form\u00e9 \u00e0 la Maison Naegel, \u00e0 Strasbourg, o\u00f9 il a pass\u00e9 ses CAP de chocolatier et de p\u00e2tissier \u2013 et rencontr\u00e9 Louise. Un BTM (Brevet technique des m\u00e9tiers) pr\u00e9par\u00e9 au sein du prestigieux palace Le Bristol, dans le VIIIe arrondissement parisien\u00a0; un poste de second \u00e0 l\u2019h\u00f4tel Brach, aux c\u00f4t\u00e9s du chef p\u00e2tissier (et MOF) Yann Brys\u00a0; un passage chez Kamm, \u00e0 S\u00e9lestat\u00a0; un autre \u00e0 <a href=\"https:\/\/www.dna.fr\/culture-loisirs\/2023\/01\/19\/yann-navarro-patissier-chocolatier-a-colmar-les-gens-ont-besoin-de-desserts-qui-les-rassurent\" target=\"_blank\" rel=\"nofollow noopener\">L\u2019Atelier de Yann<\/a>, \u00e0 Colmar\u2026 Celui qui estime avoir \u00ab\u00a0vu ce qu\u2019il y avait \u00e0 voir \u00e0 Paris\u00a0\u00bb a eu envie d\u2019ouvrir sa propre affaire \u00e0 Strasbourg, avec celle qui est sa compagne depuis huit ans.<\/p>\n<p>    &#13;<br \/>\n    &#13;<br \/>\n    &#13;<br \/>\n    <a href=\"https:\/\/cdn-s-www.dna.fr\/images\/fc970a09-0d79-4353-b4eb-4190e8e46287\/NW_raw\/epure-le-comptoir-met-en-valeur-les-entremets-proposes-photo-laurent-rea-1744131714.jpg\" title=\"\u00c9pur\u00e9, le comptoir met en valeur les entremets propos\u00e9s. \u00a0 Photo Laurent R\u00e9a\" class=\"chocolat-image GA-tracking\" data-ga_type=\"click\" data-ga_category=\"D\u00e9tail\" data-ga_action=\"zoomer\" data-ga_label=\"aggrandir image\" rel=\"nofollow noopener\" target=\"_blank\">&#13;<br \/>\n        <img src=\"https:\/\/www.europesays.com\/fr\/wp-content\/uploads\/2025\/04\/epure-le-comptoir-met-en-valeur-les-entremets-proposes-photo-laurent-rea-1744131714.jpg\"   alt=\"\u00c9pur\u00e9, le comptoir met en valeur les entremets propos\u00e9s. \u00a0 Photo Laurent R\u00e9a\" fetchpriority=\"high\" decoding=\"async\" data-mobile=\"NW_listA_M|1744131714\" data-base=\"NW_listA|1744131714\"\/>&#13;<br \/>\n    <\/a>&#13;<\/p>\n<p> \u00c9pur\u00e9, le comptoir met en valeur les entremets propos\u00e9s. \u00a0 Photo Laurent R\u00e9a <\/p>\n<p>Apr\u00e8s un CAP de p\u00e2tisserie et une mention chocolaterie chez Petry et Fils, \u00e0 Matzenheim, Louise Pfister, originaire de Schwindratzheim, a elle aussi rejoint la presque centenaire p\u00e2tisserie du Carr\u00e9 d\u2019Or. Elle y a d\u00e9couvert la glacerie, avant d\u2019occuper divers postes au gr\u00e9 des neuf ans qu\u2019elle y est rest\u00e9e.<\/p>\n<p>  La tradition n\u2019exclut pas l\u2019innovation<\/p>\n<p>De ces belles adresses, ces deux passionn\u00e9s de recettes traditionnelles, auxquelles ils aiment apporter une touche personnelle et un zeste de modernit\u00e9, ont gard\u00e9 le go\u00fbt des bonnes choses et du travail bien fait. Outre les tartes et entremets, tablettes de chocolat maison, petits sabl\u00e9s, moelleux g\u00e2teaux de voyage, oursons en guimauve (le p\u00e9ch\u00e9 mignon de Th\u00e9ophile), sandwiches \u00e0 base de p\u00e2te \u00e0 croissants, mini-kouglofs et autres \u00a0mandelbari (un \u00ab\u00a0mont aux amandes\u00a0\u00bb m\u00ealant meringue et p\u00e2te sabl\u00e9e) seront d\u00e9clin\u00e9s \u2013 \u00e0 prix abordables, ce qui m\u00e9rite d\u2019\u00eatre soulign\u00e9 \u2013 dans ce chaleureux cocon.\u00a0Sans oublier les tartes aux fruits de saison, \u00ab\u00a0le dessert pr\u00e9f\u00e9r\u00e9 de ma grand-m\u00e8re, qui se doit d\u2019\u00eatre pr\u00e9sent\u00a0\u00bb, note Th\u00e9ophile.\u00a0Trois tables sont pr\u00e9vues pour s\u2019installer le temps d\u2019un caf\u00e9 ou d\u2019un jus localement sourc\u00e9 face \u00e0 l\u2019\u00e9l\u00e9gant comptoir. \u00c9galement en projet, des g\u00e2teaux et autres b\u00fbches \u00e0 partager pour les f\u00eates.<\/p>\n<p>Ce contenu est bloqu\u00e9 car vous n&rsquo;avez pas accept\u00e9 les cookies et autres traceurs.<\/p>\n<p>En cliquant sur \u00ab J\u2019accepte \u00bb, les cookies et autres traceurs seront d\u00e9pos\u00e9s et vous pourrez visualiser les contenus  (<a href=\"\" class=\"consentModule_policy\" target=\"_blank\" title=\"Consulter la politique de protection des donn\u00e9es du fournisseur\">plus d&rsquo;informations<\/a>).<\/p>\n<p>En cliquant sur \u00ab J\u2019accepte tous les cookies \u00bb, vous autorisez des d\u00e9p\u00f4ts de cookies et autres traceurs pour le stockage de vos donn\u00e9es sur nos sites et applications \u00e0 des fins de personnalisation et de ciblage publicitaire.<\/p>\n<p class=\"consentModule_secondaryText\">Vous gardez la possibilit\u00e9 de retirer votre consentement \u00e0 tout moment en consultant notre <a href=\"https:\/\/www.dna.fr\/protection-des-donnees\" target=\"_blank\" title=\"Consulter notre politique de protection des donn\u00e9es\" rel=\"nofollow noopener\">politique de protection des donn\u00e9es<\/a>. <br \/>&#13;<br \/>\n            <a href=\"https:\/\/www.dna.fr\/economie\/2025\/04\/08\/javascript:Didomi.notice.show()\" class=\"consentModule_cmp\" rel=\"nofollow noopener\" target=\"_blank\">G\u00e9rer mes choix<\/a>&#13;\n        <\/p>\n<p>&#13;<br \/>\n                        J&rsquo;accepte&#13;<br \/>\n            J&rsquo;accepte tous les cookies&#13;\n        <\/p>\n<p>\u00ab\u00a0On s\u2019est dit qu\u2019on allait proposer ici ce que nous, on aime manger, en mettant \u00e9norm\u00e9ment d\u2019amour dans toutes nos pr\u00e9parations\u00a0\u00bb, r\u00e9sume Louise. Un choix du c\u0153ur, qui \u00e0 en croire les retours enthousiastes des premiers clients, dont certains sont d\u00e9j\u00e0 en passe de devenir des habitu\u00e9s, s\u2019av\u00e8re judicieux.<\/p>\n<p class=\"note\">Avellina, 62, Grand\u2019rue \u00e0 Strasbourg. Ouvert du mercredi au samedi de 10\u00a0h \u00e0 19\u00a0h\u00a015\u00a0; le dimanche de 10\u00a0h \u00e0 16\u00a0h.<\/p>\n","protected":false},"excerpt":{"rendered":"Ils sont plut\u00f4t du genre discrets, et ont pr\u00e9f\u00e9r\u00e9 \u00e0 une ouverture en fanfare, avec influenceurs \u00e0 gogo&hellip;\n","protected":false},"author":2,"featured_media":13419,"comment_status":"","ping_status":"","sticky":false,"template":"","format":"standard","meta":{"footnotes":""},"categories":[2820],"tags":[1111,11,1477,4406,130,33,2880,1777,674,107,1011,27,1661,775,5015,6016,12,25,640,2879],"class_list":{"0":"post-13418","1":"post","2":"type-post","3":"status-publish","4":"format-standard","5":"has-post-thumbnail","7":"category-strasbourg","8":"tag-actu","9":"tag-actualites","10":"tag-artisanat","11":"tag-commerce-et-services","12":"tag-consommation","13":"tag-economie","14":"tag-edition-strasbourg","15":"tag-eu","16":"tag-europe","17":"tag-fil-info","18":"tag-fr","19":"tag-france","20":"tag-gastronomie","21":"tag-grand-est","22":"tag-innovation-et-start-up","23":"tag-magazine-cuisine-et-vins","24":"tag-news","25":"tag-republique-francaise","26":"tag-strasbourg","27":"tag-strasbourg-ville"},"share_on_mastodon":{"url":"https:\/\/pubeurope.com\/@fr\/114309731882977570","error":""},"_links":{"self":[{"href":"https:\/\/www.europesays.com\/fr\/wp-json\/wp\/v2\/posts\/13418","targetHints":{"allow":["GET"]}}],"collection":[{"href":"https:\/\/www.europesays.com\/fr\/wp-json\/wp\/v2\/posts"}],"about":[{"href":"https:\/\/www.europesays.com\/fr\/wp-json\/wp\/v2\/types\/post"}],"author":[{"embeddable":true,"href":"https:\/\/www.europesays.com\/fr\/wp-json\/wp\/v2\/users\/2"}],"replies":[{"embeddable":true,"href":"https:\/\/www.europesays.com\/fr\/wp-json\/wp\/v2\/comments?post=13418"}],"version-history":[{"count":0,"href":"https:\/\/www.europesays.com\/fr\/wp-json\/wp\/v2\/posts\/13418\/revisions"}],"wp:featuredmedia":[{"embeddable":true,"href":"https:\/\/www.europesays.com\/fr\/wp-json\/wp\/v2\/media\/13419"}],"wp:attachment":[{"href":"https:\/\/www.europesays.com\/fr\/wp-json\/wp\/v2\/media?parent=13418"}],"wp:term":[{"taxonomy":"category","embeddable":true,"href":"https:\/\/www.europesays.com\/fr\/wp-json\/wp\/v2\/categories?post=13418"},{"taxonomy":"post_tag","embeddable":true,"href":"https:\/\/www.europesays.com\/fr\/wp-json\/wp\/v2\/tags?post=13418"}],"curies":[{"name":"wp","href":"https:\/\/api.w.org\/{rel}","templated":true}]}}