{"id":134189,"date":"2025-05-28T11:26:26","date_gmt":"2025-05-28T11:26:26","guid":{"rendered":"https:\/\/www.europesays.com\/fr\/134189\/"},"modified":"2025-05-28T11:26:26","modified_gmt":"2025-05-28T11:26:26","slug":"le-trafic-reprend-sur-la-ligne-le-havre-rouen-paris-des-cars-de-substitution-entre-le-havre-et-breaute","status":"publish","type":"post","link":"https:\/\/www.europesays.com\/fr\/134189\/","title":{"rendered":"le trafic reprend sur la ligne Le Havre-Rouen-Paris, des cars de substitution entre Le Havre et Br\u00e9aut\u00e9"},"content":{"rendered":"<p>            Par<br \/>\n        <strong><br \/>\n            <a href=\"https:\/\/actu.fr\/auteur\/vanessa-leroy\" title=\"Consulter tous les articles de Vanessa Leroy\" target=\"_blank\" rel=\"noopener\">Vanessa Leroy<\/a><br \/>\n        <\/strong><\/p>\n<p>        Publi\u00e9 le<\/p>\n<p>            28 mai 2025 \u00e0 6h27        <\/p>\n<p><strong>Mise \u00e0 jour le mercredi 28 mai 2025 \u00e0 7h15.<\/strong> Le trafic reprend entre Br\u00e9aut\u00e9 et Paris. Les \u00e9quipes de la SNCF sont en cours d\u2019\u00e9lagage d\u2019un arbre tomb\u00e9 sur les cat\u00e9naires au niveau d\u2019Harfleur et font \u00ab\u00a0leur possible pour d\u00e9gager rapidement la voie\u00a0\u00bb. Un service d\u2019autocars de substitution est en cours de mise en place entre Br\u00e9aut\u00e9 et Le Havre. Des retards restent \u00e0 pr\u00e9voir.<\/p>\n<p class=\" wall-content\">Depuis 6 heures ce mercredi 28 mai 2025, <strong>aucun train ne circule entre Le Havre et Yvetot<\/strong>, dans les deux sens, <strong>sur la ligne Le Havre-Rouen-Paris<\/strong>. Une situation qui entraine \u00e9galement des retards au d\u00e9part de la gare de Rouen.<\/p>\n<p class=\" wall-content\">\n<p>Heure de reprise estim\u00e9e \u00e0 8h45<\/p>\n<p class=\" wall-content\">En cause : \u00ab\u00a0un d\u00e9faut d\u2019alimentation \u00e9lectrique\u00a0\u00bb sur les rails entre les deux villes. La panne se situe dans le secteur de Saint-Laurent\/Gainneville. \u00ab\u00a0Une reconnaissance de la voie est en cours dans le secteur impact\u00e9 afin d\u2019identifier l\u2019origine de la panne\u00a0\u00bb, indique la SNCF.<\/p>\n<p class=\" wall-content\">Dans l\u2019attente, \u00ab\u00a0la circulation des trains est interrompue dans les deux sens le temps de r\u00e9tablir le courant sur la ligne\u00a0\u00bb. L\u2019heure de reprise est estim\u00e9e \u00e0 8h45.<\/p>\n<p>Suivez l\u2019actualit\u00e9 du Havre <a href=\"https:\/\/www.whatsapp.com\/channel\/0029VaFqJYE8aKvLBwVrEe0o\" target=\"_blank\" rel=\"noopener\">sur notre cha\u00eene WhatsApp<\/a> et <a href=\"https:\/\/www.tiktok.com\/@76actu.fr?lang=fr\" target=\"_blank\" rel=\"noopener\">sur notre compte TikTok<\/a>Vid\u00e9os : en ce moment sur Actu<\/p>\n<p class=\" wall-content\">Suivez toute l\u2019actualit\u00e9 de vos villes et m\u00e9dias favoris en vous inscrivant \u00e0 <a href=\"https:\/\/moncompte.actu.fr\" title=\"D\u00e9couvez Mon Actu\" rel=\"nofollow noopener\" data-trk=\"{&quot;cta&quot;:{&quot;action&quot;:&quot;https:\\\/\\\/moncompte.actu.fr&quot;,&quot;category&quot;:&quot;mon compte&quot;,&quot;from&quot;:&quot;article footer&quot;,&quot;name&quot;:&quot;Mon actu&quot;,&quot;type&quot;:&quot;cta&quot;}}\" target=\"_blank\">Mon Actu<\/a>.<\/p>\n<p>                    <script async src=\"\/\/www.tiktok.com\/embed.js\"><\/script><\/p>\n","protected":false},"excerpt":{"rendered":"Par Vanessa Leroy Publi\u00e9 le 28 mai 2025 \u00e0 6h27 Mise \u00e0 jour le mercredi 28 mai 2025&hellip;\n","protected":false},"author":2,"featured_media":134190,"comment_status":"","ping_status":"","sticky":false,"template":"","format":"standard","meta":{"footnotes":""},"categories":[9587],"tags":[1111,11,1777,674,1011,27,26010,12,5161,25,9590,2215,104],"class_list":{"0":"post-134189","1":"post","2":"type-post","3":"status-publish","4":"format-standard","5":"has-post-thumbnail","7":"category-rouen","8":"tag-actu","9":"tag-actualites","10":"tag-eu","11":"tag-europe","12":"tag-fr","13":"tag-france","14":"tag-gare-du-havre","15":"tag-news","16":"tag-normandie","17":"tag-republique-francaise","18":"tag-rouen","19":"tag-sncf","20":"tag-societe"},"share_on_mastodon":{"url":"https:\/\/pubeurope.com\/@fr\/114585218778764133","error":""},"_links":{"self":[{"href":"https:\/\/www.europesays.com\/fr\/wp-json\/wp\/v2\/posts\/134189","targetHints":{"allow":["GET"]}}],"collection":[{"href":"https:\/\/www.europesays.com\/fr\/wp-json\/wp\/v2\/posts"}],"about":[{"href":"https:\/\/www.europesays.com\/fr\/wp-json\/wp\/v2\/types\/post"}],"author":[{"embeddable":true,"href":"https:\/\/www.europesays.com\/fr\/wp-json\/wp\/v2\/users\/2"}],"replies":[{"embeddable":true,"href":"https:\/\/www.europesays.com\/fr\/wp-json\/wp\/v2\/comments?post=134189"}],"version-history":[{"count":0,"href":"https:\/\/www.europesays.com\/fr\/wp-json\/wp\/v2\/posts\/134189\/revisions"}],"wp:featuredmedia":[{"embeddable":true,"href":"https:\/\/www.europesays.com\/fr\/wp-json\/wp\/v2\/media\/134190"}],"wp:attachment":[{"href":"https:\/\/www.europesays.com\/fr\/wp-json\/wp\/v2\/media?parent=134189"}],"wp:term":[{"taxonomy":"category","embeddable":true,"href":"https:\/\/www.europesays.com\/fr\/wp-json\/wp\/v2\/categories?post=134189"},{"taxonomy":"post_tag","embeddable":true,"href":"https:\/\/www.europesays.com\/fr\/wp-json\/wp\/v2\/tags?post=134189"}],"curies":[{"name":"wp","href":"https:\/\/api.w.org\/{rel}","templated":true}]}}