{"id":134193,"date":"2025-05-28T11:28:14","date_gmt":"2025-05-28T11:28:14","guid":{"rendered":"https:\/\/www.europesays.com\/fr\/134193\/"},"modified":"2025-05-28T11:28:14","modified_gmt":"2025-05-28T11:28:14","slug":"les-objectifs-des-nouveaux-magistrats-a-la-cour-dappel-de-grenoble","status":"publish","type":"post","link":"https:\/\/www.europesays.com\/fr\/134193\/","title":{"rendered":"Les objectifs des nouveaux magistrats \u00e0 la cour d&rsquo;appel de Grenoble"},"content":{"rendered":"<p><strong>Cinq magistrats<\/strong> ont \u00e9t\u00e9 mis \u00e0 l&rsquo;honneur par la <strong>cour d&rsquo;appel de Grenoble<\/strong>, mardi 27 mai 2025, \u00e0 l&rsquo;occasion d&rsquo;une <strong>audience solennelle d&rsquo;installation<\/strong>. Trois d&rsquo;entre eux sont d\u00e9j\u00e0 connus puisqu&rsquo;il s&rsquo;agit des nouvelles pr\u00e9sidentes du tribunal judiciaire de Vienne et de Bourgoin-Jallieu, \u00e0 savoir <a href=\"https:\/\/mesinfos.fr\/38200-vienne\/sophie-bergougnous-rendre-la-justice-au-xxie-siecle-est-un-vrai-defi-219610.html\" rel=\"noopener\" target=\"_blank\">Sophie Bergougnous<\/a> et <a href=\"https:\/\/mesinfos.fr\/auvergne-rhone-alpes\/claudine-charre-presidente-du-tribunal-judiciaire-de-roanne-en-route-pour-bourgoin-jailleu-213040.html\" rel=\"noopener\" target=\"_blank\">Claudine Charre<\/a> ainsi que du nouveau procureur de la R\u00e9publique de Grenoble, <a href=\"https:\/\/mesinfos.fr\/38000-grenoble\/le-nouveau-procureur-de-la-republique-de-grenoble-arrivera-le-2-mai-220613.html\" rel=\"noopener\" target=\"_blank\">\u00c9tienne Manteaux<\/a>. Les deux autres s&rsquo;appellent <strong>Aur\u00e9lie Meyer<\/strong> et <strong>C\u00e9line Payen<\/strong>. <\/p>\n<p>Les objectifs \u00e0 atteindre pour les nouvelles pr\u00e9sidentes de tribunal judiciaire de Vienne et de Bourgoin-Jallieu <\/p>\n<p>Christophe Courtalon, premier pr\u00e9sident de la cour d&rsquo;appel de Grenoble, a profit\u00e9 de l&rsquo;audience pour pr\u00e9ciser ses attentes en termes d&rsquo;objectifs \u00e0 atteindre, en particulier, concernant les deux nouvelles pr\u00e9sidentes. <\/p>\n<blockquote>\n<p>\u00ab\u00a0J&rsquo;attire votre attention sur la pression importante qui s&rsquo;exerce au p\u00e9nal \u00e0 Vienne, situ\u00e9e au carrefour d&rsquo;axes routiers majeurs, en raison de l&rsquo;importance de la d\u00e9linquance et d&rsquo;un nombre de magistrats du si\u00e8ge (15) insuffisant en proportion de celui des magistrats du parquet (six), a-t-il d\u00e9clar\u00e9 en s&rsquo;adressant \u00e0 Sophie Bergougnous. Le traitement des contentieux li\u00e9s aux violences, en particulier familiales, et au trafic de produits stup\u00e9fiants limitent la capacit\u00e9 d&rsquo;action de traitement des affaires civiles qu&rsquo;il conviendra d&rsquo;am\u00e9liorer.\u00a0\u00bb <\/p>\n<\/blockquote>\n<p>Christophe Courtalon a \u00e9voqu\u00e9 les <a href=\"https:\/\/mesinfos.fr\/38200-vienne\/travaux-du-tribunal-de-vienne-les-raisons-du-retard-209904.html#:~:text=Alors%20que%20les%20travaux%20d%C3%A9but%C3%A9s,le%20nouveau%20calendrier%20est%20respect%C3%A9.\" rel=\"noopener\" target=\"_blank\">travaux en cours<\/a> au <strong>palais de justice de Vienne<\/strong>, qui dit-il ne donne pas la m\u00eame satisfaction que ceux r\u00e9alis\u00e9s \u00e0 Bourgoin-Jallieu. \u00ab\u00a0Ils ne permettront pas d&rsquo;accueillir tous les personnels de justice au palais de justice historique et encore moins les renforts attendus pour 2027. Cela a conduit la juridiction \u00e0 programmer le d\u00e9m\u00e9nagement du p\u00f4le social dans les locaux du conseil de prud&rsquo;homme et \u00e0 maintenir une partie de l&rsquo;activit\u00e9 dans un d\u00e9partement annexe mis \u00e0 disposition par le conseil d\u00e9partemental, que le minist\u00e8re de la Justice a enti\u00e8rement r\u00e9nov\u00e9.\u00a0\u00bb<\/p>\n<p> Palais de justice de Bourgoin-Jallieu : 3 000 r\u00e9serves de chantier \u00e0 lever <img decoding=\"async\" alt=\"\" class=\"img-size-limited\" data-zoomable=\"\" height=\"1333\" loading=\"lazy\" src=\"https:\/\/www.europesays.com\/fr\/wp-content\/uploads\/2025\/05\/4o7a0033.JPG\" title=\"\u00a9 Thomas Richardson - L'ensemble des nouveaux magistrats, nouveaux directeurs de greffe et cadres greffiers mis \u00e0 l'honneur le 27 mai 2025.\" width=\"2000\"\/> \u00a9 Thomas Richardson &#8211; L&rsquo;ensemble des nouveaux magistrats, nouveaux directeurs de greffe et cadres greffiers mis \u00e0 l&rsquo;honneur le 27 mai 2025. <\/p>\n<p>A l&rsquo;attention de Claudine Charre, Christophe Courtalon a list\u00e9 diff\u00e9rents points \u00e0 am\u00e9liorer ou \u00e0 renforcer : \u00ab\u00a0La r\u00e9duction des d\u00e9lais en proc\u00e9dure civile \u00e9crite afin de les contenir dans un d\u00e9lai maximum d&rsquo;un an, le d\u00e9veloppement, en lien \u00e9troit avec le barreau, du recours \u00e0 la m\u00e9diation et \u00e0 l&rsquo;audience de r\u00e8glement amiable, une dur\u00e9e des proc\u00e9dures d&rsquo;instruction contenue et l&rsquo;indispensable ma\u00eetrise des frais de justice\u00a0\u00bb. La nouvelle pr\u00e9sidente doit \u00e9galement parvenir \u00e0 lever les <strong>3 000 r\u00e9serves<\/strong> du <strong>chantier <\/strong>de r\u00e9novation du <a href=\"https:\/\/mesinfos.fr\/auvergne-rhone-alpes\/bourgoin-jallieu-le-tribunal-judiciaire-reintegre-le-palais-de-justice-historique-212324.html\" rel=\"noopener\" target=\"_blank\">palais de justice de Bourgoin-Jallieu<\/a>. <\/p>\n<p>\u00ab\u00a0Vous aurez \u00e0 donner corps au projet de justice r\u00e9solutive de probl\u00e8mes pour laquelle la juridiction a b\u00e9n\u00e9fici\u00e9 d&rsquo;un concours sp\u00e9cifique de la Mission interminist\u00e9rielle de lutte contre les drogues et les conduites addictives (Mildeca).\u00a0\u00bb<\/p>\n<p>Le premier pr\u00e9sident a \u00e9galement demand\u00e9 \u00e0 Claudine Charre, en lien avec Sophie Bergougnous et <a href=\"https:\/\/mesinfos.fr\/38000-grenoble\/tribunal-judiciaire-de-grenoble-la-bonne-annee-malgre-les-vacances-de-postes-215566.html\" rel=\"noopener\" target=\"_blank\">Anne Auclair-Rabinovitch<\/a>, pr\u00e9sidente de la commission d\u00e9partementale de l&rsquo;acc\u00e8s au droit, d&rsquo;agir \u00ab\u00a0pour maintenir l&rsquo;activit\u00e9 de la <a href=\"https:\/\/mesinfos.fr\/38090-villefontaine\/la-mediation-familiale-expliquee-a-la-maison-de-justice-et-du-droit-de-villefontaine-222242.html\" rel=\"noopener\" target=\"_blank\">Maison de justice et du droit de Villefontaine<\/a> dont le financement par les collectivit\u00e9s locales concern\u00e9es est questionn\u00e9\u00a0\u00bb.<\/p>\n<p> Christophe Courtalon : \u00ab\u00a0Du choix de votre personne d\u00e9pend le bon fonctionnement de la cour et du ressort\u00a0\u00bb <img decoding=\"async\" alt=\"\" class=\"img-align-center\" data-zoomable=\"\" height=\"1333\" loading=\"lazy\" src=\"https:\/\/www.europesays.com\/fr\/wp-content\/uploads\/2025\/05\/4o7a9997.JPG\" title=\"\u00a9 Thomas Richardson - Christophe Courtalon, premier pr\u00e9sident de la cour d'appel de Grenoble lors de l'audience solennelle du 27 mai 2025.\" width=\"2000\"\/> \u00a9 Thomas Richardson &#8211; Christophe Courtalon, premier pr\u00e9sident de la cour d&rsquo;appel de Grenoble lors de l&rsquo;audience solennelle du 27 mai 2025. <\/p>\n<p>Ex-vice-pr\u00e9sidente du tribunal judiciaire de Chamb\u00e9ry et d\u00e9sormais nouvelle conseill\u00e8re \u00e0 la cour d&rsquo;appel de Grenoble, C\u00e9line Payen est provisoirement affect\u00e9e \u00e0 la section B de la chambre des appels correctionnels mais rejoindra, en septembre 2025, la chambre commerciale. <\/p>\n<p>Enfin, Aur\u00e9lie Meyer \u00e9tait, depuis 2022, vice-procureure de la R\u00e9publique au parquet national antiterroriste \u00e0 Paris. Elle est d\u00e9sormais <strong>substitute g\u00e9n\u00e9rale<\/strong> charg\u00e9e du <strong>secr\u00e9tariat g\u00e9n\u00e9ral <\/strong>\u00e0 la cour d&rsquo;appel de Grenoble. <\/p>\n<blockquote>\n<p>\u00ab\u00a0Du choix de votre personne d\u00e9pend le bon fonctionnement de la cour et du ressort, a fait savoir Christophe Courtalon. [&#8230;] Interlocutrice privil\u00e9gi\u00e9e de votre homologue \u00e0 la premi\u00e8re pr\u00e9sidence, la secr\u00e9taire g\u00e9n\u00e9rale du parquet g\u00e9n\u00e9ral entretient des liens \u00e9troits avec le premier pr\u00e9sident. La confiance qui doit pr\u00e9sider \u00e0 leurs relations, la fluidit\u00e9 avec laquelle les d\u00e9cisions sont prises conditionnent l&rsquo;efficacit\u00e9 de notre action. Je ne doute pas de votre r\u00e9ussite.\u00a0\u00bb <\/p>\n<\/blockquote>\n<p>  Trois nouveaux directeurs de greffe \u00e0 la cour d&rsquo;appel de Grenoble <img decoding=\"async\" alt=\"\" class=\"img-align-center\" data-zoomable=\"\" height=\"1333\" loading=\"lazy\" src=\"https:\/\/www.europesays.com\/fr\/wp-content\/uploads\/2025\/05\/4o7a0021.JPG\" title=\"\u00a9 Thomas Richardson - Une partie des cadres greffes et  directeurs de greffe mis \u00e0 l'honneur.\" width=\"2000\"\/> \u00a9 Thomas Richardson &#8211; Une partie des cadres greffes et directeurs de greffe mis \u00e0 l&rsquo;honneur. <\/p>\n<p>Au cours de l&rsquo;audience, le premier pr\u00e9sident a \u00e9galement mis \u00e0 l&rsquo;honneur les trois nouveaux <strong>directeurs de greffe<\/strong> : Laetitia Mathieu, Anna Sarfati et Anthony Fournier, ainsi que les <strong>cadres greffiers <\/strong>(fonctionnaires de justice de cat\u00e9gorie A)\u00a0: Abla Amari, Claire Chevallet, Magalie Cosnard, Fabienne Drueille, Chrystel Rohrer, Sylvie Vincent, Marie-Ange Barthalay et\u00a0Laurent Labuda.<\/p>\n<p> Hommage \u00e0 l&rsquo;ancien premier pr\u00e9sident G\u00e9rard Meigni\u00e9, d\u00e9c\u00e9d\u00e9 le 20 avril 2025 <\/p>\n<p>Enfin, Christophe Courtalon a tenu \u00e0 rendre un hommage \u00e0 G\u00e9rard Meigni\u00e9, d\u00e9c\u00e9d\u00e9 le 20 avril 2025. Il a \u00e9t\u00e9 le 31e premier pr\u00e9sident de la cour d&rsquo;appel de Grenoble de 2008 \u00e0 2015. \u00ab\u00a0Au cours d&rsquo;une carri\u00e8re commenc\u00e9e en 1977 \u00e0 Arras, il avait pr\u00e9sid\u00e9 successivement les juridictions d&rsquo;Abbeville, de Bourges, Dunkerque, et de Clermont-Ferrand avant d&rsquo;\u00eatre nomm\u00e9 \u00e0 Grenoble. Homme de foi et de loi, M. Meigni\u00e9 avait d\u00e9cid\u00e9 de consacrer son temps libre de retrait\u00e9 \u00e0 la vie associative. [&#8230;] Il pr\u00f4nait, bien en avance sur son temps, la m\u00e9diation comme mode de r\u00e8glement de certains conflits. [&#8230;] L&rsquo;homme du Nord louait Grenoble, sa terre d&rsquo;adoption, appr\u00e9ciant la simplicit\u00e9 de ces gens directs, loyaux, sympathiques et ouverts.\u00a0\u00bb<\/p>\n","protected":false},"excerpt":{"rendered":"Cinq magistrats ont \u00e9t\u00e9 mis \u00e0 l&rsquo;honneur par la cour d&rsquo;appel de Grenoble, mardi 27 mai 2025, \u00e0&hellip;\n","protected":false},"author":2,"featured_media":134194,"comment_status":"","ping_status":"","sticky":false,"template":"","format":"standard","meta":{"footnotes":""},"categories":[9566],"tags":[1111,11,2430,26011,1777,674,1011,27,2731,6194,12,25],"class_list":{"0":"post-134193","1":"post","2":"type-post","3":"status-publish","4":"format-standard","5":"has-post-thumbnail","7":"category-grenoble","8":"tag-actu","9":"tag-actualites","10":"tag-auvergne-rhone-alpes","11":"tag-cour-dappel-de-grenoble","12":"tag-eu","13":"tag-europe","14":"tag-fr","15":"tag-france","16":"tag-grenoble","17":"tag-magistrats","18":"tag-news","19":"tag-republique-francaise"},"share_on_mastodon":{"url":"https:\/\/pubeurope.com\/@fr\/114585226802852958","error":""},"_links":{"self":[{"href":"https:\/\/www.europesays.com\/fr\/wp-json\/wp\/v2\/posts\/134193","targetHints":{"allow":["GET"]}}],"collection":[{"href":"https:\/\/www.europesays.com\/fr\/wp-json\/wp\/v2\/posts"}],"about":[{"href":"https:\/\/www.europesays.com\/fr\/wp-json\/wp\/v2\/types\/post"}],"author":[{"embeddable":true,"href":"https:\/\/www.europesays.com\/fr\/wp-json\/wp\/v2\/users\/2"}],"replies":[{"embeddable":true,"href":"https:\/\/www.europesays.com\/fr\/wp-json\/wp\/v2\/comments?post=134193"}],"version-history":[{"count":0,"href":"https:\/\/www.europesays.com\/fr\/wp-json\/wp\/v2\/posts\/134193\/revisions"}],"wp:featuredmedia":[{"embeddable":true,"href":"https:\/\/www.europesays.com\/fr\/wp-json\/wp\/v2\/media\/134194"}],"wp:attachment":[{"href":"https:\/\/www.europesays.com\/fr\/wp-json\/wp\/v2\/media?parent=134193"}],"wp:term":[{"taxonomy":"category","embeddable":true,"href":"https:\/\/www.europesays.com\/fr\/wp-json\/wp\/v2\/categories?post=134193"},{"taxonomy":"post_tag","embeddable":true,"href":"https:\/\/www.europesays.com\/fr\/wp-json\/wp\/v2\/tags?post=134193"}],"curies":[{"name":"wp","href":"https:\/\/api.w.org\/{rel}","templated":true}]}}