{"id":134195,"date":"2025-05-28T11:29:09","date_gmt":"2025-05-28T11:29:09","guid":{"rendered":"https:\/\/www.europesays.com\/fr\/134195\/"},"modified":"2025-05-28T11:29:09","modified_gmt":"2025-05-28T11:29:09","slug":"bretelles-fermees-rond-point-securise-ce-que-lon-sait","status":"publish","type":"post","link":"https:\/\/www.europesays.com\/fr\/134195\/","title":{"rendered":"bretelles ferm\u00e9es, rond-point s\u00e9curis\u00e9\u2026 Ce que l&rsquo;on sait"},"content":{"rendered":"<p>            Par<br \/>\n        <strong><br \/>\n            <a href=\"https:\/\/actu.fr\/auteur\/brian-legoff\" title=\"Consulter tous les articles de Brian Le Goff\" target=\"_blank\" rel=\"noopener\">Brian Le Goff<\/a><br \/>\n        <\/strong><\/p>\n<p>        Publi\u00e9 le<\/p>\n<p>            28 mai 2025 \u00e0 13h11        <\/p>\n<p>\u00ab\u00a0C\u2019\u00e9tait une <strong>op\u00e9ration souhait\u00e9e par la pr\u00e9fecture<\/strong>.\u00a0\u00bb Mardi 27 mai en soir\u00e9e, une grosse op\u00e9ration de <a href=\"https:\/\/actu.fr\/tag\/police\" target=\"_blank\" rel=\"noopener\">police<\/a> a \u00e9t\u00e9 men\u00e9e \u00e0 l\u2019une des plus <strong>importantes portes d\u2019entr\u00e9e<\/strong> de <a href=\"https:\/\/actu.fr\/rennes\/\" target=\"_blank\" rel=\"noopener\">Rennes<\/a>, au niveau du <a href=\"https:\/\/actu.fr\/bretagne\/rennes_35238\/course-poursuite-entre-dealers-a-rennes-la-police-intervient-un-camion-de-la-dir-ouest-percute_62675162.html\" target=\"_blank\" rel=\"noopener\">rond-point d\u2019Alma<\/a>.<\/p>\n<p>Un lieu s\u00e9curis\u00e9 et filtr\u00e9<\/p>\n<p class=\" wall-content\">Les <strong>bretelles<\/strong> de sortie de la rocade int\u00e9rieure dans cette direction ont \u00e9t\u00e9 <strong>ferm\u00e9es<\/strong> comme l\u2019acc\u00e8s au rond-point depuis le centre-ville. Ainsi, seuls les <strong>v\u00e9hicules en provenance de Nantes<\/strong> arrivaient sur ce point strat\u00e9gique.<\/p>\n<p>    <img   decoding=\"async\" loading=\"lazy\" src=\"https:\/\/www.europesays.com\/fr\/wp-content\/uploads\/2025\/05\/police-rennes-controles-operation-4-960x640.jpg\" alt=\"176 v\u00e9hicules ont \u00e9t\u00e9 contr\u00f4l\u00e9s en quatre heures, mardi 27 mai.\" width=\"960\" height=\"640\"\/><br \/>\n    176 v\u00e9hicules ont \u00e9t\u00e9 contr\u00f4l\u00e9s en quatre heures, mardi 27 mai. (\u00a9Police Nationale 35)<\/p>\n<p class=\" wall-content\">Pour mener \u00e0 bien les contr\u00f4les routiers qui visaient notamment \u00e0 la recherche de stup\u00e9fiants, une <strong>trentaine de forces de l\u2019ordre<\/strong> ont \u00e9t\u00e9 mobilis\u00e9es sur l\u2019op\u00e9ration, <strong>entre 21h et 1h<\/strong>.<\/p>\n<p>Pr\u00e8s de 200 personnes contr\u00f4l\u00e9es<\/p>\n<p class=\" wall-content\">Ainsi, <strong>176 v\u00e9hicules et 195 personnes<\/strong> ont \u00e9t\u00e9 contr\u00f4l\u00e9s. <strong>27 infractions routi\u00e8res<\/strong> ont \u00e9t\u00e9 relev\u00e9es tandis que <strong>quatre amendes forfaitaires d\u00e9lictuelles<\/strong> pour possession de drogues en tr\u00e8s petite quantit\u00e9 ont \u00e9t\u00e9 dress\u00e9es.<\/p>\n<p>Vid\u00e9os : en ce moment sur Actu<\/p>\n<p class=\" wall-content\">\n<p class=\" wall-content\">Aussi, <strong>19 d\u00e9pistages aux stup\u00e9fiants<\/strong> ont \u00e9t\u00e9 effectu\u00e9s, mais se sont tous r\u00e9v\u00e9l\u00e9s <strong>n\u00e9gatifs<\/strong>.<\/p>\n<p class=\" wall-content\">Au m\u00eame moment, les <strong>gendarmes<\/strong> \u00e9taient, eux, mobilis\u00e9s au niveau du <strong>p\u00e9age de la Gravelle<\/strong> sur l\u2019axe entre Rennes et Paris, \u00e0 la fronti\u00e8re entre l\u2019Ille-et-Vilaine et la Mayenne.<\/p>\n<p class=\" wall-content\">Suivez toute l\u2019actualit\u00e9 de vos villes et m\u00e9dias favoris en vous inscrivant \u00e0 <a href=\"https:\/\/moncompte.actu.fr\" title=\"D\u00e9couvez Mon Actu\" rel=\"nofollow noopener\" data-trk=\"{&quot;cta&quot;:{&quot;action&quot;:&quot;https:\\\/\\\/moncompte.actu.fr&quot;,&quot;category&quot;:&quot;mon compte&quot;,&quot;from&quot;:&quot;article footer&quot;,&quot;name&quot;:&quot;Mon actu&quot;,&quot;type&quot;:&quot;cta&quot;}}\" target=\"_blank\">Mon Actu<\/a>.<\/p>\n","protected":false},"excerpt":{"rendered":"Par Brian Le Goff Publi\u00e9 le 28 mai 2025 \u00e0 13h11 \u00ab\u00a0C\u2019\u00e9tait une op\u00e9ration souhait\u00e9e par la pr\u00e9fecture.\u00a0\u00bb&hellip;\n","protected":false},"author":2,"featured_media":134196,"comment_status":"","ping_status":"","sticky":false,"template":"","format":"standard","meta":{"footnotes":""},"categories":[2821],"tags":[1111,11,829,1052,1777,674,118,1011,27,12,1072,584,25,5009],"class_list":{"0":"post-134195","1":"post","2":"type-post","3":"status-publish","4":"format-standard","5":"has-post-thumbnail","7":"category-rennes","8":"tag-actu","9":"tag-actualites","10":"tag-bretagne","11":"tag-drogue","12":"tag-eu","13":"tag-europe","14":"tag-faits-divers","15":"tag-fr","16":"tag-france","17":"tag-news","18":"tag-police","19":"tag-rennes","20":"tag-republique-francaise","21":"tag-securite-routiere"},"share_on_mastodon":{"url":"https:\/\/pubeurope.com\/@fr\/114585230624759025","error":""},"_links":{"self":[{"href":"https:\/\/www.europesays.com\/fr\/wp-json\/wp\/v2\/posts\/134195","targetHints":{"allow":["GET"]}}],"collection":[{"href":"https:\/\/www.europesays.com\/fr\/wp-json\/wp\/v2\/posts"}],"about":[{"href":"https:\/\/www.europesays.com\/fr\/wp-json\/wp\/v2\/types\/post"}],"author":[{"embeddable":true,"href":"https:\/\/www.europesays.com\/fr\/wp-json\/wp\/v2\/users\/2"}],"replies":[{"embeddable":true,"href":"https:\/\/www.europesays.com\/fr\/wp-json\/wp\/v2\/comments?post=134195"}],"version-history":[{"count":0,"href":"https:\/\/www.europesays.com\/fr\/wp-json\/wp\/v2\/posts\/134195\/revisions"}],"wp:featuredmedia":[{"embeddable":true,"href":"https:\/\/www.europesays.com\/fr\/wp-json\/wp\/v2\/media\/134196"}],"wp:attachment":[{"href":"https:\/\/www.europesays.com\/fr\/wp-json\/wp\/v2\/media?parent=134195"}],"wp:term":[{"taxonomy":"category","embeddable":true,"href":"https:\/\/www.europesays.com\/fr\/wp-json\/wp\/v2\/categories?post=134195"},{"taxonomy":"post_tag","embeddable":true,"href":"https:\/\/www.europesays.com\/fr\/wp-json\/wp\/v2\/tags?post=134195"}],"curies":[{"name":"wp","href":"https:\/\/api.w.org\/{rel}","templated":true}]}}