{"id":134199,"date":"2025-05-28T11:31:10","date_gmt":"2025-05-28T11:31:10","guid":{"rendered":"https:\/\/www.europesays.com\/fr\/134199\/"},"modified":"2025-05-28T11:31:10","modified_gmt":"2025-05-28T11:31:10","slug":"toute-lactu-top-music-c-votre-emploi-30-postes-a-la-clinique-rhena","status":"publish","type":"post","link":"https:\/\/www.europesays.com\/fr\/134199\/","title":{"rendered":"Toute l&rsquo;actu Top Music &#8211; C Votre Emploi : 30 postes \u00e0 la clinique Rh\u00e9na"},"content":{"rendered":"<p><img decoding=\"async\" class=\"\" style=\"width:100%\" src=\"https:\/\/www.europesays.com\/fr\/wp-content\/uploads\/2025\/05\/Capture_d__cran_2025_05_28_1115131748424133334.png\" alt=\"Morgane Glatz, Responsable des Ressources Humaines de la clinique Rh\u00e9na, sur BFM Alsace\"\/><\/p>\n<p>Morgane Glatz, Responsable des Ressources Humaines de la clinique Rh\u00e9na, sur BFM Alsace<\/p>\n<p>Cr\u00e9dit : Morgane Glatz, Responsable des Ressources Humaines de la clinique Rh\u00e9na, sur BFM Alsace<\/p>\n<p>La\u00a0clinique Rh\u00e9na s&rsquo;\u00e9tend sur <strong>39000 m2 dans le quartier des Deux Rives \u00e0 Strasbourg : 371 lits et 79 places<\/strong>. Cet \u00e9tablissement compte <strong>1100 professionnels dont 300 praticiens<\/strong>. Rh\u00e9na fait partie des 50 meilleurs \u00e9tablissements hospitaliers de France selon plusieurs classements.\u00a0La\u00a0clinique Rh\u00e9na recrute sur <strong>30 postes en ce moment<\/strong>.\u00a0Parmi les m\u00e9tiers recherch\u00e9s : <strong>infirmi\u00e8res de bloc op\u00e9ratoires, un m\u00e9tier en tension<\/strong>.\u00a0La\u00a0clinique Rh\u00e9na recherche aussi des ASH (Agent de Service H\u00f4telier) et des agents de st\u00e9rilisation. Des pharmaciens sont aussi recrut\u00e9s tout comme des aides soignant.e.s. Les postes sont \u00e0 pourvoir au <strong>bloc op\u00e9ratoire, en chirurgie et en soins critiques<\/strong>. Les contrats propos\u00e9s sont des <strong>CDI et des CDD<\/strong>.<\/p>\n<p>\u00a0<\/p>\n<p><strong>Un environnement de travail de qualit\u00e9<\/strong><\/p>\n<p>\u00a0<\/p>\n<p>La\u00a0clinique Rh\u00e9na \u00e0 Strasbourg mise sur l&rsquo;environnement de travail pour recruter : <strong>environnement lumineux et d\u00e9cor\u00e9,<\/strong> bien loin de \u00ab\u00a0l&rsquo;ambiance aust\u00e8re de l&rsquo;h\u00f4pital\u00a0\u00bb. La direction veut mettre ses employ\u00e9s dans de bonnes conditions de travail : ils peuvent profiter <strong>de massages assis, de soins bien-\u00eatre ou encore d&rsquo;ateliers culinaires dans le restaurant d&rsquo;entreprise<\/strong>. La\u00a0clinique Rh\u00e9na est aussi vigilante sur les risques psychosociaux de ses salari\u00e9s. La clinique propose \u00e9galement <strong>des horaires de travail adapt\u00e9s aux contraintes familiales des salari\u00e9s et personnelles<\/strong>. Les salari\u00e9s ont la possibilit\u00e9 de travailler sur des cycles de 7h, 10h ou 12h selon les services. Pour recruter, <strong>des jobs datings sont r\u00e9guli\u00e8rement organis\u00e9s<\/strong>. Des formations courtes sont aussi propos\u00e9es par la Mission locale<\/p>\n<p>\u00a0<\/p>\n<p>\u00a0<\/p>\n","protected":false},"excerpt":{"rendered":"Morgane Glatz, Responsable des Ressources Humaines de la clinique Rh\u00e9na, sur BFM Alsace Cr\u00e9dit : Morgane Glatz, Responsable&hellip;\n","protected":false},"author":2,"featured_media":134200,"comment_status":"","ping_status":"","sticky":false,"template":"","format":"standard","meta":{"footnotes":""},"categories":[2820],"tags":[1111,11,2389,11133,3562,341,1777,674,1011,27,775,26012,5112,12,7099,25,5114,640,4890,3847],"class_list":{"0":"post-134199","1":"post","2":"type-post","3":"status-publish","4":"format-standard","5":"has-post-thumbnail","7":"category-strasbourg","8":"tag-actu","9":"tag-actualites","10":"tag-alsace","11":"tag-basrhin","12":"tag-clinique","13":"tag-emploi","14":"tag-eu","15":"tag-europe","16":"tag-fr","17":"tag-france","18":"tag-grand-est","19":"tag-grandest","20":"tag-infirmiere","21":"tag-news","22":"tag-recrutement","23":"tag-republique-francaise","24":"tag-rhena","25":"tag-strasbourg","26":"tag-topmusicfrance","27":"tag-travail"},"share_on_mastodon":{"url":"https:\/\/pubeurope.com\/@fr\/114585238657223259","error":""},"_links":{"self":[{"href":"https:\/\/www.europesays.com\/fr\/wp-json\/wp\/v2\/posts\/134199","targetHints":{"allow":["GET"]}}],"collection":[{"href":"https:\/\/www.europesays.com\/fr\/wp-json\/wp\/v2\/posts"}],"about":[{"href":"https:\/\/www.europesays.com\/fr\/wp-json\/wp\/v2\/types\/post"}],"author":[{"embeddable":true,"href":"https:\/\/www.europesays.com\/fr\/wp-json\/wp\/v2\/users\/2"}],"replies":[{"embeddable":true,"href":"https:\/\/www.europesays.com\/fr\/wp-json\/wp\/v2\/comments?post=134199"}],"version-history":[{"count":0,"href":"https:\/\/www.europesays.com\/fr\/wp-json\/wp\/v2\/posts\/134199\/revisions"}],"wp:featuredmedia":[{"embeddable":true,"href":"https:\/\/www.europesays.com\/fr\/wp-json\/wp\/v2\/media\/134200"}],"wp:attachment":[{"href":"https:\/\/www.europesays.com\/fr\/wp-json\/wp\/v2\/media?parent=134199"}],"wp:term":[{"taxonomy":"category","embeddable":true,"href":"https:\/\/www.europesays.com\/fr\/wp-json\/wp\/v2\/categories?post=134199"},{"taxonomy":"post_tag","embeddable":true,"href":"https:\/\/www.europesays.com\/fr\/wp-json\/wp\/v2\/tags?post=134199"}],"curies":[{"name":"wp","href":"https:\/\/api.w.org\/{rel}","templated":true}]}}