{"id":13420,"date":"2025-04-09T19:47:32","date_gmt":"2025-04-09T19:47:32","guid":{"rendered":"https:\/\/www.europesays.com\/fr\/13420\/"},"modified":"2025-04-09T19:47:32","modified_gmt":"2025-04-09T19:47:32","slug":"des-hooligans-strasbourgeois-condamnes-pour-des-violences-a-reims","status":"publish","type":"post","link":"https:\/\/www.europesays.com\/fr\/13420\/","title":{"rendered":"Des hooligans strasbourgeois condamn\u00e9s pour des violences \u00e0 Reims"},"content":{"rendered":"<p class=\"wp-block-post-excerpt__excerpt\">Suite \u00e0 un affrontement avec des r\u00e9mois samedi, cinq hooligans strasbourgeois ont \u00e9t\u00e9 condamn\u00e9s \u00e0 de la prison avec sursis. Une forte rivalit\u00e9 entre des groupes n\u00e9onazis des deux villes existe depuis plusieurs ann\u00e9es. <\/p>\n<p class=\"font-sans\">\n\t\t\tCet article est en acc\u00e8s libre. Pour soutenir Rue89 Strasbourg,<br \/>\n\t\t\t<a class=\"underline\" href=\"https:\/\/www.rue89strasbourg.com\/abonnement\" target=\"_blank\" rel=\"noopener\">abonnez-vous<\/a>.\n\t\t<\/p>\n<p>Thibault Vetter<\/p>\n<p>Publi\u00e9 le 8 avril 2025\u00a0\u00a0\u00b7\u00a0\u00a0<\/p>\n<p>Imprim\u00e9 le 9 avril 2025 \u00e0 20h45\u00a0\u00a0\u00b7\u00a0\u00a0<\/p>\n<p>Modifi\u00e9 le 9 avril 2025\u00a0\u00a0\u00b7\u00a0\u00a0<\/p>\n<p>\t\t\t\t\t1\u00a0minute\n<\/p>\n<p>Reims, 22h15, samedi 5 avril. Le lendemain, le Racing club de Strasbourg joue contre l\u2019\u00e9quipe locale pour un match de Ligue 1. Une dizaine de Mesos, des hooligans n\u00e9onazis r\u00e9mois, sont attabl\u00e9s \u00e0 la terrasse du Gin Pamp, en plein centre-ville. Soudain, une vingtaine d\u2019individus habill\u00e9s en noir et aux visages dissimul\u00e9s d\u00e9ferlent en bande, comme on peut le voir dans une vid\u00e9o publi\u00e9e sur le boucle Telegram GruppaOf, sp\u00e9cialis\u00e9e dans le hooliganisme.<\/p>\n<p>Lors de l\u2019affrontement, deux employ\u00e9s du bar sont bless\u00e9s par des chaises et des tables envoy\u00e9es dans leur direction <a href=\"https:\/\/france3-regions.francetvinfo.fr\/grand-est\/marne\/reims\/video-affrontement-en-centre-ville-nouvel-incident-impliquant-les-mesos-des-hooligans-neo-nazis-de-reims-avant-le-match-contre-strasbourg-3134260.html\" target=\"_blank\" rel=\"noreferrer noopener\">d\u2019apr\u00e8s France 3 Grand Est<\/a>. Le m\u00eame article relate que parmi les personnes participant \u00e0 l\u2019\u00e9meute, certains utilisent m\u00eame des grenades lacrymog\u00e8nes, des armes th\u00e9oriquement interdites.<\/p>\n<p>\t\tPrison avec sursis<\/p>\n<p>Neuf hooligans ont \u00e9t\u00e9 interpell\u00e9s et plac\u00e9s en garde vue. Et cinq strasbourgeois ont \u00e9t\u00e9 jug\u00e9s en comparution imm\u00e9diate lundi 7 avril. Ils ont \u00e9t\u00e9 jug\u00e9s coupables de violences aggrav\u00e9es et ont \u00e9cop\u00e9 de peines allant de trois \u00e0 six mois de prison avec sursis, assorties d\u2019interdiction de s\u00e9jour \u00e0 Reims et de d\u00e9tention d\u2019armes <a href=\"https:\/\/www.francebleu.fr\/sports\/football\/football-des-ultras-strasbourgeois-condamnes-a-de-la-prison-avec-sursis-pour-des-violences-a-reims-1185356\" target=\"_blank\" rel=\"noreferrer noopener\">selon France Bleu<\/a>.<\/p>\n<p>Il s\u2019agit probablement de membres des Strasbourg Offender, un groupe de hooligans n\u00e9onazis en forte rivalit\u00e9 avec les Mesos. Rue89 Strasbourg a document\u00e9 que les deux bandes se sont d\u00e9j\u00e0 battues en <a href=\"https:\/\/www.rue89strasbourg.com\/kilstett-hooligans-neonazis-bagarre-221668\" target=\"_blank\" rel=\"noreferrer noopener\">novembre 2021 \u00e0 Kilstett<\/a> et en <a href=\"https:\/\/www.rue89strasbourg.com\/reims-hooligans-strasbourg-offender-229274\" target=\"_blank\" rel=\"noreferrer noopener\">mars 2022 pr\u00e8s de Reims<\/a>. Une personne avait \u00e9t\u00e9 poignard\u00e9e lors de la seconde bagarre, et plusieurs avaient \u00e9t\u00e9 hospitalis\u00e9es.<\/p>\n<p>Le minist\u00e8re de l\u2019Int\u00e9rieur envisageait fin mars de <a href=\"https:\/\/www.rue89strasbourg.com\/strasbourg-offender-dissolution-337216\" target=\"_blank\" rel=\"noreferrer noopener\">dissoudre les Strasbourg Offender<\/a>. Mais <a href=\"https:\/\/www.lequipe.fr\/Football\/Article\/Dissolution-des-groupes-de-supporters-vraiment-la-meilleure-solution-pour-lutter-contre-les-incidents-en-tribunes\/1550863\" target=\"_blank\" rel=\"noreferrer noopener\">L\u2019\u00c9quipe a r\u00e9v\u00e9l\u00e9<\/a> le 31 mars que la proc\u00e9dure \u00e9tait en pause. Beauvau a justifi\u00e9 que les responsables du Racing club de Strasbourg \u00e9taient responsables puisqu\u2019ils d\u00e9noncent eux-m\u00eames \u00e0 la police les supporters qui \u00ab\u00a0font le salut nazi\u00a0\u00bb. Le minist\u00e8re a tout de m\u00eame pr\u00e9cis\u00e9 \u00e0 nos confr\u00e8res que \u00ab\u00a0s\u2019ils fautent\u00a0\u00bb \u00e0 nouveau, la dissolution pourrait \u00eatre r\u00e9alis\u00e9e gr\u00e2ce \u00e0 un dossier plus solide.<\/p>\n","protected":false},"excerpt":{"rendered":"Suite \u00e0 un affrontement avec des r\u00e9mois samedi, cinq hooligans strasbourgeois ont \u00e9t\u00e9 condamn\u00e9s \u00e0 de la prison&hellip;\n","protected":false},"author":2,"featured_media":13421,"comment_status":"","ping_status":"","sticky":false,"template":"","format":"standard","meta":{"footnotes":""},"categories":[2820],"tags":[1111,11,1777,674,6017,1011,27,775,6018,12,25,640],"class_list":{"0":"post-13420","1":"post","2":"type-post","3":"status-publish","4":"format-standard","5":"has-post-thumbnail","7":"category-strasbourg","8":"tag-actu","9":"tag-actualites","10":"tag-eu","11":"tag-europe","12":"tag-fait-divers","13":"tag-fr","14":"tag-france","15":"tag-grand-est","16":"tag-hooligans","17":"tag-news","18":"tag-republique-francaise","19":"tag-strasbourg"},"share_on_mastodon":{"url":"https:\/\/pubeurope.com\/@fr\/114309735632138403","error":""},"_links":{"self":[{"href":"https:\/\/www.europesays.com\/fr\/wp-json\/wp\/v2\/posts\/13420","targetHints":{"allow":["GET"]}}],"collection":[{"href":"https:\/\/www.europesays.com\/fr\/wp-json\/wp\/v2\/posts"}],"about":[{"href":"https:\/\/www.europesays.com\/fr\/wp-json\/wp\/v2\/types\/post"}],"author":[{"embeddable":true,"href":"https:\/\/www.europesays.com\/fr\/wp-json\/wp\/v2\/users\/2"}],"replies":[{"embeddable":true,"href":"https:\/\/www.europesays.com\/fr\/wp-json\/wp\/v2\/comments?post=13420"}],"version-history":[{"count":0,"href":"https:\/\/www.europesays.com\/fr\/wp-json\/wp\/v2\/posts\/13420\/revisions"}],"wp:featuredmedia":[{"embeddable":true,"href":"https:\/\/www.europesays.com\/fr\/wp-json\/wp\/v2\/media\/13421"}],"wp:attachment":[{"href":"https:\/\/www.europesays.com\/fr\/wp-json\/wp\/v2\/media?parent=13420"}],"wp:term":[{"taxonomy":"category","embeddable":true,"href":"https:\/\/www.europesays.com\/fr\/wp-json\/wp\/v2\/categories?post=13420"},{"taxonomy":"post_tag","embeddable":true,"href":"https:\/\/www.europesays.com\/fr\/wp-json\/wp\/v2\/tags?post=13420"}],"curies":[{"name":"wp","href":"https:\/\/api.w.org\/{rel}","templated":true}]}}