{"id":134203,"date":"2025-05-28T11:33:09","date_gmt":"2025-05-28T11:33:09","guid":{"rendered":"https:\/\/www.europesays.com\/fr\/134203\/"},"modified":"2025-05-28T11:33:09","modified_gmt":"2025-05-28T11:33:09","slug":"jnad-avoir-acces-a-ses-droits","status":"publish","type":"post","link":"https:\/\/www.europesays.com\/fr\/134203\/","title":{"rendered":"JNAD : \u00ab Avoir acc\u00e8s \u00e0 ses droits \u00bb"},"content":{"rendered":"<p>                    <img loading=\"lazy\" decoding=\"async\" src=\"https:\/\/www.europesays.com\/fr\/wp-content\/uploads\/2025\/05\/666e9fc9062d66b0de1af9de33ea0c.jpg\" class=\"img-responsive post-image\" width=\"680\" height=\"510\" alt=\"JNAD : \u00ab Avoir acc\u00e8s (\u2026)\" title=\"JNAD : \u00ab Avoir acc\u00e8s \u00e0 ses droits \u00bb\"\/><\/p>\n<p class=\"chapo\">Plusieurs professionnels du droit ont donn\u00e9 de leur temps, vendredi 23 mai, \u00e0 Nice et dans d\u2019autres villes du d\u00e9partement, pour informer les citoyens sur leurs droits dans le cadre de la huiti\u00e8me Journ\u00e9e nationale de l\u2019acc\u00e8s au droit (JNAD) organis\u00e9e par le CDAD 06.<\/p>\n<p>\u00ab\u00a0Cette journ\u00e9e est faite pour permettre aux justiciables de se renseigner sur leurs droits et, \u00e9ventuellement, d\u2019avoir des informations sur les actions qu\u2019ils peuvent entreprendre quand ils ont une difficult\u00e9\u00a0dans leur vie quotidienne. C\u2019est une mani\u00e8re tr\u00e8s pragmatique, pour chacun, d\u2019avoir acc\u00e8s \u00e0 ses droits\u00a0\u00bb, a expliqu\u00e9 la pr\u00e9sidente du <a href=\"https:\/\/www.cdad06.fr\/\" class=\"texte\" rel=\"external nofollow noopener\" target=\"_blank\">CDAD 06<\/a> et pr\u00e9sidente du tribunal judiciaire de Nice, <strong>Pascale Dorion<\/strong>. \u00ab\u00a0\u00a0Bien \u00e9videmment, nous ne faisons pas de conseil car il n\u2019y a que les avocats qui peuvent en faire mais nous les orientons et nous les informons sur tout ce qu\u2019ils peuvent faire\u00a0\u00a0\u00bb.<\/p>\n<p>\u00c0 Nice, plusieurs stands d\u2019information ont \u00e9t\u00e9 install\u00e9s sur la place du palais de justice, avec le soutien du barreau et de la ville. \u00c9taient pr\u00e9sents une notaire, une avocate g\u00e9n\u00e9raliste, une avocate sp\u00e9cialiste du droit du travail, des avocats m\u00e9diateurs du CJA (Centre de justice amiable) et une conciliatrice de justice. \u00ab\u00a0Les conciliateurs de justice sont des b\u00e9n\u00e9voles qui aident nos concitoyens \u00e0 trouver des solutions amiables \u00e0 leurs diff\u00e9rends. Cela fonctionne tr\u00e8s bien en mati\u00e8re de conflits de voisinage\u00a0\u00bb, a expliqu\u00e9 la pr\u00e9sidente du TJ, qui a \u00e9galement rappel\u00e9 que des avocats g\u00e9n\u00e9ralistes tenaient des permanences toute l\u2019ann\u00e9e aupr\u00e8s du CDAD (Conseil d\u00e9partemental de l\u2019acc\u00e8s au droit). \u00ab\u00a0\u00a0Un couple est venu me voir pour des questions li\u00e9es au droit de la famille.\u00a0Ce sont les questions sur les successions qui reviennent le plus souvent\u00a0\u00bb, a confi\u00e9 <strong>Me Linda Tan<\/strong>, notaire \u00e0 Nice et membre de la chambre des notaires des Alpes-Maritimes.\u00a0D\u2019autres manifestations ont eu lieu le m\u00eame jour \u00e0 Menton, Cannes, Antibes et Vallauris.<\/p>\n<p><strong>Informations utiles<\/strong> sur <a href=\"http:\/\/www.cdad06.fr\" class=\"spip_out\" rel=\"external nofollow noopener\" target=\"_blank\">www.cdad06.fr<\/a> et <a href=\"http:\/\/www.justice.fr\" class=\"spip_out\" rel=\"external nofollow noopener\" target=\"_blank\">www.justice.fr<\/a><br class=\"autobr\"\/><br \/>\n<strong>Information juridique gratuite au 30 39<\/strong><br class=\"autobr\"\/><br \/>\n<strong>Permanence juridique en langue des signes<\/strong>\u00a0: <a href=\"https:\/\/www.petitesaffiches.fr\/cdn-cgi\/l\/email-protection\" class=\"__cf_email__\" data-cfemail=\"026e716432344266706d6b76726e77706b676e2c6470\" rel=\"nofollow noopener\" target=\"_blank\">[email\u00a0protected]<\/a><\/p>\n","protected":false},"excerpt":{"rendered":"Plusieurs professionnels du droit ont donn\u00e9 de leur temps, vendredi 23 mai, \u00e0 Nice et dans d\u2019autres villes&hellip;\n","protected":false},"author":2,"featured_media":134204,"comment_status":"","ping_status":"","sticky":false,"template":"","format":"standard","meta":{"footnotes":""},"categories":[2819],"tags":[1111,11,2408,1777,674,1011,27,12,2401,882,25],"class_list":{"0":"post-134203","1":"post","2":"type-post","3":"status-publish","4":"format-standard","5":"has-post-thumbnail","7":"category-nice","8":"tag-actu","9":"tag-actualites","10":"tag-appels-d","11":"tag-eu","12":"tag-europe","13":"tag-fr","14":"tag-france","15":"tag-news","16":"tag-nice","17":"tag-provence-alpes-cote-dazur","18":"tag-republique-francaise"},"share_on_mastodon":{"url":"https:\/\/pubeurope.com\/@fr\/114585246490063337","error":""},"_links":{"self":[{"href":"https:\/\/www.europesays.com\/fr\/wp-json\/wp\/v2\/posts\/134203","targetHints":{"allow":["GET"]}}],"collection":[{"href":"https:\/\/www.europesays.com\/fr\/wp-json\/wp\/v2\/posts"}],"about":[{"href":"https:\/\/www.europesays.com\/fr\/wp-json\/wp\/v2\/types\/post"}],"author":[{"embeddable":true,"href":"https:\/\/www.europesays.com\/fr\/wp-json\/wp\/v2\/users\/2"}],"replies":[{"embeddable":true,"href":"https:\/\/www.europesays.com\/fr\/wp-json\/wp\/v2\/comments?post=134203"}],"version-history":[{"count":0,"href":"https:\/\/www.europesays.com\/fr\/wp-json\/wp\/v2\/posts\/134203\/revisions"}],"wp:featuredmedia":[{"embeddable":true,"href":"https:\/\/www.europesays.com\/fr\/wp-json\/wp\/v2\/media\/134204"}],"wp:attachment":[{"href":"https:\/\/www.europesays.com\/fr\/wp-json\/wp\/v2\/media?parent=134203"}],"wp:term":[{"taxonomy":"category","embeddable":true,"href":"https:\/\/www.europesays.com\/fr\/wp-json\/wp\/v2\/categories?post=134203"},{"taxonomy":"post_tag","embeddable":true,"href":"https:\/\/www.europesays.com\/fr\/wp-json\/wp\/v2\/tags?post=134203"}],"curies":[{"name":"wp","href":"https:\/\/api.w.org\/{rel}","templated":true}]}}