{"id":134217,"date":"2025-05-28T11:40:08","date_gmt":"2025-05-28T11:40:08","guid":{"rendered":"https:\/\/www.europesays.com\/fr\/134217\/"},"modified":"2025-05-28T11:40:08","modified_gmt":"2025-05-28T11:40:08","slug":"reprise-du-chantier-de-la69-castres-toulouse-sideres-les-opposants-vont-manifester-en-centre-ville","status":"publish","type":"post","link":"https:\/\/www.europesays.com\/fr\/134217\/","title":{"rendered":"Reprise du chantier de l&rsquo;A69 Castres-Toulouse. Sid\u00e9r\u00e9s, les opposants vont manifester en centre-ville"},"content":{"rendered":"<p>            Par<br \/>\n        <strong><br \/>\n            <a href=\"https:\/\/actu.fr\/auteur\/mareva-laville-actu-fr\" title=\"Consulter tous les articles de Mar\u00e9va Laville\" target=\"_blank\" rel=\"noopener\">Mar\u00e9va Laville<\/a><br \/>\n        <\/strong><\/p>\n<p>        Publi\u00e9 le<\/p>\n<p>            28 mai 2025 \u00e0 13h25        <\/p>\n<p>Les travaux de <a href=\"https:\/\/actu.fr\/tag\/autoroute-castres-toulouse-a69\" target=\"_blank\" rel=\"noopener\">l<strong>\u2019A69 entre Toulouse et Castres<\/strong> <\/a>reprendront. Ainsi en a d\u00e9cid\u00e9 la <strong>cour administrative d\u2019appel de Toulouse<\/strong> ce mercredi 28\u00a0mai 202, \u00e0 la suite d\u2019un v\u00e9ritable feuilleton cumulant le<a href=\"https:\/\/actu.fr\/occitanie\/castres_81065\/a69-le-tribunal-administratif-annule-larrete-prefectoral-autorisant-le-chantier-entre-castres-a-toulouse_62308002.html\" target=\"_blank\" rel=\"noopener\"> coup d\u2019arr\u00eat du chantier suite au jugement du tribunal administratif<\/a> de Toulouse le 27 f\u00e9vrier dernier, l\u2019appel d\u00e9pos\u00e9 par l\u2019\u00c9tat et Atosca, la <a href=\"https:\/\/actu.fr\/societe\/autoroute-a69-castres-toulouse-le-senat-vote-largement-la-proposition-de-loi-pour-la-reprise-du-chantier_62640531.html\" target=\"_blank\" rel=\"noopener\">proposition de loi<\/a> en la faveur de l\u2019A69, la <a href=\"https:\/\/actu.fr\/occitanie\/castres_81065\/autoroute-a69-la-justice-dira-dans-une-semaine-si-le-chantier-peut-reprendre-entre-castres-et-toulouse_62669537.html\" target=\"_blank\" rel=\"noopener\">suspension des jugements<\/a> en attendant la d\u00e9cision de la Cour d\u2019appel administrative, et le fameux dernier verdict. Qui n\u2019est, \u00e9videmment pas, du go\u00fbt des <strong>opposants de l\u2019A69.<\/strong><\/p>\n<p>Une manifestation pr\u00e9vue devant la gare<\/p>\n<p class=\" wall-content\">Des premi\u00e8res ripostes \u00e0 la reprise des travaux ont \u00e9t\u00e9 planifi\u00e9es. Un collectif de militants a annonc\u00e9 un <strong>rassemblement ce mercredi 28\u00a0mai 2025<\/strong> sur le parvis de la <strong>gare Matabiau<\/strong> \u00ab\u2009devant les pr\u00e9fectures\u2009\u00bb.<\/p>\n<blockquote class=\"ac-article-quote wall-content\">\n<p>Apr\u00e8s la joie de l&rsquo;arr\u00eat du chantier le 27 f\u00e9vrier dernier, beaucoup d&rsquo;entre nous sont pris-e-s par la sid\u00e9ration en cette p\u00e9riode o\u00f9 nous luttons avec acharnement et o\u00f9 les pouvoirs publics &#8211; de l&rsquo;artificialisation des terres aux pesticides &#8211; pi\u00e9tinent l&rsquo;ensemble des mesures \u00e9cologiques et poussent \u00e0 la destruction acc\u00e9l\u00e9r\u00e9e de nos milieux de vie.\u00a0<br \/>\nCe soir, il est essentiel de nous retrouver, pour crier notre rage d\u00e9noncer la mainmise du pouvoir sur la justice, son acharnement, sa violence&#8230; et pr\u00e9parer ensemble la riposte.\u00a0\u00bb\u00a0<\/p>\n<p>    <strong>Teuf contre l&rsquo;A69<\/strong><br \/>\n        opposants \u00e0 l&rsquo;autoroute Toulouse-Castres    <\/p><\/blockquote>\n<p class=\" wall-content\"><strong>Le rendez-vous est donn\u00e9 \u00e0 18h30<\/strong> devant les pr\u00e9fectures, \u00e0 Toulouse, face \u00e0 la gare. Le message sera clair, annoncent les opposants\u2009: \u00ab\u2009Nous n\u2019allons pas les laisser faire.\u2009\u00bb<\/p>\n<p>Un grand rassemblement de deux jours<\/p>\n<p class=\" wall-content\">Une \u00ab\u2009grande convergence\u2009\u00bb des collectifs aura \u00e9galement lieu <strong>du 4 au 6\u00a0juillet,<\/strong> \u00e0 l\u2019appel des Soul\u00e8vements de la Terre. Pendant deux jours, \u00ab\u2009on se mobilise ensemble contre la reprise des travaux dans un grand moment de convergence quelque part <strong>pr\u00e8s du trac\u00e9\u2009\u00bb de l\u2019A69.<\/strong><\/p>\n<p>Vid\u00e9os : en ce moment sur Actu<\/p>\n<p class=\" wall-content\">Suivez toute l\u2019actualit\u00e9 de vos villes et m\u00e9dias favoris en vous inscrivant \u00e0 <a href=\"https:\/\/moncompte.actu.fr\" title=\"D\u00e9couvez Mon Actu\" rel=\"nofollow noopener\" data-trk=\"{&quot;cta&quot;:{&quot;action&quot;:&quot;https:\\\/\\\/moncompte.actu.fr&quot;,&quot;category&quot;:&quot;mon compte&quot;,&quot;from&quot;:&quot;article footer&quot;,&quot;name&quot;:&quot;Mon actu&quot;,&quot;type&quot;:&quot;cta&quot;}}\" target=\"_blank\">Mon Actu<\/a>.<\/p>\n<ul class=\"ac-article-tag wall-content\">\n<li><a href=\"https:\/\/actu.fr\/tag\/autoroute-castres-toulouse-a69\" data-trk=\"{&quot;cta&quot;:{&quot;action&quot;:&quot;Autoroute Castres-Toulouse (A69)&quot;,&quot;category&quot;:&quot;tag&quot;,&quot;from&quot;:&quot;article footer&quot;,&quot;name&quot;:&quot;Autoroute Castres-Toulouse (A69)&quot;,&quot;type&quot;:&quot;cta&quot;}}\" target=\"_blank\" rel=\"noopener\">#Autoroute Castres-Toulouse (A69)<\/a><\/li>\n<li><a href=\"https:\/\/actu.fr\/tag\/manifestations\" data-trk=\"{&quot;cta&quot;:{&quot;action&quot;:&quot;Manifestations&quot;,&quot;category&quot;:&quot;tag&quot;,&quot;from&quot;:&quot;article footer&quot;,&quot;name&quot;:&quot;Manifestations&quot;,&quot;type&quot;:&quot;cta&quot;}}\" target=\"_blank\" rel=\"noopener\">#Manifestations<\/a><\/li>\n<\/ul>\n","protected":false},"excerpt":{"rendered":"Par Mar\u00e9va Laville Publi\u00e9 le 28 mai 2025 \u00e0 13h25 Les travaux de l\u2019A69 entre Toulouse et Castres&hellip;\n","protected":false},"author":2,"featured_media":134218,"comment_status":"","ping_status":"","sticky":false,"template":"","format":"standard","meta":{"footnotes":""},"categories":[2816],"tags":[1111,11,5728,1777,674,1011,27,1272,12,2680,25,104,2312],"class_list":{"0":"post-134217","1":"post","2":"type-post","3":"status-publish","4":"format-standard","5":"has-post-thumbnail","7":"category-toulouse","8":"tag-actu","9":"tag-actualites","10":"tag-autoroute-castres-toulouse-a69","11":"tag-eu","12":"tag-europe","13":"tag-fr","14":"tag-france","15":"tag-manifestations","16":"tag-news","17":"tag-occitanie","18":"tag-republique-francaise","19":"tag-societe","20":"tag-toulouse"},"share_on_mastodon":{"url":"https:\/\/pubeurope.com\/@fr\/114585273885453977","error":""},"_links":{"self":[{"href":"https:\/\/www.europesays.com\/fr\/wp-json\/wp\/v2\/posts\/134217","targetHints":{"allow":["GET"]}}],"collection":[{"href":"https:\/\/www.europesays.com\/fr\/wp-json\/wp\/v2\/posts"}],"about":[{"href":"https:\/\/www.europesays.com\/fr\/wp-json\/wp\/v2\/types\/post"}],"author":[{"embeddable":true,"href":"https:\/\/www.europesays.com\/fr\/wp-json\/wp\/v2\/users\/2"}],"replies":[{"embeddable":true,"href":"https:\/\/www.europesays.com\/fr\/wp-json\/wp\/v2\/comments?post=134217"}],"version-history":[{"count":0,"href":"https:\/\/www.europesays.com\/fr\/wp-json\/wp\/v2\/posts\/134217\/revisions"}],"wp:featuredmedia":[{"embeddable":true,"href":"https:\/\/www.europesays.com\/fr\/wp-json\/wp\/v2\/media\/134218"}],"wp:attachment":[{"href":"https:\/\/www.europesays.com\/fr\/wp-json\/wp\/v2\/media?parent=134217"}],"wp:term":[{"taxonomy":"category","embeddable":true,"href":"https:\/\/www.europesays.com\/fr\/wp-json\/wp\/v2\/categories?post=134217"},{"taxonomy":"post_tag","embeddable":true,"href":"https:\/\/www.europesays.com\/fr\/wp-json\/wp\/v2\/tags?post=134217"}],"curies":[{"name":"wp","href":"https:\/\/api.w.org\/{rel}","templated":true}]}}