{"id":134221,"date":"2025-05-28T11:42:08","date_gmt":"2025-05-28T11:42:08","guid":{"rendered":"https:\/\/www.europesays.com\/fr\/134221\/"},"modified":"2025-05-28T11:42:08","modified_gmt":"2025-05-28T11:42:08","slug":"cet-artiste-en-concert-gratuit-a-westfield","status":"publish","type":"post","link":"https:\/\/www.europesays.com\/fr\/134221\/","title":{"rendered":"cet artiste en concert gratuit \u00e0 Westfield"},"content":{"rendered":"<p>            Par<br \/>\n        <strong><br \/>\n            <a href=\"https:\/\/actu.fr\/auteur\/margot-nicodeme\" title=\"Consulter tous les articles de Margot Nicod\u00e8me\" rel=\"nofollow noopener\" target=\"_blank\">Margot Nicod\u00e8me<\/a><br \/>\n        <\/strong><\/p>\n<p>        Publi\u00e9 le<\/p>\n<p>            28 mai 2025 \u00e0 13h04        <\/p>\n<p><b>Westfield Eurallile <\/b>n\u2019en finit plus d\u2019inviter en ces murs <b>des artistes connus et reconnus<\/b>, qui font l\u2019unanimit\u00e9 aupr\u00e8s du grand public. Et le gros avantage, c\u2019est qu\u2019\u00e0 chaque fois, c\u2019est gratuit. Apr\u00e8s <a href=\"https:\/\/actu.fr\/hauts-de-france\/lille_59350\/pierre-garnier-fait-deplacer-les-foules-au-centre-westfield-euralille-ce-jeudi-apres-midi_60906435.html\" rel=\"nofollow noopener\" target=\"_blank\">Pierre Garnier<\/a>\u00a0et <a href=\"https:\/\/actu.fr\/hauts-de-france\/lille_59350\/pierre-garnier-et-kyo-deux-rencontres-gratuites-organisees-a-westfield-euralille_60873041.html\" rel=\"nofollow noopener\" target=\"_blank\">Kyo<\/a> en 2024, <a href=\"https:\/\/actu.fr\/hauts-de-france\/lille_59350\/lille-marine-la-gagnante-de-la-star-academy-attire-une-foule-immense-chez-westfield-euralille_62405083.html\" rel=\"nofollow noopener\" target=\"_blank\">Marine de la Star Ac<\/a>\u2018 il y a quelques mois, c\u2019est une nouvelle idole des jeunes qui se produira dans le centre commercial de <a href=\"https:\/\/actu.fr\/hauts-de-france\/lille_59350\" rel=\"nofollow noopener\" target=\"_blank\">Lille<\/a> (Nord). Il s\u2019agit de <b>Ridsa<\/b>, chanteur de 34 ans, qui cumule plus de 220 millions d\u2019\u00e9coutes sur <a href=\"https:\/\/actu.fr\/occitanie\/montpellier_34172\/montpellier-striimz-le-spotify-de-la-musique-d-ambiance-est-lance_62586302.html\" rel=\"nofollow noopener\" target=\"_blank\">Spotify<\/a>. \u00ab\u00a0Santa Maria\u00a0\u00bb, \u00ab\u00a0Nous deux\u00a0\u00bb, \u00ab\u00a0L\u00e0 c\u2019est die\u00a0\u00bb\u2026 Tout le monde a d\u00e9j\u00e0 entendu r\u00e9sonner ses tubes qui sentent bon l\u2019\u00e9t\u00e9\u2026 ou l\u2019amour.\u00a0<\/p>\n<p>\u00ab\u00a0L\u00e0 c\u2019est die\u00a0\u00bb, \u00ab\u00a0Santa Maria\u00a0\u00bb, \u00ab\u00a0Nous deux\u00a0\u00bb\u2026 Ridsa sera en concert gratuit \u00e0 Westfield Euralille<\/p>\n<p class=\" wall-content\">L\u2019\u00e9quipe de <a href=\"https:\/\/actu.fr\/hauts-de-france\/lille_59350\/lille-victorias-secret-deploie-ses-ailes-a-westfield-euralille-pour-proposer-sa-lingerie-glamour_62649820.html\" rel=\"nofollow noopener\" target=\"_blank\">Westfield Euralille<\/a> a fait l\u2019annonce de cet \u00e9v\u00e9nement exceptionnel, gratuit encore une fois, qui est pr\u00e9vu le mercredi 4 juin 2025. \u00c0 partir de 14h30, Ridsa chantera <b>les titres de son nouvel album \u00ab\u00a0Verano\u00a0\u00bb<\/b>, dont il est pr\u00e9cis\u00e9 qu\u2019ils ont \u00ab\u00a0des sonorit\u00e9s estivales\u00a0\u00bb, ainsi <b>les morceaux embl\u00e9matiques<\/b> qui ont marqu\u00e9 sa carri\u00e8re.\u00a0<\/p>\n<p class=\" wall-content\">Attention : l\u2019inscription est obligatoire, le nombre de places \u00e9tant limit\u00e9 \u00e0 200. Pour d\u00e9crocher sa chance d\u2019\u00eatre dans le public, c\u2019est <a href=\"https:\/\/experience.westfield.com\/music-tour-lpd-2gf7?_gl=1*1my4tly*_gcl_au*MTk3MDA1MzMyOC4xNzQxNzA1MDY5*_ga*MTIzNjA2MDU3Ni4xNzQxNzA1MDcy*_ga_NKCGS15MTF*czE3NDcwNTc3MjUkbzkkZzEkdDE3NDcwNTg2MjAkajAkbDAkaDE3NzE5MTM5MzY.*_fplc*dFZDWCUyQmZXeXdtMXY2UklBWDhyY3pldkdLMTNFb1p2dFZ0WDVITSUyQm0zaEdGajlieFlXRllwN1VFZDFvZ3daN2gzNGxxWXlJNnNPJTJCOFJMQnRKclNLS0lock5MRzQ2ekV2VVYwTG1HckdtWHFtTjY0ZVpQaUpPRGw1WVR0RnlnJTNEJTNE&amp;c=8287\" rel=\"nofollow noopener\" target=\"_blank\">par ICI<\/a>. Le concert d\u2019une heure sera suivi d\u2019une s\u00e9ance de d\u00e9dicaces, de 15h30 \u00e0 16h30.\u00a0<\/p>\n<p class=\" wall-content\">La venue de Ridsa s\u2019inscrit dans le Westfield Music Tour. Dans le cadre de la tourn\u00e9e, Amel Bent s\u2019est produite \u00e0 Westfield Forum des Halles, Jok\u2019Air sera au Westfield de Puteaux et Vegedream au Westfield de Lyon fin juin.<\/p>\n<p class=\" wall-content\">Suivez toute l\u2019actualit\u00e9 de vos villes et m\u00e9dias favoris en vous inscrivant \u00e0 <a href=\"https:\/\/moncompte.actu.fr\" title=\"D\u00e9couvez Mon Actu\" rel=\"nofollow noopener\" data-trk=\"{&quot;cta&quot;:{&quot;action&quot;:&quot;https:\\\/\\\/moncompte.actu.fr&quot;,&quot;category&quot;:&quot;mon compte&quot;,&quot;from&quot;:&quot;article footer&quot;,&quot;name&quot;:&quot;Mon actu&quot;,&quot;type&quot;:&quot;cta&quot;}}\" target=\"_blank\">Mon Actu<\/a>.<\/p>\n","protected":false},"excerpt":{"rendered":"Par Margot Nicod\u00e8me Publi\u00e9 le 28 mai 2025 \u00e0 13h04 Westfield Eurallile n\u2019en finit plus d\u2019inviter en ces&hellip;\n","protected":false},"author":2,"featured_media":134222,"comment_status":"","ping_status":"","sticky":false,"template":"","format":"standard","meta":{"footnotes":""},"categories":[2815],"tags":[1111,11,1697,1777,674,3696,1011,27,811,1307,873,12,25],"class_list":{"0":"post-134221","1":"post","2":"type-post","3":"status-publish","4":"format-standard","5":"has-post-thumbnail","7":"category-lille","8":"tag-actu","9":"tag-actualites","10":"tag-concert","11":"tag-eu","12":"tag-europe","13":"tag-evenements","14":"tag-fr","15":"tag-france","16":"tag-hauts-de-france","17":"tag-lille","18":"tag-musique","19":"tag-news","20":"tag-republique-francaise"},"share_on_mastodon":{"url":"https:\/\/pubeurope.com\/@fr\/114585281846650277","error":""},"_links":{"self":[{"href":"https:\/\/www.europesays.com\/fr\/wp-json\/wp\/v2\/posts\/134221","targetHints":{"allow":["GET"]}}],"collection":[{"href":"https:\/\/www.europesays.com\/fr\/wp-json\/wp\/v2\/posts"}],"about":[{"href":"https:\/\/www.europesays.com\/fr\/wp-json\/wp\/v2\/types\/post"}],"author":[{"embeddable":true,"href":"https:\/\/www.europesays.com\/fr\/wp-json\/wp\/v2\/users\/2"}],"replies":[{"embeddable":true,"href":"https:\/\/www.europesays.com\/fr\/wp-json\/wp\/v2\/comments?post=134221"}],"version-history":[{"count":0,"href":"https:\/\/www.europesays.com\/fr\/wp-json\/wp\/v2\/posts\/134221\/revisions"}],"wp:featuredmedia":[{"embeddable":true,"href":"https:\/\/www.europesays.com\/fr\/wp-json\/wp\/v2\/media\/134222"}],"wp:attachment":[{"href":"https:\/\/www.europesays.com\/fr\/wp-json\/wp\/v2\/media?parent=134221"}],"wp:term":[{"taxonomy":"category","embeddable":true,"href":"https:\/\/www.europesays.com\/fr\/wp-json\/wp\/v2\/categories?post=134221"},{"taxonomy":"post_tag","embeddable":true,"href":"https:\/\/www.europesays.com\/fr\/wp-json\/wp\/v2\/tags?post=134221"}],"curies":[{"name":"wp","href":"https:\/\/api.w.org\/{rel}","templated":true}]}}