{"id":134223,"date":"2025-05-28T11:43:09","date_gmt":"2025-05-28T11:43:09","guid":{"rendered":"https:\/\/www.europesays.com\/fr\/134223\/"},"modified":"2025-05-28T11:43:09","modified_gmt":"2025-05-28T11:43:09","slug":"bison-fute-voit-rouge-les-previsions-de-circulation","status":"publish","type":"post","link":"https:\/\/www.europesays.com\/fr\/134223\/","title":{"rendered":"Bison Fut\u00e9 voit rouge, les pr\u00e9visions de circulation"},"content":{"rendered":"<p>            Par<br \/>\n        <strong><br \/>\n            <a href=\"https:\/\/actu.fr\/auteur\/thibault-nadal-actu-fr\" title=\"Consulter tous les articles de Thibault Nadal\" target=\"_blank\" rel=\"noopener\">Thibault Nadal<\/a><br \/>\n        <\/strong><\/p>\n<p>        Publi\u00e9 le<\/p>\n<p>            28 mai 2025 \u00e0 11h36        <\/p>\n<p>Les prochains jours s\u2019annoncent radieux dans le ciel avec <a href=\"https:\/\/actu.fr\/provence-alpes-cote-d-azur\/marseille_13055\/une-meteo-anormalement-chaude-a-marseille-des-records-de-temperature-en-vue-ce-qu-il-se-passe_62689917.html\" target=\"_blank\" rel=\"noopener\">pr\u00e8s de 30\u00b0C attendu ce vendredi<\/a> 30\u00a0mai 2025 \u00e0 <a href=\"https:\/\/actu.fr\/marseille\/\" target=\"_blank\" rel=\"noopener\">Marseille<\/a> et dans les <a href=\"https:\/\/actu.fr\/provence-alpes-cote-d-azur\/bouches-du-rhone_13\" target=\"_blank\" rel=\"noopener\">Bouches-du-Rh\u00f4ne<\/a>. Et cela tombe bien, puisque cette fin de semaine est plac\u00e9e sous le signe des vacances avec <strong>le pont de l\u2019Ascension<\/strong>.<\/p>\n<p class=\" wall-content\">Mais qui dit chaleurs et week-end prolong\u00e9, dit bouchons sur les routes. Voici <a href=\"https:\/\/actu.fr\/tag\/info-trafic\" target=\"_blank\" rel=\"noopener\">les pr\u00e9visions de trafic<\/a> pour ces quatre prochains jours.<\/p>\n<p>Les journ\u00e9es de mercredi et jeudi \u00ab\u00a0denses\u00a0\u00bb dans le sens des d\u00e9parts<\/p>\n<p class=\" wall-content\">\u00ab\u2009<strong>Les axes en direction de la c\u00f4te m\u00e9diterran\u00e9enne<\/strong> (A7, A9, A61) devraient concentrer les principales difficult\u00e9s\u2009\u00bb, rel\u00e8ve Bison Fut\u00e9 dans <a href=\"https:\/\/www.bison-fute.gouv.fr\/du-28-05-au-01-06.html\" target=\"_blank\" rel=\"noopener\">son bulletin<\/a>.<\/p>\n<p class=\" wall-content\">Les plus press\u00e9s d\u2019entre vous l\u2019auront sans doute remarqu\u00e9. Les premiers vacanciers ont pris la route <strong>d\u00e8s ce mercredi 28\u00a0mai<\/strong> avec d\u2019importants bouchons qui se sont form\u00e9s dans la vall\u00e9e du Rh\u00f4ne, sur <a href=\"https:\/\/actu.fr\/tag\/autoroute-7-a7\" target=\"_blank\" rel=\"noopener\">l\u2019autoroute A7<\/a>. Une journ\u00e9e d\u00e9j\u00e0 <strong>class\u00e9e \u00ab\u2009rouge\u2009\u00bb<\/strong> par Bison Fut\u00e9.<\/p>\n<p class=\" wall-content\">Comme celle de ce jeudi, ce qui signifie qu\u2019une circulation \u00ab\u2009tr\u00e8s difficile\u2009\u00bb est attendue ces deux prochains jours. Chez Vinci autoroute, les pr\u00e9visions font d\u2019une affluence \u00ab\u2009dense\u2009\u00bb sur les routes de 7h du matin jusqu\u2019en fin d\u2019apr\u00e8s-midi.<\/p>\n<p>Vid\u00e9os : en ce moment sur Actu<\/p>\n<p class=\" wall-content\">\n<p>Bison Fut\u00e9 voit rouge dans le sens des retours<\/p>\n<p class=\" wall-content\">Apr\u00e8s ce beau et long week-end, la circulation sera difficile sur les routes \u00e0 partir de samedi soir. La journ\u00e9e de <strong>dimanche a \u00e9t\u00e9 class\u00e9e \u00ab\u2009rouge\u2009\u00bb<\/strong> dans le sens dans les Bouches-du-Rh\u00f4ne. C\u2019est une nouvelle fois l\u2019A7 qui devrait concentrer les principaux ralentissements.<\/p>\n<p class=\" wall-content\">Vinci Autoroute estime de son c\u00f4t\u00e9 que le trafic sera complexe dimanche en fin de journ\u00e9e \u00e0 Marseille et \u00e0 <a href=\"https:\/\/actu.fr\/provence-alpes-cote-d-azur\/aix-en-provence_13001\" target=\"_blank\" rel=\"noopener\">Aix-en-Provence<\/a>.<\/p>\n<p class=\" wall-content\">Suivez toute l\u2019actualit\u00e9 de vos villes et m\u00e9dias favoris en vous inscrivant \u00e0 <a href=\"https:\/\/moncompte.actu.fr\" title=\"D\u00e9couvez Mon Actu\" rel=\"nofollow noopener\" data-trk=\"{&quot;cta&quot;:{&quot;action&quot;:&quot;https:\\\/\\\/moncompte.actu.fr&quot;,&quot;category&quot;:&quot;mon compte&quot;,&quot;from&quot;:&quot;article footer&quot;,&quot;name&quot;:&quot;Mon actu&quot;,&quot;type&quot;:&quot;cta&quot;}}\" target=\"_blank\">Mon Actu<\/a>.<\/p>\n<ul class=\"ac-article-tag wall-content\">\n<li><a href=\"https:\/\/actu.fr\/tag\/autoroute-7-a7\" data-trk=\"{&quot;cta&quot;:{&quot;action&quot;:&quot;Autoroute 7 (A7)&quot;,&quot;category&quot;:&quot;tag&quot;,&quot;from&quot;:&quot;article footer&quot;,&quot;name&quot;:&quot;Autoroute 7 (A7)&quot;,&quot;type&quot;:&quot;cta&quot;}}\" target=\"_blank\" rel=\"noopener\">#Autoroute 7 (A7)<\/a><\/li>\n<li><a href=\"https:\/\/actu.fr\/tag\/info-trafic\" data-trk=\"{&quot;cta&quot;:{&quot;action&quot;:&quot;Info trafic&quot;,&quot;category&quot;:&quot;tag&quot;,&quot;from&quot;:&quot;article footer&quot;,&quot;name&quot;:&quot;Info trafic&quot;,&quot;type&quot;:&quot;cta&quot;}}\" target=\"_blank\" rel=\"noopener\">#Info trafic<\/a><\/li>\n<\/ul>\n","protected":false},"excerpt":{"rendered":"Par Thibault Nadal Publi\u00e9 le 28 mai 2025 \u00e0 11h36 Les prochains jours s\u2019annoncent radieux dans le ciel&hellip;\n","protected":false},"author":2,"featured_media":134224,"comment_status":"","ping_status":"","sticky":false,"template":"","format":"standard","meta":{"footnotes":""},"categories":[2814],"tags":[1111,11,6423,1777,674,1011,27,803,884,12,882,25,104],"class_list":{"0":"post-134223","1":"post","2":"type-post","3":"status-publish","4":"format-standard","5":"has-post-thumbnail","7":"category-marseille","8":"tag-actu","9":"tag-actualites","10":"tag-autoroute-7-a7","11":"tag-eu","12":"tag-europe","13":"tag-fr","14":"tag-france","15":"tag-info-trafic","16":"tag-marseille","17":"tag-news","18":"tag-provence-alpes-cote-dazur","19":"tag-republique-francaise","20":"tag-societe"},"share_on_mastodon":{"url":"https:\/\/pubeurope.com\/@fr\/114585285712284114","error":""},"_links":{"self":[{"href":"https:\/\/www.europesays.com\/fr\/wp-json\/wp\/v2\/posts\/134223","targetHints":{"allow":["GET"]}}],"collection":[{"href":"https:\/\/www.europesays.com\/fr\/wp-json\/wp\/v2\/posts"}],"about":[{"href":"https:\/\/www.europesays.com\/fr\/wp-json\/wp\/v2\/types\/post"}],"author":[{"embeddable":true,"href":"https:\/\/www.europesays.com\/fr\/wp-json\/wp\/v2\/users\/2"}],"replies":[{"embeddable":true,"href":"https:\/\/www.europesays.com\/fr\/wp-json\/wp\/v2\/comments?post=134223"}],"version-history":[{"count":0,"href":"https:\/\/www.europesays.com\/fr\/wp-json\/wp\/v2\/posts\/134223\/revisions"}],"wp:featuredmedia":[{"embeddable":true,"href":"https:\/\/www.europesays.com\/fr\/wp-json\/wp\/v2\/media\/134224"}],"wp:attachment":[{"href":"https:\/\/www.europesays.com\/fr\/wp-json\/wp\/v2\/media?parent=134223"}],"wp:term":[{"taxonomy":"category","embeddable":true,"href":"https:\/\/www.europesays.com\/fr\/wp-json\/wp\/v2\/categories?post=134223"},{"taxonomy":"post_tag","embeddable":true,"href":"https:\/\/www.europesays.com\/fr\/wp-json\/wp\/v2\/tags?post=134223"}],"curies":[{"name":"wp","href":"https:\/\/api.w.org\/{rel}","templated":true}]}}