{"id":134225,"date":"2025-05-28T11:44:10","date_gmt":"2025-05-28T11:44:10","guid":{"rendered":"https:\/\/www.europesays.com\/fr\/134225\/"},"modified":"2025-05-28T11:44:10","modified_gmt":"2025-05-28T11:44:10","slug":"les-infos-de-12h30-voitures-volees-un-vaste-trafic-demantele-sur-le-port-de-marseille","status":"publish","type":"post","link":"https:\/\/www.europesays.com\/fr\/134225\/","title":{"rendered":"Les infos de 12h30 &#8211; Voitures vol\u00e9es : un vaste trafic d\u00e9mantel\u00e9 sur le port de Marseille"},"content":{"rendered":"<p class=\"article-p mdl\">Apr\u00e8s plusieurs mois d&rsquo;enqu\u00eate, <strong>un vaste trafic de voitures vol\u00e9es a \u00e9t\u00e9 d\u00e9mantel\u00e9 dans les Bouches-du-Rh\u00f4ne<\/strong>. Selon le procureur de Marseille, ce trafic perdurait depuis quatre ans, \u00e0 raison de vingt voitures par mois charg\u00e9es sur des ferrys <strong>en direction de l&rsquo;Alg\u00e9rie<\/strong>.<\/p>\n<p class=\"article-p mdl\">Les voleurs agissaient vite. Ils louaient des voitures dans des pays frontaliers, puis les amenaient \u00e0\u00a0<a class=\"link\" href=\"https:\/\/www.rtl.fr\/actu\/justice-faits-divers\/marseille-des-milliers-de-peluches-dangereuses-pour-la-sante-saisies-par-les-douanes-7900509311\" title=\"Marseille : des milliers de peluches &quot;dangereuses pour la sant\u00e9&quot; saisies par les douanes\" target=\"_blank\" rel=\"noopener\">Marseille<\/a>, avant que les vols ne soient d\u00e9clar\u00e9s en France. Plusieurs employ\u00e9s d&rsquo;une soci\u00e9t\u00e9 sur le port avaient privatis\u00e9 un hangar, o\u00f9 ils <strong>maquillaient les voitures, changeaient leurs plaques d&rsquo;immatriculation et leur num\u00e9ro de s\u00e9rie<\/strong> avec des machines professionnelles, afin de leur offrir une nouvelle virginit\u00e9.\u00a0<\/p>\n<p class=\"article-p mdl\">Il a fallu <strong>plusieurs mois aux policiers marseillais<\/strong> sp\u00e9cialis\u00e9s dans la criminalit\u00e9 organis\u00e9e pour identifier cette \u00e9quipe de voleurs-exportateurs, gr\u00e2ce aux \u00e9coutes t\u00e9l\u00e9phoniques, aux planques et aux cam\u00e9ras de surveillance. <strong>Dix personnes ont \u00e9t\u00e9 mises en examen <\/strong>en d\u00e9but de semaine pour recel de vol en bande organis\u00e9e et blanchiment. Parmi eux, il y a des voleurs, des maquilleurs et des employ\u00e9s sur le port. Cinq d&rsquo;entre eux ont \u00e9t\u00e9 plac\u00e9s en d\u00e9tention provisoire.<\/p>\n<p>            \u00c0 \u00e9couter \u00e9galement dans ce journal<\/p>\n<p class=\"article-p mdl\"><strong>Gr\u00e8ve des taxis<\/strong>\u00a0&#8211; Apr\u00e8s neuf jours de mobilisation, ils <strong>envisagent de se mobiliser diff\u00e9remment<\/strong>, en faisant des actions sporadiques.<\/p>\n<p class=\"article-p mdl\"><strong>Nouvelle-Cal\u00e9donie<\/strong> &#8211; Emmanuel Macron a repris la main sur le dossier, en appelant les ind\u00e9pendantistes et les loyalistes \u00e0 venir n\u00e9gocier \u00e0 Paris \u00e0 partir de la mi-juin. Au d\u00e9but du mois, le ministre des Outre-Mer,\u00a0<a class=\"link\" href=\"https:\/\/www.rtl.fr\/actu\/politique\/nouvelle-caledonie-la-responsabilite-de-tous-c-est-de-trouver-un-accord-affirme-manuel-valls-sur-rtl-7900498623\" title=\"Nouvelle-Cal\u00e9donie : &quot;La responsabilit\u00e9 de tous, c&#039;est de trouver un accord&quot;, affirme Manuel Valls sur RTL\" target=\"_blank\" rel=\"noopener\">Manuel Valls, a men\u00e9 des discussions sur place<\/a>\u00a0pour tenter d&rsquo;obtenir un accord sur un nouveau statut pour l&rsquo;archipel.<\/p>\n<p class=\"article-p mdl\"><strong>A69<\/strong> &#8211;\u00a0<a class=\"link\" href=\"https:\/\/www.rtl.fr\/actu\/debats-societe\/a69-la-cour-d-appel-administrative-de-toulouse-autorise-la-reprise-du-chantier-7900509972\" title=\"A69 : la cour d&#039;appel administrative de Toulouse autorise la reprise du chantier\" target=\"_blank\" rel=\"noopener\">Le chantier va reprendre \u00e0 partir de la mi-juin<\/a>\u00a0de mani\u00e8re progressive, apr\u00e8s\u00a0que la cour administrative d&rsquo;appel de Toulouse a donn\u00e9 son accord.<\/p>\n<p>    La r\u00e9daction vous recommande<\/p>\n<p class=\"s-newsletter__title\">\n                L\u2019actualit\u00e9 par la r\u00e9daction de RTL dans votre bo\u00eete mail.\n            <\/p>\n<p class=\"s-newsletter__subtitle\">\n                Gr\u00e2ce \u00e0 votre compte RTL abonnez-vous \u00e0 la newsletter RTL info pour suivre toute l&rsquo;actualit\u00e9 au quotidien\n            <\/p>\n<p>\n                                    Lire la suite\n                                <\/p>\n","protected":false},"excerpt":{"rendered":"Apr\u00e8s plusieurs mois d&rsquo;enqu\u00eate, un vaste trafic de voitures vol\u00e9es a \u00e9t\u00e9 d\u00e9mantel\u00e9 dans les Bouches-du-Rh\u00f4ne. Selon le&hellip;\n","protected":false},"author":2,"featured_media":134226,"comment_status":"","ping_status":"","sticky":false,"template":"","format":"standard","meta":{"footnotes":""},"categories":[2814],"tags":[1111,11,1777,674,107,1011,27,6224,884,12,1072,882,362,360,25],"class_list":{"0":"post-134225","1":"post","2":"type-post","3":"status-publish","4":"format-standard","5":"has-post-thumbnail","7":"category-marseille","8":"tag-actu","9":"tag-actualites","10":"tag-eu","11":"tag-europe","12":"tag-fil-info","13":"tag-fr","14":"tag-france","15":"tag-integral","16":"tag-marseille","17":"tag-news","18":"tag-police","19":"tag-provence-alpes-cote-dazur","20":"tag-replay","21":"tag-replay-integral","22":"tag-republique-francaise"},"share_on_mastodon":{"url":"https:\/\/pubeurope.com\/@fr\/114585289591375053","error":""},"_links":{"self":[{"href":"https:\/\/www.europesays.com\/fr\/wp-json\/wp\/v2\/posts\/134225","targetHints":{"allow":["GET"]}}],"collection":[{"href":"https:\/\/www.europesays.com\/fr\/wp-json\/wp\/v2\/posts"}],"about":[{"href":"https:\/\/www.europesays.com\/fr\/wp-json\/wp\/v2\/types\/post"}],"author":[{"embeddable":true,"href":"https:\/\/www.europesays.com\/fr\/wp-json\/wp\/v2\/users\/2"}],"replies":[{"embeddable":true,"href":"https:\/\/www.europesays.com\/fr\/wp-json\/wp\/v2\/comments?post=134225"}],"version-history":[{"count":0,"href":"https:\/\/www.europesays.com\/fr\/wp-json\/wp\/v2\/posts\/134225\/revisions"}],"wp:featuredmedia":[{"embeddable":true,"href":"https:\/\/www.europesays.com\/fr\/wp-json\/wp\/v2\/media\/134226"}],"wp:attachment":[{"href":"https:\/\/www.europesays.com\/fr\/wp-json\/wp\/v2\/media?parent=134225"}],"wp:term":[{"taxonomy":"category","embeddable":true,"href":"https:\/\/www.europesays.com\/fr\/wp-json\/wp\/v2\/categories?post=134225"},{"taxonomy":"post_tag","embeddable":true,"href":"https:\/\/www.europesays.com\/fr\/wp-json\/wp\/v2\/tags?post=134225"}],"curies":[{"name":"wp","href":"https:\/\/api.w.org\/{rel}","templated":true}]}}