{"id":134235,"date":"2025-05-28T11:49:10","date_gmt":"2025-05-28T11:49:10","guid":{"rendered":"https:\/\/www.europesays.com\/fr\/134235\/"},"modified":"2025-05-28T11:49:10","modified_gmt":"2025-05-28T11:49:10","slug":"presse-medias-objectifs-climatiques-de-paris-une-cartographie-precise-des-inegalites-et-les-leviers-daction-en-region-parisienne","status":"publish","type":"post","link":"https:\/\/www.europesays.com\/fr\/134235\/","title":{"rendered":"Presse &#038; M\u00e9dias &#8211; Objectifs climatiques de Paris : une cartographie pr\u00e9cise des in\u00e9galit\u00e9s et les leviers d\u2019action en r\u00e9gion parisienne"},"content":{"rendered":"<p>\u200bAlors que les villes sont en premi\u00e8re ligne de la lutte contre le changement climatique, une nouvelle \u00e9tude men\u00e9e par Ivonne Albarus, chercheuse au LSCE (CEA, CNRS, Universit\u00e9 Versailles-Saint-Quentin) et maintenant Senior Science Officer au GIEC, et Thomas Lauvaux, professeur \u00e0 l\u2019Universit\u00e9 de Reims Champagne-Ardenne, dresse un bilan in\u00e9dit des efforts de la m\u00e9tropole parisienne pour r\u00e9duire ses \u00e9missions de CO2. Cette \u00e9valuation sans pr\u00e9c\u00e9dent combine mod\u00e9lisation fine, donn\u00e9es territoriales et facteurs socio-\u00e9conomiques pour \u00e9valuer, \u00e0 l\u2019\u00e9chelle des quartiers, la r\u00e9alit\u00e9 des politiques climatiques engag\u00e9es. <\/p>\n<p>En croisant plus de 80 bases de donn\u00e9es locales, les scientifiques ont \u00e9valu\u00e9 l\u2019impact r\u00e9el des mesures pr\u00e9vues par les plans climat de la Ville de Paris et de la r\u00e9gion \u00cele-de-France (r\u00e9novation \u00e9nerg\u00e9tique, zones \u00e0 faibles \u00e9missions, mix \u00e9nerg\u00e9tique, etc.). <strong>R\u00e9sultats : <\/strong><\/p>\n<ul>\n<li>Les objectifs 2030 (\u201350 % pour Paris) sont atteignables, voire d\u00e9pass\u00e9s, si les mesures actuelles sont int\u00e9gralement appliqu\u00e9es.<\/li>\n<li>Les objectifs 2050 (neutralit\u00e9 carbone) restent hors d\u2019atteinte sans transformation structurelle, en particulier dans les zones rurales et p\u00e9riph\u00e9riques. Les projections montrent que les politiques actuelles, m\u00eame pleinement appliqu\u00e9es, ne suffiront pas. Il faudrait aller plus loin : r\u00e9novation massive des b\u00e2timents, g\u00e9n\u00e9ralisation des v\u00e9hicules \u00e9lectriques, d\u00e9ploiement d\u2019\u00e9nergies renouvelables locales, et refonte des mobilit\u00e9s.<\/li>\n<\/ul>\n<p>Des \u00e9carts marqu\u00e9s entre centre-ville, banlieues et zones rurales<\/p>\n<p>L\u2019\u00e9tude r\u00e9v\u00e8le une <strong>r\u00e9duction tr\u00e8s in\u00e9gale<\/strong> des \u00e9missions selon les territoires et les milieux sociaux. Les plus fortes baisses sont observ\u00e9es dans Paris intra-muros et les communes limitrophes comme Boulogne, Montreuil ou Ivry-sur-Seine, o\u00f9 les politiques de mobilit\u00e9 douce, de r\u00e9novation thermique et de restriction du trafic automobile sont les plus pouss\u00e9es. En revanche, les zones rurales et certaines p\u00e9riph\u00e9ries (notamment \u00e0 l\u2019ouest) affichent des r\u00e9ductions bien moindres, en raison d\u2019une plus grande d\u00e9pendance \u00e0 la voiture et d\u2019une moindre densit\u00e9 d\u2019habitat. <\/p>\n<p>Cette analyse met en lumi\u00e8re un ph\u00e9nom\u00e8ne pr\u00e9occupant : <strong>les quartiers les plus modestes<\/strong>, notamment \u00e0 l\u2019est de la m\u00e9tropole, <strong>sont ceux o\u00f9 le potentiel de r\u00e9duction est le plus \u00e9lev\u00e9,<\/strong> <strong>mais aussi ceux qui risquent de subir le plus fortement les contraintes des politiques climatiques <\/strong>(r\u00e9novations obligatoires, restrictions de circulation, co\u00fbts d\u2019\u00e9quipements).<\/p>\n<p>Un outil pour les d\u00e9cideurs publics<\/p>\n<p>L\u2019\u00e9tude repose sur un outil de suivi haute r\u00e9solution des \u00e9missions urbaines, l\u2019OEDI (Origins Earth Dynamic Inventory). Il permet de simuler diff\u00e9rents sc\u00e9narios, secteur par secteur (logement, transport, tertiaire), \u00e0 l\u2019\u00e9chelle du quartier. <strong>Cette approche fine est in\u00e9dite \u00e0 l\u2019\u00e9chelle d\u2019une m\u00e9tropole comme Paris<\/strong>, et fournit un outil robuste de planification territoriale, pour \u00e9valuer, ajuster et mieux cibler les politiques publiques.<\/p>\n<p>Au-del\u00e0 de son int\u00e9r\u00eat acad\u00e9mique, cette recherche permet de mettre en \u00e9vidence des leviers d\u2019actions. Les auteurs recommandent notamment de <strong>verdir le mix \u00e9nerg\u00e9tique<\/strong>, pour le chauffage urbain par exemple, ou encore de <strong>g\u00e9n\u00e9raliser les r\u00e9novations \u00e9nerg\u00e9tiques dans tous les quartiers, <\/strong>avec des aides diff\u00e9renci\u00e9es selon les revenus. <\/p>\n","protected":false},"excerpt":{"rendered":"\u200bAlors que les villes sont en premi\u00e8re ligne de la lutte contre le changement climatique, une nouvelle \u00e9tude&hellip;\n","protected":false},"author":2,"featured_media":134236,"comment_status":"","ping_status":"","sticky":false,"template":"","format":"standard","meta":{"footnotes":""},"categories":[1888],"tags":[1111,1928,11,1927,436,26014,26015,1777,674,1011,27,12,1926,626,1925,26016,25],"class_list":{"0":"post-134235","1":"post","2":"type-post","3":"status-publish","4":"format-standard","5":"has-post-thumbnail","7":"category-paris","8":"tag-actu","9":"tag-actu-paris","10":"tag-actualites","11":"tag-actualites-paris","12":"tag-environnement","13":"tag-environnementclimat","14":"tag-environnementclimatimpact-du-changement-climatique-actualitecommunique-de-presse-gaz-a-effet-de-serre","15":"tag-eu","16":"tag-europe","17":"tag-fr","18":"tag-france","19":"tag-news","20":"tag-news-paris","21":"tag-paris","22":"tag-paris-news","23":"tag-renovation-energetique","24":"tag-republique-francaise"},"share_on_mastodon":{"url":"https:\/\/pubeurope.com\/@fr\/114585309177458981","error":""},"_links":{"self":[{"href":"https:\/\/www.europesays.com\/fr\/wp-json\/wp\/v2\/posts\/134235","targetHints":{"allow":["GET"]}}],"collection":[{"href":"https:\/\/www.europesays.com\/fr\/wp-json\/wp\/v2\/posts"}],"about":[{"href":"https:\/\/www.europesays.com\/fr\/wp-json\/wp\/v2\/types\/post"}],"author":[{"embeddable":true,"href":"https:\/\/www.europesays.com\/fr\/wp-json\/wp\/v2\/users\/2"}],"replies":[{"embeddable":true,"href":"https:\/\/www.europesays.com\/fr\/wp-json\/wp\/v2\/comments?post=134235"}],"version-history":[{"count":0,"href":"https:\/\/www.europesays.com\/fr\/wp-json\/wp\/v2\/posts\/134235\/revisions"}],"wp:featuredmedia":[{"embeddable":true,"href":"https:\/\/www.europesays.com\/fr\/wp-json\/wp\/v2\/media\/134236"}],"wp:attachment":[{"href":"https:\/\/www.europesays.com\/fr\/wp-json\/wp\/v2\/media?parent=134235"}],"wp:term":[{"taxonomy":"category","embeddable":true,"href":"https:\/\/www.europesays.com\/fr\/wp-json\/wp\/v2\/categories?post=134235"},{"taxonomy":"post_tag","embeddable":true,"href":"https:\/\/www.europesays.com\/fr\/wp-json\/wp\/v2\/tags?post=134235"}],"curies":[{"name":"wp","href":"https:\/\/api.w.org\/{rel}","templated":true}]}}