{"id":13424,"date":"2025-04-09T19:49:22","date_gmt":"2025-04-09T19:49:22","guid":{"rendered":"https:\/\/www.europesays.com\/fr\/13424\/"},"modified":"2025-04-09T19:49:22","modified_gmt":"2025-04-09T19:49:22","slug":"bizutage-a-la-fac-de-medecine-de-nice-luniversite-cote-dazur-veut-interdire-les-evenements-festifs-alcoolises-organises-par-des-associations-etudiantes","status":"publish","type":"post","link":"https:\/\/www.europesays.com\/fr\/13424\/","title":{"rendered":"Bizutage \u00e0 la fac de m\u00e9decine de Nice: l\u2019Universit\u00e9 C\u00f4te d\u2019Azur veut interdire les \u00e9v\u00e9nements festifs alcoolis\u00e9s organis\u00e9s par des associations \u00e9tudiantes"},"content":{"rendered":"<p><a href=\"https:\/\/www.nicematin.com\/jeunesse\/soupcons-de-bizutage-en-fac-de-medecine-a-nice-l-universite-ouvre-une-enquete-interne-apres-qu-un-etudiant-a-ete-transporte-au-chu-dans-un-etat-grave-971669\" target=\"_blank\" rel=\"noopener\">En janvier dernier, un \u00e9tudiant de la facult\u00e9 de m\u00e9decine de Nice a fini \u00e0 l\u2019h\u00f4pital dans un \u00e9tat grave<\/a>. Il venait de participer \u00e0 une soir\u00e9e priv\u00e9e entre \u00e9tudiants au cours de laquelle il aurait \u00e9t\u00e9 contraint de boire beaucoup d\u2019alcool dans le cadre d\u2019un bizutage.<\/p>\n<p>Universit\u00e9 C\u00f4te d\u2019Azur avait pris cette affaire tr\u00e8s au s\u00e9rieux et avait ouvert une enqu\u00eate interne.<\/p>\n<p><a href=\"https:\/\/www.bfmtv.com\/cote-d-azur\/bizutage-a-la-faculte-de-medecine-de-nice-l-universite-interdit-les-evenements-festifs-alcoolises_AN-202504070895.html\" target=\"_blank\" rel=\"noopener\">Selon nos confr\u00e8res de BFM C\u00f4te d\u2019Azur<\/a>, en r\u00e9ponse \u00e0 des affaires de bizutage, une assembl\u00e9e exceptionnelle s\u2019est r\u00e9cemment tenue avec le doyen et toutes les associations \u00e9tudiantes. O\u00f9 il a \u00e9t\u00e9 annonc\u00e9 que \u00ab\u00a0des actions et d\u00e9cisions collectives\u00a0\u00bb allaient \u00eatre prises au sein de la facult\u00e9 de m\u00e9decine de Nice.<\/p>\n<p><strong>Quatre \u00e9tudiants vont \u00eatre entendus<\/strong><\/p>\n<p>Un document aurait aussi \u00e9t\u00e9 transmis aux \u00e9tudiants, dans lequel l\u2019universit\u00e9 entend notamment interdire \u00ab\u00a0tout \u00e9v\u00e9nement festif alcoolis\u00e9 organis\u00e9 par les associations affili\u00e9es \u00e0 l\u2019UFR des Sciences\u00a0\u00bb.<\/p>\n<p>Dans cette communication aux \u00e9tudiants, l\u2019universit\u00e9 d\u00e9voile aussi que quatre \u00e9tudiants de troisi\u00e8me ann\u00e9e de m\u00e9decine vont \u00eatre traduits \u00ab\u00a0en section disciplinaire\u00a0\u00bb, sans \u00eatre suspendus \u00e0 titre conservatoire.<\/p>\n<p>Un suivi psychologique et une \u00ab\u00a0protection stricte\u00a0\u00bb de l\u2019ensemble des \u00e9tudiants impliqu\u00e9s dans la proc\u00e9dure sont \u00e9galement pr\u00e9vus.<\/p>\n<p>Enfin, Universit\u00e9 C\u00f4te d\u2019Azur annonce qu\u2019elle va saisir le procureur de la R\u00e9publique sur le fondement de l\u2019article 40 du Code P\u00e9nal et va demander la dissolution de l\u2019association \u00ab\u00a0La CON\u00a0\u00bb, dont les quatre \u00e9tudiants mis en cause dans cette affaire de bizutage sont membres.<\/p>\n","protected":false},"excerpt":{"rendered":"En janvier dernier, un \u00e9tudiant de la facult\u00e9 de m\u00e9decine de Nice a fini \u00e0 l\u2019h\u00f4pital dans un&hellip;\n","protected":false},"author":2,"featured_media":13425,"comment_status":"","ping_status":"","sticky":false,"template":"","format":"standard","meta":{"footnotes":""},"categories":[2819],"tags":[1111,11,1777,674,332,118,1011,27,12,2401,882,25],"class_list":{"0":"post-13424","1":"post","2":"type-post","3":"status-publish","4":"format-standard","5":"has-post-thumbnail","7":"category-nice","8":"tag-actu","9":"tag-actualites","10":"tag-eu","11":"tag-europe","12":"tag-faits-de-societe","13":"tag-faits-divers","14":"tag-fr","15":"tag-france","16":"tag-news","17":"tag-nice","18":"tag-provence-alpes-cote-dazur","19":"tag-republique-francaise"},"share_on_mastodon":{"url":"https:\/\/pubeurope.com\/@fr\/114309743579470675","error":""},"_links":{"self":[{"href":"https:\/\/www.europesays.com\/fr\/wp-json\/wp\/v2\/posts\/13424","targetHints":{"allow":["GET"]}}],"collection":[{"href":"https:\/\/www.europesays.com\/fr\/wp-json\/wp\/v2\/posts"}],"about":[{"href":"https:\/\/www.europesays.com\/fr\/wp-json\/wp\/v2\/types\/post"}],"author":[{"embeddable":true,"href":"https:\/\/www.europesays.com\/fr\/wp-json\/wp\/v2\/users\/2"}],"replies":[{"embeddable":true,"href":"https:\/\/www.europesays.com\/fr\/wp-json\/wp\/v2\/comments?post=13424"}],"version-history":[{"count":0,"href":"https:\/\/www.europesays.com\/fr\/wp-json\/wp\/v2\/posts\/13424\/revisions"}],"wp:featuredmedia":[{"embeddable":true,"href":"https:\/\/www.europesays.com\/fr\/wp-json\/wp\/v2\/media\/13425"}],"wp:attachment":[{"href":"https:\/\/www.europesays.com\/fr\/wp-json\/wp\/v2\/media?parent=13424"}],"wp:term":[{"taxonomy":"category","embeddable":true,"href":"https:\/\/www.europesays.com\/fr\/wp-json\/wp\/v2\/categories?post=13424"},{"taxonomy":"post_tag","embeddable":true,"href":"https:\/\/www.europesays.com\/fr\/wp-json\/wp\/v2\/tags?post=13424"}],"curies":[{"name":"wp","href":"https:\/\/api.w.org\/{rel}","templated":true}]}}