{"id":134257,"date":"2025-05-28T12:04:09","date_gmt":"2025-05-28T12:04:09","guid":{"rendered":"https:\/\/www.europesays.com\/fr\/134257\/"},"modified":"2025-05-28T12:04:09","modified_gmt":"2025-05-28T12:04:09","slug":"lassemblee-nationale-va-enfin-voter-sur-labrogation-de-la-reforme-des-retraites-liberation","status":"publish","type":"post","link":"https:\/\/www.europesays.com\/fr\/134257\/","title":{"rendered":"L\u2019Assembl\u00e9e nationale va enfin voter sur l\u2019abrogation de la r\u00e9forme des retraites \u2013 Lib\u00e9ration"},"content":{"rendered":"<p class=\"sc-ksZaOG ehjQrN text-element\">L\u2019Assembl\u00e9e va ENFIN voter sur la r\u00e9forme des retraites, adopt\u00e9e par 49.3 par la Premi\u00e8re ministre de l\u2019\u00e9poque, Elisabeth Borne. Le d\u00e9put\u00e9 communiste Nicolas Sansu s\u2019est r\u00e9joui <a href=\"https:\/\/x.com\/NicolasSansu\/status\/1927381165620469790?t=f6fjTd0MEKLXmYmKo3dVVQ&amp;s=19&amp;at_creation=CHEZPOL+%28Test+-+28%2F5%2F2025+10%3A28%3A23%29&amp;at_campaign=NL_Chez_Pol&amp;at_email_type=acquisition&amp;at_medium=email&amp;actId=%7EaoxCf-AEEmARZuBs9S0D50QvGhEfkyiIzqfsK8SRDe72sB1QNoZfdcMFkPQPNtN9ebPp5BPO_1-2ZrhMR8FJK4rq-5_ha-JmKW4nE3gCqaiiHe1uK6Q0%3D&amp;actCampaignType=CAMPAIGN_MAIL&amp;actSource=546457\" target=\"_blank\" rel=\"nofollow\" title=\"https:\/\/x.com\/NicolasSansu\/status\/1927381165620469790?t=f6fjTd0MEKLXmYmKo3dVVQ&amp;s=19&amp;at_creation=CHEZPOL+%28Test+-+28%2F5%2F2025+10%3A28%3A23%29&amp;at_campaign=NL_Chez_Pol&amp;at_email_type=acquisition&amp;at_medium=email&amp;actId=%7EaoxCf-AEEmARZuBs9S0D50QvGhEfkyiIzqfsK8SRDe72sB1QNoZfdcMFkPQPNtN9ebPp5BPO_1-2ZrhMR8FJK4rq-5_ha-JmKW4nE3gCqaiiHe1uK6Q0%3D&amp;actCampaignType=CAMPAIGN_MAIL&amp;actSource=546457\">sur X<\/a> mardi 27 mai que \u00abpour la premi\u00e8re fois l\u2019Assembl\u00e9e pourra se prononcer sur l\u2019inique r\u00e9forme des retraites de Macron\/Borne\u00bb. Mais de mani\u00e8re non contraignante, puisque c\u2019est une proposition de r\u00e9solution, un <\/p>\n","protected":false},"excerpt":{"rendered":"L\u2019Assembl\u00e9e va ENFIN voter sur la r\u00e9forme des retraites, adopt\u00e9e par 49.3 par la Premi\u00e8re ministre de l\u2019\u00e9poque,&hellip;\n","protected":false},"author":2,"featured_media":134258,"comment_status":"","ping_status":"","sticky":false,"template":"","format":"standard","meta":{"footnotes":""},"categories":[2],"tags":[11,416,1011,27,12,25198,11036,25],"class_list":{"0":"post-134257","1":"post","2":"type-post","3":"status-publish","4":"format-standard","5":"has-post-thumbnail","7":"category-actualites","8":"tag-actualites","9":"tag-assemblee-nationale","10":"tag-fr","11":"tag-france","12":"tag-news","13":"tag-pcf","14":"tag-reforme-des-retraites","15":"tag-republique-francaise"},"share_on_mastodon":{"url":"https:\/\/pubeurope.com\/@fr\/114585368367135032","error":""},"_links":{"self":[{"href":"https:\/\/www.europesays.com\/fr\/wp-json\/wp\/v2\/posts\/134257","targetHints":{"allow":["GET"]}}],"collection":[{"href":"https:\/\/www.europesays.com\/fr\/wp-json\/wp\/v2\/posts"}],"about":[{"href":"https:\/\/www.europesays.com\/fr\/wp-json\/wp\/v2\/types\/post"}],"author":[{"embeddable":true,"href":"https:\/\/www.europesays.com\/fr\/wp-json\/wp\/v2\/users\/2"}],"replies":[{"embeddable":true,"href":"https:\/\/www.europesays.com\/fr\/wp-json\/wp\/v2\/comments?post=134257"}],"version-history":[{"count":0,"href":"https:\/\/www.europesays.com\/fr\/wp-json\/wp\/v2\/posts\/134257\/revisions"}],"wp:featuredmedia":[{"embeddable":true,"href":"https:\/\/www.europesays.com\/fr\/wp-json\/wp\/v2\/media\/134258"}],"wp:attachment":[{"href":"https:\/\/www.europesays.com\/fr\/wp-json\/wp\/v2\/media?parent=134257"}],"wp:term":[{"taxonomy":"category","embeddable":true,"href":"https:\/\/www.europesays.com\/fr\/wp-json\/wp\/v2\/categories?post=134257"},{"taxonomy":"post_tag","embeddable":true,"href":"https:\/\/www.europesays.com\/fr\/wp-json\/wp\/v2\/tags?post=134257"}],"curies":[{"name":"wp","href":"https:\/\/api.w.org\/{rel}","templated":true}]}}