{"id":13426,"date":"2025-04-09T19:50:17","date_gmt":"2025-04-09T19:50:17","guid":{"rendered":"https:\/\/www.europesays.com\/fr\/13426\/"},"modified":"2025-04-09T19:50:17","modified_gmt":"2025-04-09T19:50:17","slug":"la-nouvelle-aire-de-loisirs-de-pont-saint-martin-prend-forme","status":"publish","type":"post","link":"https:\/\/www.europesays.com\/fr\/13426\/","title":{"rendered":"La nouvelle aire de loisirs de Pont-Saint-Martin prend forme"},"content":{"rendered":"<p>Les travaux de r\u00e9habilitation de l\u2019aire de loisirs de Pont-Saint-Martin ont d\u00e9but\u00e9 fin f\u00e9vrier. <strong>\u00ab\u00a0L\u2019id\u00e9e est de mettre \u00e0 disposition des Martipontains une aire de jeux capable de r\u00e9unir les enfants, les familles, les assistantes maternelles et les ados et d\u2019en faire un lieu de rencontre interg\u00e9n\u00e9rationnelle\u00a0\u00bb, <\/strong>rappelle Yannick F\u00e9tiveau, le maire.<\/p>\n<p>L\u2019id\u00e9e d\u2019un pumptrack et de nouveaux jeux \u00e9mane du tout premier<a href=\"https:\/\/nantes.maville.com\/actu\/actudet_-a-pont-saint-martin-les-conseillers-municipaux-enfants-a-la-table-des-grands-pour-dreser-un-bilan-_8-6507307_actu.Htm\" target=\"_blank\" rel=\"noopener\"> conseil municipal enfants<\/a> (CME). <strong>\u00ab\u00a0Nous y travaillons depuis plusieurs ann\u00e9es, puisque la demande revenait \u00e0 chaque renouvellement du CME\u00a0\u00bb,<\/strong> ajoute Martine Chabirand, adjointe \u00e0 la jeunesse et aux sports. Le pumptrack constituait donc le premier temps fort du chantier. Sa conception a \u00e9t\u00e9 men\u00e9e par la soci\u00e9t\u00e9 Constructo, en lien avec le bureau d\u2019\u00e9tudes Phytolab pour la partie environnement.<\/p>\n<p>Une piste pas encore accessible<\/p>\n<p>La piste est aujourd\u2019hui finalis\u00e9e. <strong>\u00ab\u00a0Les travaux r\u00e9alis\u00e9s par la soci\u00e9t\u00e9 HTracks ont dur\u00e9 deux semaines et demie. L\u2019\u00e9quipement s\u2019int\u00e8gre bien \u00e0 l\u2019environnement paysager et nous sommes satisfaits de son rendu,<\/strong> pr\u00e9cise Youssef Kamli, adjoint aux mobilit\u00e9s, r\u00e9seaux et transports. <strong>La piste est en enrob\u00e9 avec une zone de drainage pour les eaux de pluie.\u00a0\u00bb<\/strong> Elle mesure 180\u00a0m\u00e8tres et forme un trac\u00e9 original adapt\u00e9 \u00e0 diverses pratiques\u00a0: v\u00e9lo, skate, roller et trottinette. Elle se divise en deux boucles avec diff\u00e9rents niveaux de difficult\u00e9, <strong>\u00ab\u00a0une pour les d\u00e9butants et les jeunes enfants et une pour les pratiquants plus aguerris\u00a0\u00bb, <\/strong>d\u00e9taille l\u2019adjoint.<\/p>\n<p>Mais attention, si les vacances scolaires et les beaux jours donnent envie de s\u2019y essayer, elle n\u2019est pas encore ouverte au public\u00a0: <strong>\u00ab\u00a0Les travaux se poursuivent avec l\u2019entreprise Effivert pour mener \u00e0 bien les op\u00e9rations de requalification des cheminements doux et de v\u00e9g\u00e9talisation et l\u2019installation de nouveaux \u00e9quipements ludiques. Le chantier reste strictement interdit au public.\u00a0\u00bb<\/strong> Elle sera inaugur\u00e9e le vendredi 13 juin, \u00e0 17 h.<\/p>\n<p>Des jeux choisis en concertation<\/p>\n<p>Le pumptrack sera s\u00e9par\u00e9 de l\u2019aire de jeux par un cheminement doux. Des tables et bancs seront install\u00e9s courant mai. Le choix des jeux (parcours acrobatique, cabane, balan\u00e7oire\u2026) s\u2019est fait en concertation avec les assistantes maternelles et les enfants du CME.<strong> \u00ab\u00a0Ils seront compl\u00e9mentaires avec ceux de l\u2019aire de jeux du Haugard\u00a0\u00bb, <\/strong>assure Martine Chabirand.<\/p>\n<p>Le co\u00fbt global de l\u2019op\u00e9ration s\u2019\u00e9l\u00e8ve \u00e0 355\u00a0000\u00a0\u20ac. <strong>\u00ab\u00a0Avec les nouveaux itin\u00e9raires cyclables qui convergeront vers le centre bourg, nous esp\u00e9rons faire de cette aire un but de balade en famille, rassemblant les g\u00e9n\u00e9rations autour du jeu et des pratiques sportives de plein air\u00a0\u00bb,<\/strong> conclut le maire.<\/p>\n<p>\u00a0<\/p>\n","protected":false},"excerpt":{"rendered":"Les travaux de r\u00e9habilitation de l\u2019aire de loisirs de Pont-Saint-Martin ont d\u00e9but\u00e9 fin f\u00e9vrier. \u00ab\u00a0L\u2019id\u00e9e est de mettre&hellip;\n","protected":false},"author":2,"featured_media":13427,"comment_status":"","ping_status":"","sticky":false,"template":"","format":"standard","meta":{"footnotes":""},"categories":[2818],"tags":[1111,11,6019,1777,674,4988,1011,27,1393,766,12,2043,2636,5689,6020,25],"class_list":{"0":"post-13426","1":"post","2":"type-post","3":"status-publish","4":"format-standard","5":"has-post-thumbnail","7":"category-nantes","8":"tag-actu","9":"tag-actualites","10":"tag-aire","11":"tag-eu","12":"tag-europe","13":"tag-forme","14":"tag-fr","15":"tag-france","16":"tag-loisirs","17":"tag-nantes","18":"tag-news","19":"tag-nouvelle","20":"tag-pays-de-la-loire","21":"tag-pont-saint-martin","22":"tag-prend","23":"tag-republique-francaise"},"share_on_mastodon":{"url":"https:\/\/pubeurope.com\/@fr\/114309747511260961","error":""},"_links":{"self":[{"href":"https:\/\/www.europesays.com\/fr\/wp-json\/wp\/v2\/posts\/13426","targetHints":{"allow":["GET"]}}],"collection":[{"href":"https:\/\/www.europesays.com\/fr\/wp-json\/wp\/v2\/posts"}],"about":[{"href":"https:\/\/www.europesays.com\/fr\/wp-json\/wp\/v2\/types\/post"}],"author":[{"embeddable":true,"href":"https:\/\/www.europesays.com\/fr\/wp-json\/wp\/v2\/users\/2"}],"replies":[{"embeddable":true,"href":"https:\/\/www.europesays.com\/fr\/wp-json\/wp\/v2\/comments?post=13426"}],"version-history":[{"count":0,"href":"https:\/\/www.europesays.com\/fr\/wp-json\/wp\/v2\/posts\/13426\/revisions"}],"wp:featuredmedia":[{"embeddable":true,"href":"https:\/\/www.europesays.com\/fr\/wp-json\/wp\/v2\/media\/13427"}],"wp:attachment":[{"href":"https:\/\/www.europesays.com\/fr\/wp-json\/wp\/v2\/media?parent=13426"}],"wp:term":[{"taxonomy":"category","embeddable":true,"href":"https:\/\/www.europesays.com\/fr\/wp-json\/wp\/v2\/categories?post=13426"},{"taxonomy":"post_tag","embeddable":true,"href":"https:\/\/www.europesays.com\/fr\/wp-json\/wp\/v2\/tags?post=13426"}],"curies":[{"name":"wp","href":"https:\/\/api.w.org\/{rel}","templated":true}]}}