{"id":134275,"date":"2025-05-28T12:16:10","date_gmt":"2025-05-28T12:16:10","guid":{"rendered":"https:\/\/www.europesays.com\/fr\/134275\/"},"modified":"2025-05-28T12:16:10","modified_gmt":"2025-05-28T12:16:10","slug":"apres-seulement-trois-saisons-jean-jacques-bourdin-quitte-sud-radio","status":"publish","type":"post","link":"https:\/\/www.europesays.com\/fr\/134275\/","title":{"rendered":"Apr\u00e8s seulement trois saisons, Jean-Jacques Bourdin quitte Sud Radio"},"content":{"rendered":"<p>La direction de la station a officialis\u00e9 la nouvelle ce mercredi dans un communiqu\u00e9.<\/p>\n<p class=\"fig-paragraph\">Trois saisons et puis s\u2019en va. Dans un communiqu\u00e9, Sud Radio annonce le d\u00e9part de\u00a0<a href=\"http:\/\/tvmag.lefigaro.fr\/programme-tv\/actu-tele\/elle-passe-merveilleusement-bien-sur-lci-les-mots-tendres-de-jean-jacques-bourdin-sur-sa-femme-anne-nivat-20240903\" target=\"_blank\" data-fig-type=\"Article\" rel=\"noopener\" data-gtm-custom-categorie=\"navigation\" data-gtm-custom-action=\"crossclick\" data-gtm-custom-label=\"Contextuel\" data-gtm-event=\"customEventSPE\" data-fig-domain=\"TVMAG\"><strong>Jean-Jacques Bourdin<\/strong><\/a> \u00a0\u00e0 la fin de la saison. Une d\u00e9cision prise d\u2019un commun accord. \u00abSud Radio remercie le chaleureusement pour son professionnalisme et son engagement au cours de ces trois ann\u00e9es\u00bb, peut-on lire encore. Il est enfin pr\u00e9cis\u00e9 que le journaliste, qui f\u00eatera ses 76 ans le 15 juin prochain, va \u00abmaintenant se consacrer \u00e0 d\u2019autres projets \u00e9ditoriaux\u00bb.<\/p>\n<p class=\"fig-paragraph\">Jean-Jacques Bourdin avait rejoint la station en ao\u00fbt 2022,\u00a0<a href=\"https:\/\/tvmag.lefigaro.fr\/programme-tv\/je-suis-tellement-heureux-d-etre-libere-jean-jacques-bourdin-reagit-a-son-licenciement-de-bfmtv-et-rmc_08386a6c-ee57-11ec-a378-3d8008006685\" target=\"_blank\" data-fig-type=\"Article\" rel=\"noopener\" data-gtm-custom-categorie=\"navigation\" data-gtm-custom-action=\"crossclick\" data-gtm-custom-label=\"Contextuel\" data-gtm-event=\"customEventSPE\" data-fig-domain=\"TVMAG\">deux mois apr\u00e8s avoir \u00e9t\u00e9 licenci\u00e9 du groupe BFM et RMC<\/a>. Vis\u00e9 par une plainte pour agression sexuelle finalement class\u00e9e sans suite, il avait \u00e9t\u00e9 \u00e9cart\u00e9 de l\u2019antenne par son ancien employeur pendant plusieurs mois.<\/p>\n<p class=\"fig-body-link\">\n            \u00c0 lire aussi<br \/>\n        <a class=\"fig-body-link__link\" href=\"http:\/\/tvmag.lefigaro.fr\/programme-tv\/actu-tele\/nous-avons-compris-la-lecon-anne-nivat-agacee-ne-veut-plus-parler-de-son-mari-jean-jacques-bourdin-dans-les-medias-20241124\" target=\"_blank\" data-fig-type=\"Article\" rel=\"noopener\" data-gtm-custom-categorie=\"navigation\" data-gtm-custom-action=\"crossclick\" data-gtm-custom-label=\"Contextuel\" data-gtm-event=\"customEventSPE\" data-fig-domain=\"TVMAG\">\u00abNous avons compris la le\u00e7on\u00bb\u00a0: Anne Nivat ne veut plus parler de son mari Jean-Jacques Bourdin dans les m\u00e9dias<br \/>\n    <\/a>\n<\/p>\n<p>\u00a0\u00bb<br \/>\n        data-script=\u00a0\u00bbhttps:\/\/static.lefigaro.fr\/widget-video\/short-ttl\/video\/index.js\u00a0\u00bb<br \/>\n    &gt;<\/p>\n<p class=\"fig-paragraph\">\u00c0 la rentr\u00e9e derni\u00e8re, il avait r\u00e9cup\u00e9r\u00e9 les commandes de la matinale, propos\u00e9e de 7 heures \u00e0 9 heures. Il \u00e9tait \u00e9galement \u00e0 la t\u00eate de l\u2019interview politique de 8h30. Ironie du sort, il s\u2019\u00e9tait retrouv\u00e9 en concurrence frontale avec celle qui lui a succ\u00e9d\u00e9 sur BFMTV et RMC,\u00a0<a href=\"http:\/\/tvmag.lefigaro.fr\/programme-tv\/actu-tele\/francois-bayrou-invite-exceptionnel-d-apolline-de-malherbe-sur-bfmtv-ce-mardi-20250526\" target=\"_blank\" data-fig-type=\"NewsFlash\" rel=\"noopener\" data-gtm-custom-categorie=\"navigation\" data-gtm-custom-action=\"crossclick\" data-gtm-custom-label=\"Contextuel\" data-gtm-event=\"customEventSPE\" data-fig-domain=\"TVMAG\">Apolline de Malherbe<\/a>.<\/p>\n<p class=\"fig-paragraph\">Reste \u00e0 savoir o\u00f9 l\u2019animateur rebondira. Et s\u2019il revenait au bercail, sur BFMTV\u00a0? Une refonte compl\u00e8te est en train de s\u2019op\u00e9rer au sein de la r\u00e9daction de la cha\u00eene d\u2019information.\u00a0<a href=\"http:\/\/tvmag.lefigaro.fr\/programme-tv\/actu-tele\/christophe-delay-ashley-chevallier-nicolas-doze-vague-de-departs-sans-precedent-a-bfmtv-20250527\" target=\"_blank\" data-fig-type=\"Article\" rel=\"noopener\" data-gtm-custom-categorie=\"navigation\" data-gtm-custom-action=\"crossclick\" data-gtm-custom-label=\"Contextuel\" data-gtm-event=\"customEventSPE\" data-fig-domain=\"TVMAG\">Plus de 50 journalistes ont d\u00e9cid\u00e9 d\u2019activer leur clause de cession<\/a>, rendue possible par le rachat du groupe CGA CGM, contr\u00f4l\u00e9 par le milliardaire\u00a0<a href=\"http:\/\/www.lefigaro.fr\/medias\/une-rencontre-entre-deux-familles-pourquoi-rodolphe-saade-prend-20-du-capital-des-cinemas-pathe-20250512\" target=\"_blank\" data-fig-type=\"Article\" rel=\"noopener\" data-gtm-custom-categorie=\"navigation\" data-gtm-custom-action=\"crossclick\" data-gtm-custom-label=\"Contextuel\" data-gtm-event=\"customEventSPE\" data-fig-domain=\"LEFIGARO\">Rodolphe Saad\u00e9<\/a>.<\/p>\n","protected":false},"excerpt":{"rendered":"La direction de la station a officialis\u00e9 la nouvelle ce mercredi dans un communiqu\u00e9. Trois saisons et puis&hellip;\n","protected":false},"author":2,"featured_media":134276,"comment_status":"","ping_status":"","sticky":false,"template":"","format":"standard","meta":{"footnotes":""},"categories":[1359],"tags":[497,496,499,58,59,1011,27,26017,500,1434,504,505,495,973,503,502,501,498],"class_list":{"0":"post-134275","1":"post","2":"type-post","3":"status-publish","4":"format-standard","5":"has-post-thumbnail","7":"category-people","8":"tag-actu-tv","9":"tag-actualite-tv","10":"tag-buzz-tv","11":"tag-divertissement","12":"tag-entertainment","13":"tag-fr","14":"tag-france","15":"tag-jean-jacques-bourdin","16":"tag-medias","17":"tag-mercato","18":"tag-news-tele","19":"tag-news-television","20":"tag-news-tv","21":"tag-people","22":"tag-programme-tele","23":"tag-programme-tv","24":"tag-quiz-tv","25":"tag-tv-actu"},"share_on_mastodon":{"url":"https:\/\/pubeurope.com\/@fr\/114585415454641901","error":""},"_links":{"self":[{"href":"https:\/\/www.europesays.com\/fr\/wp-json\/wp\/v2\/posts\/134275","targetHints":{"allow":["GET"]}}],"collection":[{"href":"https:\/\/www.europesays.com\/fr\/wp-json\/wp\/v2\/posts"}],"about":[{"href":"https:\/\/www.europesays.com\/fr\/wp-json\/wp\/v2\/types\/post"}],"author":[{"embeddable":true,"href":"https:\/\/www.europesays.com\/fr\/wp-json\/wp\/v2\/users\/2"}],"replies":[{"embeddable":true,"href":"https:\/\/www.europesays.com\/fr\/wp-json\/wp\/v2\/comments?post=134275"}],"version-history":[{"count":0,"href":"https:\/\/www.europesays.com\/fr\/wp-json\/wp\/v2\/posts\/134275\/revisions"}],"wp:featuredmedia":[{"embeddable":true,"href":"https:\/\/www.europesays.com\/fr\/wp-json\/wp\/v2\/media\/134276"}],"wp:attachment":[{"href":"https:\/\/www.europesays.com\/fr\/wp-json\/wp\/v2\/media?parent=134275"}],"wp:term":[{"taxonomy":"category","embeddable":true,"href":"https:\/\/www.europesays.com\/fr\/wp-json\/wp\/v2\/categories?post=134275"},{"taxonomy":"post_tag","embeddable":true,"href":"https:\/\/www.europesays.com\/fr\/wp-json\/wp\/v2\/tags?post=134275"}],"curies":[{"name":"wp","href":"https:\/\/api.w.org\/{rel}","templated":true}]}}