{"id":134278,"date":"2025-05-28T12:18:04","date_gmt":"2025-05-28T12:18:04","guid":{"rendered":"https:\/\/www.europesays.com\/fr\/134278\/"},"modified":"2025-05-28T12:18:04","modified_gmt":"2025-05-28T12:18:04","slug":"michel-barnier-de-passage-a-la-trinite-sur-mer-pour-dedicacer-son-dernier-livre","status":"publish","type":"post","link":"https:\/\/www.europesays.com\/fr\/134278\/","title":{"rendered":"Michel Barnier de passage \u00e0 La\u00a0Trinit\u00e9-sur-Mer pour d\u00e9dicacer son dernier livre"},"content":{"rendered":"<p>L\u2019ancien Premier ministre Michel Barnier sera de passage \u00e0 La Trinit\u00e9-sur-Mer, lundi 9 juin. La raison\u00a0? L\u2019homme politique viendra d\u00e9dicacer \u00e0 la librairie-presse La Trinitaine, son dernier livre, \u00ab\u00a0Ce que j\u2019ai appris de vous, chroniques pour demain\u00a0\u00bb, publi\u00e9 aux \u00e9ditions Calmann-L\u00e9vy. La sortie nationale de l\u2019ouvrage est quant \u00e0 lui pr\u00e9vu le mercredi 4 juin chez les libraires et autres plateformes de distribution.<\/p>\n<p>De 14\u00a0h\u00a030 \u00e0 16\u00a0h\u00a030<\/p>\n<p>Une s\u00e9ance de d\u00e9dicaces qui se d\u00e9roule dans le cadre d\u2019une tourn\u00e9e nationale. Selon toute vraisemblance, l\u2019\u00e9tape trinitaine sera son seul passage en Bretagne. \u00c0 La Trinit\u00e9-sur-Mer, la librairie, qui a commenc\u00e9 \u00e0 communiquer sur la venue de l\u2019ancien Premier ministre, a re\u00e7u \u00ab\u00a0beaucoup d\u2019appels, depuis ce matin, pour demander les modalit\u00e9s de la d\u00e9dicace\u00a0\u00bb. Ouverte \u00e0 tous, la rencontre se d\u00e9roulera donc le lundi 9 juin, de 14\u00a0h\u00a030 \u00e0 16\u00a0h\u00a030.<\/p>\n","protected":false},"excerpt":{"rendered":"L\u2019ancien Premier ministre Michel Barnier sera de passage \u00e0 La Trinit\u00e9-sur-Mer, lundi 9 juin. La raison\u00a0? L\u2019homme politique&hellip;\n","protected":false},"author":2,"featured_media":134279,"comment_status":"","ping_status":"","sticky":false,"template":"","format":"standard","meta":{"footnotes":""},"categories":[1357],"tags":[7507,1379,58,765,59,1011,27,11728,1380],"class_list":{"0":"post-134278","1":"post","2":"type-post","3":"status-publish","4":"format-standard","5":"has-post-thumbnail","7":"category-livres","8":"tag-auray","9":"tag-books","10":"tag-divertissement","11":"tag-en-continu","12":"tag-entertainment","13":"tag-fr","14":"tag-france","15":"tag-la-trinite-sur-mer","16":"tag-livres"},"share_on_mastodon":{"url":"https:\/\/pubeurope.com\/@fr\/114585423317463829","error":""},"_links":{"self":[{"href":"https:\/\/www.europesays.com\/fr\/wp-json\/wp\/v2\/posts\/134278","targetHints":{"allow":["GET"]}}],"collection":[{"href":"https:\/\/www.europesays.com\/fr\/wp-json\/wp\/v2\/posts"}],"about":[{"href":"https:\/\/www.europesays.com\/fr\/wp-json\/wp\/v2\/types\/post"}],"author":[{"embeddable":true,"href":"https:\/\/www.europesays.com\/fr\/wp-json\/wp\/v2\/users\/2"}],"replies":[{"embeddable":true,"href":"https:\/\/www.europesays.com\/fr\/wp-json\/wp\/v2\/comments?post=134278"}],"version-history":[{"count":0,"href":"https:\/\/www.europesays.com\/fr\/wp-json\/wp\/v2\/posts\/134278\/revisions"}],"wp:featuredmedia":[{"embeddable":true,"href":"https:\/\/www.europesays.com\/fr\/wp-json\/wp\/v2\/media\/134279"}],"wp:attachment":[{"href":"https:\/\/www.europesays.com\/fr\/wp-json\/wp\/v2\/media?parent=134278"}],"wp:term":[{"taxonomy":"category","embeddable":true,"href":"https:\/\/www.europesays.com\/fr\/wp-json\/wp\/v2\/categories?post=134278"},{"taxonomy":"post_tag","embeddable":true,"href":"https:\/\/www.europesays.com\/fr\/wp-json\/wp\/v2\/tags?post=134278"}],"curies":[{"name":"wp","href":"https:\/\/api.w.org\/{rel}","templated":true}]}}