{"id":134280,"date":"2025-05-28T12:19:12","date_gmt":"2025-05-28T12:19:12","guid":{"rendered":"https:\/\/www.europesays.com\/fr\/134280\/"},"modified":"2025-05-28T12:19:12","modified_gmt":"2025-05-28T12:19:12","slug":"9-ans-apres-son-depart-lactrice-preferee-des-fans-va-revenir-et-ca-va-tout-changer-pour-xavier","status":"publish","type":"post","link":"https:\/\/www.europesays.com\/fr\/134280\/","title":{"rendered":"9 ans apr\u00e8s son d\u00e9part, l&rsquo;actrice pr\u00e9f\u00e9r\u00e9e des fans va revenir (et \u00e7a va tout changer pour Xavier)"},"content":{"rendered":"<p>Cet \u00e9t\u00e9 2025, TF1 proposera de nouveaux \u00e9pisodes de Camping Paradis. Une suite tr\u00e8s attendue des fans de la s\u00e9rie port\u00e9e par Laurent Ournac, d&rsquo;autant qu&rsquo;elle mettra en sc\u00e8ne un grand retour. 9 ans apr\u00e8s son d\u00e9part, G\u00e9raldine Lapalus va reprendre son r\u00f4le d&rsquo;Amandine.<\/p>\n<p>Alors qu&rsquo;elle \u00e9tait pr\u00e9sente depuis les d\u00e9buts de la s\u00e9rie en 2006, <strong>G\u00e9raldine Lapalus<\/strong> &#8211; l&rsquo;interpr\u00e8te d&rsquo;Amandine Joubert, disait finalement au revoir \u00e0 Camping Paradis en 2016, lors de la saison 7. Un d\u00e9part qui avait d\u00e9\u00e7u de nombreux fans, notamment au regard de l&rsquo;histoire entre son h\u00e9ro\u00efne et Xavier, incarn\u00e9 par Patrick Gu\u00e9rineau, mais qui n&rsquo;\u00e9tait pas (totalement) de son fait.<\/p>\n<p>G\u00e9raldine Lapalus de retour dans Camping Paradis<\/p>\n<p>En 2023, interrog\u00e9e par T\u00e9l\u00e9pro sur son absence de cette com\u00e9die culte de TF1, l&rsquo;actrice confessait : \u00ab\u00a0<strong>Ce n&rsquo;\u00e9tait pas une volont\u00e9 pleine de ma part<\/strong>, c&rsquo;\u00e9tait des discussions avec la production et la cha\u00eene.\u00a0\u00bb Et d&rsquo;ajouter : \u00ab\u00a0<strong>Il y avait la volont\u00e9 de changer les personnages<\/strong>\u00ab\u00a0.<\/p>\n<p>Un choix d\u00e9cevant pour G\u00e9raldine Lapalus, bien qu&rsquo;elle ne s&rsquo;\u00e9panouissait pas toujours avec ce r\u00f4le, \u00ab\u00a0On \u00e9tait rarement dans les intrigues\u00a0\u00bb, qui va tout de m\u00eame conna\u00eetre une happy ending cet \u00e9t\u00e9 2025. Apr\u00e8s un premier cam\u00e9o effectu\u00e9 en 2018 lors de la saison 10, l&rsquo;actrice a retrouv\u00e9 les plateaux de Camping Paradis pour un double \u00e9pisode intitul\u00e9 Retour de flamme au paradis.<\/p>\n<p>Retrouvailles entre Amandine et Xavier<\/p>\n<p>Et si l&rsquo;on se fie au synopsis d\u00e9voil\u00e9 par la cha\u00eene, on peut d\u00e9j\u00e0 s&rsquo;attendre \u00e0 de belles choses \u00e0 l&rsquo;\u00e9cran qui pourraient faire battre le coeur de tous les fans. \u00ab\u00a0Tom a confi\u00e9 \u00e0 Xavier l&rsquo;animation d&rsquo;un atelier&#8230;<a href=\"https:\/\/www.purebreak.com\/news\/camping-paradis-9-ans-apres-son-depart-lactrice-preferee-des-fans-va-revenir-et-ca-va-tout-changer-pour-xavier\/253905\" rel=\"nofollow noopener\" target=\"_blank\" data-ylk=\"slk:Lire la suite;elm:context_link;itc:0;sec:content-canvas\" class=\"link \">Lire la suite<\/a><br \/>\u00c0 lire aussi<br \/><a href=\"https:\/\/www.purebreak.com\/news\/scenes-de-menages-fanny-cottencon-christine-viree-par-la-production-a-cause-de-didier-benureau-gilbert-lactrice-dit-tout-quand-on-est-artiste-ca-va-ca-vient\/252193\" rel=\"nofollow noopener\" target=\"_blank\" data-ylk=\"slk:Sc\u00e8nes de M\u00e9nages : Fanny Cotten\u00e7on (Christine) vir\u00e9e par la production \u00e0 cause de Didier B\u00e9nureau (Gilbert) ? L&#039;actrice dit tout, &quot;Quand on est artiste, \u00e7a va, \u00e7a vient...&quot;;elm:context_link;itc:0;sec:content-canvas\" class=\"link \">Sc\u00e8nes de M\u00e9nages : Fanny Cotten\u00e7on (Christine) vir\u00e9e par la production \u00e0 cause de Didier B\u00e9nureau (Gilbert) ? L&rsquo;actrice dit tout, \u00ab\u00a0Quand on est artiste, \u00e7a va, \u00e7a vient&#8230;\u00a0\u00bb<\/a><br \/><a href=\"https:\/\/www.purebreak.com\/news\/on-en-sait-plus-sur-avatar-3-et-ca-va-vous-faire-halluciner-james-cameron-va-tout-changer-pour-la-suite-de-la-franchise\/252469\" rel=\"nofollow noopener\" target=\"_blank\" data-ylk=\"slk:On en sait plus sur Avatar 3 et \u00e7a va vous faire halluciner ! James Cameron va tout changer pour la suite de la franchise;elm:context_link;itc:0;sec:content-canvas\" class=\"link \">On en sait plus sur Avatar 3 et \u00e7a va vous faire halluciner ! James Cameron va tout changer pour la suite de la franchise<\/a><br \/><a href=\"https:\/\/www.purebreak.com\/news\/ce-film-de-science-fiction-a-tout-explose-en-2024-au-cinema-mais-son-realisateur-vient-de-modifier-une-scene-pour-le-blu-ray-et-ca-va-tout-changer-je-netais-pas-heureux-a-100-avec\/252383\" rel=\"nofollow noopener\" target=\"_blank\" data-ylk=\"slk:Ce film de science-fiction a tout explos\u00e9 en 2024 au cin\u00e9ma, mais son r\u00e9alisateur vient de modifier une sc\u00e8ne pour le Blu-ray et \u00e7a va tout changer, &quot;Je n&#039;\u00e9tais pas heureux \u00e0 100% avec...&quot;;elm:context_link;itc:0;sec:content-canvas\" class=\"link \">Ce film de science-fiction a tout explos\u00e9 en 2024 au cin\u00e9ma, mais son r\u00e9alisateur vient de modifier une sc\u00e8ne pour le Blu-ray et \u00e7a va tout changer, \u00ab\u00a0Je n&rsquo;\u00e9tais pas heureux \u00e0 100% avec&#8230;\u00a0\u00bb<\/a><\/p>\n","protected":false},"excerpt":{"rendered":"Cet \u00e9t\u00e9 2025, TF1 proposera de nouveaux \u00e9pisodes de Camping Paradis. Une suite tr\u00e8s attendue des fans de&hellip;\n","protected":false},"author":2,"featured_media":134281,"comment_status":"","ping_status":"","sticky":false,"template":"","format":"standard","meta":{"footnotes":""},"categories":[1356],"tags":[26018,58,59,1011,27,26019,26020,252,199,1364],"class_list":{"0":"post-134280","1":"post","2":"type-post","3":"status-publish","4":"format-standard","5":"has-post-thumbnail","7":"category-television","8":"tag-camping-paradis","9":"tag-divertissement","10":"tag-entertainment","11":"tag-fr","12":"tag-france","13":"tag-geraldine-lapalus","14":"tag-retour-de-flamme","15":"tag-television","16":"tag-tf1","17":"tag-tv"},"share_on_mastodon":{"url":"https:\/\/pubeurope.com\/@fr\/114585427381503369","error":""},"_links":{"self":[{"href":"https:\/\/www.europesays.com\/fr\/wp-json\/wp\/v2\/posts\/134280","targetHints":{"allow":["GET"]}}],"collection":[{"href":"https:\/\/www.europesays.com\/fr\/wp-json\/wp\/v2\/posts"}],"about":[{"href":"https:\/\/www.europesays.com\/fr\/wp-json\/wp\/v2\/types\/post"}],"author":[{"embeddable":true,"href":"https:\/\/www.europesays.com\/fr\/wp-json\/wp\/v2\/users\/2"}],"replies":[{"embeddable":true,"href":"https:\/\/www.europesays.com\/fr\/wp-json\/wp\/v2\/comments?post=134280"}],"version-history":[{"count":0,"href":"https:\/\/www.europesays.com\/fr\/wp-json\/wp\/v2\/posts\/134280\/revisions"}],"wp:featuredmedia":[{"embeddable":true,"href":"https:\/\/www.europesays.com\/fr\/wp-json\/wp\/v2\/media\/134281"}],"wp:attachment":[{"href":"https:\/\/www.europesays.com\/fr\/wp-json\/wp\/v2\/media?parent=134280"}],"wp:term":[{"taxonomy":"category","embeddable":true,"href":"https:\/\/www.europesays.com\/fr\/wp-json\/wp\/v2\/categories?post=134280"},{"taxonomy":"post_tag","embeddable":true,"href":"https:\/\/www.europesays.com\/fr\/wp-json\/wp\/v2\/tags?post=134280"}],"curies":[{"name":"wp","href":"https:\/\/api.w.org\/{rel}","templated":true}]}}