{"id":134296,"date":"2025-05-28T12:27:09","date_gmt":"2025-05-28T12:27:09","guid":{"rendered":"https:\/\/www.europesays.com\/fr\/134296\/"},"modified":"2025-05-28T12:27:09","modified_gmt":"2025-05-28T12:27:09","slug":"une-embarcation-de-migrants-chavire-dans-un-port-des-canaries-au-moins-six-morts","status":"publish","type":"post","link":"https:\/\/www.europesays.com\/fr\/134296\/","title":{"rendered":"une embarcation de migrants chavire dans un port des Canaries, au moins six morts"},"content":{"rendered":"<p>\u00abLe nombre total de d\u00e9c\u00e8s\u00bb de cet accident \u00abs\u2019\u00e9l\u00e8ve \u00e0 six personnes\u00a0: quatre femmes et deux mineures, l\u2019une de 16 ans et l\u2019autre de cinq ans\u00bb, ont indiqu\u00e9 les services de secours.<\/p>\n<p class=\"fig-paragraph\">Au moins quatre femmes et deux mineures sont mortes mercredi 28 mai 2025 lorsque leur embarcation, dans laquelle voyageaient des dizaines de\u00a0<a href=\"http:\/\/www.lefigaro.fr\/faits-divers\/pas-de-calais-mort-d-un-migrant-qui-tentait-de-monter-sur-un-camion-20250514\" target=\"_blank\" data-fig-type=\"NewsFlash\" rel=\"noopener\" data-gtm-custom-categorie=\"navigation\" data-gtm-custom-action=\"crossclick\" data-gtm-custom-label=\"Contextuel\" data-gtm-event=\"customEventSPE\" data-fig-domain=\"LEFIGARO\">migrants<\/a>, a chavir\u00e9 en arrivant sur l&rsquo;\u00eele espagnole d&rsquo;El Hierro, dans l&rsquo;archipel des Canaries, ont indiqu\u00e9 les services d&rsquo;urgence.<\/p>\n<p class=\"fig-paragraph\">\u00abLe nombre total de d\u00e9c\u00e8s\u00bb de cet accident, survenu dans le port de La Restinga, \u00abs&rsquo;\u00e9l\u00e8ve \u00e0 six personnes: quatre femmes et deux mineures, l&rsquo;une de 16 ans et l&rsquo;autre de cinq ans\u00bb, ont indiqu\u00e9 dans un message sur X les services de secours, qui avaient au pr\u00e9alable fait \u00e9tat de cinq d\u00e9c\u00e8s.<\/p>\n<p class=\"fig-paragraph\">Plus d\u2019informations \u00e0 venir&#8230;<\/p>\n","protected":false},"excerpt":{"rendered":"\u00abLe nombre total de d\u00e9c\u00e8s\u00bb de cet accident \u00abs\u2019\u00e9l\u00e8ve \u00e0 six personnes\u00a0: quatre femmes et deux mineures, l\u2019une&hellip;\n","protected":false},"author":2,"featured_media":134297,"comment_status":"","ping_status":"","sticky":false,"template":"","format":"standard","meta":{"footnotes":""},"categories":[5],"tags":[259,11,260,26023,3983,1011,27,14,1251,261,12,262,28],"class_list":{"0":"post-134296","1":"post","2":"type-post","3":"status-publish","4":"format-standard","5":"has-post-thumbnail","7":"category-international","8":"tag-actualite-internationale","9":"tag-actualites","10":"tag-affaires-etrangeres","11":"tag-canaries","12":"tag-deces","13":"tag-fr","14":"tag-france","15":"tag-international","16":"tag-migrants","17":"tag-ministere-des-affaires-etrangeres","18":"tag-news","19":"tag-politique-etrangere","20":"tag-world"},"share_on_mastodon":{"url":"https:\/\/pubeurope.com\/@fr\/114585458814838221","error":""},"_links":{"self":[{"href":"https:\/\/www.europesays.com\/fr\/wp-json\/wp\/v2\/posts\/134296","targetHints":{"allow":["GET"]}}],"collection":[{"href":"https:\/\/www.europesays.com\/fr\/wp-json\/wp\/v2\/posts"}],"about":[{"href":"https:\/\/www.europesays.com\/fr\/wp-json\/wp\/v2\/types\/post"}],"author":[{"embeddable":true,"href":"https:\/\/www.europesays.com\/fr\/wp-json\/wp\/v2\/users\/2"}],"replies":[{"embeddable":true,"href":"https:\/\/www.europesays.com\/fr\/wp-json\/wp\/v2\/comments?post=134296"}],"version-history":[{"count":0,"href":"https:\/\/www.europesays.com\/fr\/wp-json\/wp\/v2\/posts\/134296\/revisions"}],"wp:featuredmedia":[{"embeddable":true,"href":"https:\/\/www.europesays.com\/fr\/wp-json\/wp\/v2\/media\/134297"}],"wp:attachment":[{"href":"https:\/\/www.europesays.com\/fr\/wp-json\/wp\/v2\/media?parent=134296"}],"wp:term":[{"taxonomy":"category","embeddable":true,"href":"https:\/\/www.europesays.com\/fr\/wp-json\/wp\/v2\/categories?post=134296"},{"taxonomy":"post_tag","embeddable":true,"href":"https:\/\/www.europesays.com\/fr\/wp-json\/wp\/v2\/tags?post=134296"}],"curies":[{"name":"wp","href":"https:\/\/api.w.org\/{rel}","templated":true}]}}