{"id":134302,"date":"2025-05-28T12:30:09","date_gmt":"2025-05-28T12:30:09","guid":{"rendered":"https:\/\/www.europesays.com\/fr\/134302\/"},"modified":"2025-05-28T12:30:09","modified_gmt":"2025-05-28T12:30:09","slug":"laccident-degenere-un-conducteur-prend-un-coup-de-tournevis-dans-le-mollet","status":"publish","type":"post","link":"https:\/\/www.europesays.com\/fr\/134302\/","title":{"rendered":"l&rsquo;accident d\u00e9g\u00e9n\u00e8re, un conducteur prend un coup de tournevis dans le mollet"},"content":{"rendered":"\n<p>Le banal accident de la route a failli mal tourner samedi 24 mai dernier. Deux v\u00e9hicules entrent en collision en d\u00e9but d&rsquo;apr\u00e8s-midi. Mais les conducteurs en viennent rapidement aux mains. Dans la rixe, un homme de 46 ans sort un tournis pour le planter dans le mollet de l&rsquo;autre homme, \u00e2g\u00e9 de 39 ans.<\/p>\n<p>L&rsquo;individu belliqueux ne s&rsquo;arr\u00eate pas l\u00e0, car il d\u00e9grade le v\u00e9hicule de l&rsquo;autre personne, avant de lui prendre les clefs et de retourner dans sa voiture pour prendre la fuite. La sc\u00e8ne s&rsquo;\u00e9tant d\u00e9roul\u00e9e devant des t\u00e9moins, l&rsquo;agresseur pr\u00e9sum\u00e9 a \u00e9t\u00e9 reconnu et s&rsquo;est pr\u00e9sent\u00e9 de lui-m\u00eame au commissariat ce lundi, 48 heures apr\u00e8s les faits.<\/p>\n<p>Il sera convoqu\u00e9 prochainement devant la justice pour violence avec arme et d\u00e9gradation. La victime, elle, a re\u00e7u une ITT inf\u00e9rieure \u00e0 8 jours.<\/p>\n","protected":false},"excerpt":{"rendered":"Le banal accident de la route a failli mal tourner samedi 24 mai dernier. Deux v\u00e9hicules entrent en&hellip;\n","protected":false},"author":2,"featured_media":134303,"comment_status":"","ping_status":"","sticky":false,"template":"","format":"standard","meta":{"footnotes":""},"categories":[9653],"tags":[119,1111,11,2430,1777,674,6017,1011,27,3367,12,1072,25,5510,4001,26024],"class_list":{"0":"post-134302","1":"post","2":"type-post","3":"status-publish","4":"format-standard","5":"has-post-thumbnail","7":"category-saint-etienne","8":"tag-accident","9":"tag-actu","10":"tag-actualites","11":"tag-auvergne-rhone-alpes","12":"tag-eu","13":"tag-europe","14":"tag-fait-divers","15":"tag-fr","16":"tag-france","17":"tag-loire","18":"tag-news","19":"tag-police","20":"tag-republique-francaise","21":"tag-rixe","22":"tag-saint-etienne","23":"tag-talaudiere"},"share_on_mastodon":{"url":"https:\/\/pubeurope.com\/@fr\/114585470785206401","error":""},"_links":{"self":[{"href":"https:\/\/www.europesays.com\/fr\/wp-json\/wp\/v2\/posts\/134302","targetHints":{"allow":["GET"]}}],"collection":[{"href":"https:\/\/www.europesays.com\/fr\/wp-json\/wp\/v2\/posts"}],"about":[{"href":"https:\/\/www.europesays.com\/fr\/wp-json\/wp\/v2\/types\/post"}],"author":[{"embeddable":true,"href":"https:\/\/www.europesays.com\/fr\/wp-json\/wp\/v2\/users\/2"}],"replies":[{"embeddable":true,"href":"https:\/\/www.europesays.com\/fr\/wp-json\/wp\/v2\/comments?post=134302"}],"version-history":[{"count":0,"href":"https:\/\/www.europesays.com\/fr\/wp-json\/wp\/v2\/posts\/134302\/revisions"}],"wp:featuredmedia":[{"embeddable":true,"href":"https:\/\/www.europesays.com\/fr\/wp-json\/wp\/v2\/media\/134303"}],"wp:attachment":[{"href":"https:\/\/www.europesays.com\/fr\/wp-json\/wp\/v2\/media?parent=134302"}],"wp:term":[{"taxonomy":"category","embeddable":true,"href":"https:\/\/www.europesays.com\/fr\/wp-json\/wp\/v2\/categories?post=134302"},{"taxonomy":"post_tag","embeddable":true,"href":"https:\/\/www.europesays.com\/fr\/wp-json\/wp\/v2\/tags?post=134302"}],"curies":[{"name":"wp","href":"https:\/\/api.w.org\/{rel}","templated":true}]}}