{"id":134308,"date":"2025-05-28T12:33:38","date_gmt":"2025-05-28T12:33:38","guid":{"rendered":"https:\/\/www.europesays.com\/fr\/134308\/"},"modified":"2025-05-28T12:33:38","modified_gmt":"2025-05-28T12:33:38","slug":"zacharie-perrin-a-active-sa-clause-de-depart-et-va-rejoindre-lallemagne","status":"publish","type":"post","link":"https:\/\/www.europesays.com\/fr\/134308\/","title":{"rendered":"Zacharie Perrin a activ\u00e9 sa clause de d\u00e9part et va rejoindre l\u2019Allemagne"},"content":{"rendered":"<p>Contrairement \u00e0 ce qu\u2019il aurait pu craindre, le SLUC Nancy n\u2019aura pas forc\u00e9ment \u00ab\u00a0besoin\u00a0\u00bb <a href=\"https:\/\/www.estrepublicain.fr\/sport\/2025\/05\/03\/le-sluc-nancy-lui-aussi-menace-par-l-exode-des-jeunes-joueurs-vers-les-universites-americaines\" target=\"_blank\" rel=\"noopener\">du nouvel eldorado que constitue la NCAA<\/a> pour perdre ses jeunes joueurs, \u00e0 l\u2019intersaison. Ce mercredi, le site \u00ab\u00a0BasketEurope\u00a0\u00bb a r\u00e9v\u00e9l\u00e9 le d\u00e9part de Zacharie Perrin (20 ans\u00a0; 2,07m) vers\u2026 l\u2019Allemagne (Hambourg\u00a0; 13e de Bundesliga cette saison).<\/p>\n<p>D\u00e9part qui ne fait effectivement plus aucun doute, le club nanc\u00e9ien nous ayant confirm\u00e9 ce mercredi que le joueur venait d\u2019activer sa clause. Pr\u00e9cisons que Zacharie Perrin avait sign\u00e9 avec Nancy un contrat d\u2019une dur\u00e9e de trois ans et que le club allemand qui s\u2019est attach\u00e9 ses services va donc devoir verser un \u00ab\u00a0buy out\u00a0\u00bb (un rachat) au SLUC, dont le montant (inconnu \u00e0 ce jour) a \u00e9t\u00e9 fix\u00e9 contractuellement.<\/p>\n<p>Ce contenu est bloqu\u00e9 car vous n&rsquo;avez pas accept\u00e9 les cookies et autres traceurs.<\/p>\n<p>En cliquant sur \u00ab J\u2019accepte \u00bb, les cookies et autres traceurs seront d\u00e9pos\u00e9s et vous pourrez visualiser les contenus  (<a href=\"\" class=\"consentModule_policy\" target=\"_blank\" title=\"Consulter la politique de protection des donn\u00e9es du fournisseur\">plus d&rsquo;informations<\/a>).<\/p>\n<p>En cliquant sur \u00ab J\u2019accepte tous les cookies \u00bb, vous autorisez des d\u00e9p\u00f4ts de cookies et autres traceurs pour le stockage de vos donn\u00e9es sur nos sites et applications \u00e0 des fins de personnalisation et de ciblage publicitaire.<\/p>\n<p class=\"consentModule_secondaryText\">Vous gardez la possibilit\u00e9 de retirer votre consentement \u00e0 tout moment en consultant notre <a href=\"https:\/\/www.estrepublicain.fr\/protection-des-donnees\" target=\"_blank\" title=\"Consulter notre politique de protection des donn\u00e9es\" rel=\"noopener\">politique de protection des donn\u00e9es<\/a>. <br \/>&#13;<br \/>\n            <a href=\"https:\/\/www.estrepublicain.fr\/sport\/2025\/05\/28\/javascript:Didomi.notice.show()\" class=\"consentModule_cmp\" target=\"_blank\" rel=\"noopener\">G\u00e9rer mes choix<\/a>&#13;\n        <\/p>\n<p>&#13;<br \/>\n                        J&rsquo;accepte&#13;<br \/>\n            J&rsquo;accepte tous les cookies&#13;\n        <\/p>\n<p>MVP de l\u2019Eurobasket 2020, auteur d\u2019une saison pleine avec Antibes en Pro B en 2023-24, le Franc-Comtois Zacharie Perrin aura v\u00e9cu deux saisons en une, sous le maillot du SLUC. Une premi\u00e8re partie d\u00e9cevante, puis une seconde moiti\u00e9 de championnat plus convaincante, au poste 5, m\u00eame si certaines scories ont continu\u00e9 d\u2019entacher ses lignes de stats (40,5\u00a0% aux lancers-francs).<\/p>\n<p>Pour le SLUC, le d\u00e9part annonc\u00e9 de Zacharie Perrin s\u2019inscrit dans la continuit\u00e9 d\u2019un exode massif ( <a href=\"https:\/\/www.estrepublicain.fr\/sport\/2025\/05\/18\/comme-clement-frisch-(vitoria)-antony-labanca-va-quitter-le-sluc-nancy-pour-rejoindre-bourg-en-bresse\" target=\"_blank\" rel=\"noopener\">Frisch, Labanca<\/a> , Clemons, Washington, Oliver, Walker, voire Thompson\u2026).<\/p>\n","protected":false},"excerpt":{"rendered":"Contrairement \u00e0 ce qu\u2019il aurait pu craindre, le SLUC Nancy n\u2019aura pas forc\u00e9ment \u00ab\u00a0besoin\u00a0\u00bb du nouvel eldorado que&hellip;\n","protected":false},"author":2,"featured_media":134309,"comment_status":"","ping_status":"","sticky":false,"template":"","format":"standard","meta":{"footnotes":""},"categories":[9635],"tags":[1111,11,1791,1704,1777,674,107,1701,1795,1011,27,775,1702,1703,12,25,11567,517,14185,1700],"class_list":{"0":"post-134308","1":"post","2":"type-post","3":"status-publish","4":"format-standard","5":"has-post-thumbnail","7":"category-nancy","8":"tag-actu","9":"tag-actualites","10":"tag-basket-ball","11":"tag-edition-nancy-et-agglomeration","12":"tag-eu","13":"tag-europe","14":"tag-fil-info","15":"tag-fil-info-sport","16":"tag-fil-web","17":"tag-fr","18":"tag-france","19":"tag-grand-est","20":"tag-nancy","21":"tag-nancy-ville-54b","22":"tag-news","23":"tag-republique-francaise","24":"tag-sluc","25":"tag-sport","26":"tag-sport-franc-comtois","27":"tag-sport-lorrain"},"share_on_mastodon":{"url":"https:\/\/pubeurope.com\/@fr\/114585482335266868","error":""},"_links":{"self":[{"href":"https:\/\/www.europesays.com\/fr\/wp-json\/wp\/v2\/posts\/134308","targetHints":{"allow":["GET"]}}],"collection":[{"href":"https:\/\/www.europesays.com\/fr\/wp-json\/wp\/v2\/posts"}],"about":[{"href":"https:\/\/www.europesays.com\/fr\/wp-json\/wp\/v2\/types\/post"}],"author":[{"embeddable":true,"href":"https:\/\/www.europesays.com\/fr\/wp-json\/wp\/v2\/users\/2"}],"replies":[{"embeddable":true,"href":"https:\/\/www.europesays.com\/fr\/wp-json\/wp\/v2\/comments?post=134308"}],"version-history":[{"count":0,"href":"https:\/\/www.europesays.com\/fr\/wp-json\/wp\/v2\/posts\/134308\/revisions"}],"wp:featuredmedia":[{"embeddable":true,"href":"https:\/\/www.europesays.com\/fr\/wp-json\/wp\/v2\/media\/134309"}],"wp:attachment":[{"href":"https:\/\/www.europesays.com\/fr\/wp-json\/wp\/v2\/media?parent=134308"}],"wp:term":[{"taxonomy":"category","embeddable":true,"href":"https:\/\/www.europesays.com\/fr\/wp-json\/wp\/v2\/categories?post=134308"},{"taxonomy":"post_tag","embeddable":true,"href":"https:\/\/www.europesays.com\/fr\/wp-json\/wp\/v2\/tags?post=134308"}],"curies":[{"name":"wp","href":"https:\/\/api.w.org\/{rel}","templated":true}]}}