{"id":134319,"date":"2025-05-28T12:41:13","date_gmt":"2025-05-28T12:41:13","guid":{"rendered":"https:\/\/www.europesays.com\/fr\/134319\/"},"modified":"2025-05-28T12:41:13","modified_gmt":"2025-05-28T12:41:13","slug":"isere-un-week-end-cauchemardesque-sur-les-routes-pour-lascension-a-quoi-sattendre","status":"publish","type":"post","link":"https:\/\/www.europesays.com\/fr\/134319\/","title":{"rendered":"Is\u00e8re. Un week-end cauchemardesque sur les routes pour l&rsquo;Ascension : \u00e0 quoi s&rsquo;attendre"},"content":{"rendered":"<p>            Par<br \/>\n        <strong><br \/>\n            <a href=\"https:\/\/actu.fr\/auteur\/julien-sournies\" title=\"Consulter tous les articles de Julien Sournies\" target=\"_blank\" rel=\"noopener\">Julien Sournies<\/a><br \/>\n        <\/strong><\/p>\n<p>        Publi\u00e9 le<\/p>\n<p>            28 mai 2025 \u00e0 14h01        <\/p>\n<p>Il va falloir faire preuve de patience au volant jusqu\u2019\u00e0 dimanche. Pour cause, en raison de ce long week-end de l\u2019Ascension, les routes, mais surtout les autoroutes, vont faire l\u2019objet de forts <strong>embouteillages<\/strong>.<\/p>\n<p class=\" wall-content\">Voici les pr\u00e9visions de Bison fut\u00e9 sur les routes de l\u2019<a href=\"https:\/\/actu.fr\/auvergne-rhone-alpes\/isere_38\" target=\"_blank\" rel=\"noopener\">Is\u00e8re<\/a> et alentours.<\/p>\n<p>Mercredi 28\u00a0mai 2025<\/p>\n<p class=\" wall-content\">Les bouchons vont commencer d\u00e8s ce mercredi 28\u00a0mai 2025. En effet, la journ\u00e9e est class\u00e9e <strong>rouge<\/strong> dans le sens des d\u00e9parts en Is\u00e8re. Selon Bison fut\u00e9, la circulation sera dense ce mercredi sur les autoroutes A43 et 48 reliant Lyon \u00e0 <a href=\"https:\/\/actu.fr\/grenoble\/\" target=\"_blank\" rel=\"noopener\">Grenoble<\/a>, de 16h \u00e0 20h.<\/p>\n<p class=\" wall-content\">Sur la A46 et la RN346, qui contournent l\u2019est lyonnais, la circulation sera \u00e9galement difficile de 12h \u00e0 20h dans le sens des d\u00e9parts. De surcro\u00eet, pour les vacanciers is\u00e9rois d\u00e9sireux de traverser la fronti\u00e8re via le tunnel du Mont-Blanc, le trafic sera \u00e9galement perturb\u00e9 sur la RN205, o\u00f9 la circulation sera <strong>satur\u00e9e<\/strong> de 16h \u00e0 21h.<\/p>\n<p class=\" wall-content\">\n<p>Jeudi 29\u00a0mai 2025<\/p>\n<p class=\" wall-content\">La journ\u00e9e du jeudi 29 mai, class\u00e9e \u00e0 nouveau rouge, va \u00eatre aussi perturb\u00e9e dans le sens des d\u00e9parts. Si la circulation devrait \u00eatre relativement fluide sur les autoroutes traversant le d\u00e9partement is\u00e9rois, la RN205 sera, elle, enti\u00e8rement satur\u00e9e de <strong>5h \u00e0 20h<\/strong>.<\/p>\n<p>Vid\u00e9os : en ce moment sur ActuVendredi\u00a030 et samedi 31\u00a0mai 2025<\/p>\n<p class=\" wall-content\">Seules journ\u00e9es <strong>fluides<\/strong> de ce week-end de l\u2019Ascension, les deux sens de circulation sont class\u00e9s verts vendredi\u00a030 et samedi 31\u00a0mai.<\/p>\n<p>Dimanche 1er\u00a0juin 2025<\/p>\n<p class=\" wall-content\">Dimanche 1er\u00a0juin, le sc\u00e9nario sera le m\u00eame que mercredi et jeudi, mais dans le sens inverse. Au niveau du retour, le trafic sera \u00e0 nouveau satur\u00e9 sur la RN205, o\u00f9 la circulation sera bouch\u00e9e de 10h \u00e0 23h, indique Bison fut\u00e9.<\/p>\n<p class=\" wall-content\">Il est donc recommand\u00e9 de prendre la route le plus t\u00f4t possible dimanche matin.<\/p>\n<p class=\" wall-content\">Suivez toute l\u2019actualit\u00e9 de vos villes et m\u00e9dias favoris en vous inscrivant \u00e0 <a href=\"https:\/\/moncompte.actu.fr\" title=\"D\u00e9couvez Mon Actu\" rel=\"nofollow noopener\" data-trk=\"{&quot;cta&quot;:{&quot;action&quot;:&quot;https:\\\/\\\/moncompte.actu.fr&quot;,&quot;category&quot;:&quot;mon compte&quot;,&quot;from&quot;:&quot;article footer&quot;,&quot;name&quot;:&quot;Mon actu&quot;,&quot;type&quot;:&quot;cta&quot;}}\" target=\"_blank\">Mon Actu<\/a>.<\/p>\n","protected":false},"excerpt":{"rendered":"Par Julien Sournies Publi\u00e9 le 28 mai 2025 \u00e0 14h01 Il va falloir faire preuve de patience au&hellip;\n","protected":false},"author":2,"featured_media":134320,"comment_status":"","ping_status":"","sticky":false,"template":"","format":"standard","meta":{"footnotes":""},"categories":[9566],"tags":[1111,11,2430,6427,3542,1777,674,1011,27,2731,12,25,104],"class_list":{"0":"post-134319","1":"post","2":"type-post","3":"status-publish","4":"format-standard","5":"has-post-thumbnail","7":"category-grenoble","8":"tag-actu","9":"tag-actualites","10":"tag-auvergne-rhone-alpes","11":"tag-bison-fute","12":"tag-circulation","13":"tag-eu","14":"tag-europe","15":"tag-fr","16":"tag-france","17":"tag-grenoble","18":"tag-news","19":"tag-republique-francaise","20":"tag-societe"},"share_on_mastodon":{"url":"https:\/\/pubeurope.com\/@fr\/114585513951926101","error":""},"_links":{"self":[{"href":"https:\/\/www.europesays.com\/fr\/wp-json\/wp\/v2\/posts\/134319","targetHints":{"allow":["GET"]}}],"collection":[{"href":"https:\/\/www.europesays.com\/fr\/wp-json\/wp\/v2\/posts"}],"about":[{"href":"https:\/\/www.europesays.com\/fr\/wp-json\/wp\/v2\/types\/post"}],"author":[{"embeddable":true,"href":"https:\/\/www.europesays.com\/fr\/wp-json\/wp\/v2\/users\/2"}],"replies":[{"embeddable":true,"href":"https:\/\/www.europesays.com\/fr\/wp-json\/wp\/v2\/comments?post=134319"}],"version-history":[{"count":0,"href":"https:\/\/www.europesays.com\/fr\/wp-json\/wp\/v2\/posts\/134319\/revisions"}],"wp:featuredmedia":[{"embeddable":true,"href":"https:\/\/www.europesays.com\/fr\/wp-json\/wp\/v2\/media\/134320"}],"wp:attachment":[{"href":"https:\/\/www.europesays.com\/fr\/wp-json\/wp\/v2\/media?parent=134319"}],"wp:term":[{"taxonomy":"category","embeddable":true,"href":"https:\/\/www.europesays.com\/fr\/wp-json\/wp\/v2\/categories?post=134319"},{"taxonomy":"post_tag","embeddable":true,"href":"https:\/\/www.europesays.com\/fr\/wp-json\/wp\/v2\/tags?post=134319"}],"curies":[{"name":"wp","href":"https:\/\/api.w.org\/{rel}","templated":true}]}}