{"id":134321,"date":"2025-05-28T12:42:10","date_gmt":"2025-05-28T12:42:10","guid":{"rendered":"https:\/\/www.europesays.com\/fr\/134321\/"},"modified":"2025-05-28T12:42:10","modified_gmt":"2025-05-28T12:42:10","slug":"chaine-tv-compositions-et-heure-2","status":"publish","type":"post","link":"https:\/\/www.europesays.com\/fr\/134321\/","title":{"rendered":"Cha\u00eene TV, Compositions et Heure"},"content":{"rendered":"<p style=\"text-align: justify;\"><strong>\u00c0 quelle heure et sur quelle cha\u00eene TV suivre la demi-finale de Pro D2 entre Grenoble et Provence Rugby ? Retrouvez \u00e9galement les compositions des deux \u00e9quipes.<\/strong><\/p>\n<p style=\"text-align: justify;\">La <a href=\"https:\/\/dicodusport.fr\/blog\/pro-d2-grenoble-provence-rugby-le-duel-des-ambitieux-pour-le-top-14\/\" target=\"_blank\" rel=\"noopener\"><strong>demi-finale de Pro D2<\/strong> entre le <strong>FC Grenoble<\/strong> et <strong>Provence Rugby<\/strong><\/a> se d\u00e9roule ce jeudi 29 mai 2025 \u00e0 21h00 au Stade des Alpes. Ce match d\u00e9cisif, jou\u00e9 \u00e0 guichets ferm\u00e9s devant plus de 19 000 spectateurs, d\u00e9terminera l\u2019\u00e9quipe qui acc\u00e9dera \u00e0 la finale pour une place en Top 14.<\/p>\n<p>Contexte de la rencontre<\/p>\n<p style=\"text-align: justify;\">Premier au <a href=\"https:\/\/dicodusport.fr\/blog\/classement-pro-d2-2024-2025\/\" target=\"_blank\" rel=\"noopener\">classement de la phase r\u00e9guli\u00e8re de <strong>Pro D2<\/strong><\/a> avec 98 points (21 victoires pour neuf d\u00e9faites), le <strong>FC Grenoble<\/strong> aborde cette demi-finale avec s\u00e9r\u00e9nit\u00e9 et des certitudes. Les Is\u00e9rois sont invaincus cette saison dans leur antre du Stade des Alpes, avec 15 succ\u00e8s en autant de rencontres. Avec 69 points pris sur 75 possibles \u00e0 la maison, les Grenoblois ont l\u2019habitude d\u2019envoyer du jeu sur leur pelouse. Face \u00e0 leur public, la pression sera forte, mais les joueurs d\u2019<strong>Aubin Hueber<\/strong> et <strong>Nicolas Nadau\u00a0<\/strong>ont largement les armes pour rallier la finale de Pro D2.<\/p>\n<p style=\"text-align: justify;\">En face, <strong>Provence Rugby<\/strong> sort d\u2019une performance majuscule, <a href=\"https:\/\/dicodusport.fr\/blog\/barrages-pro-d2-provence-rugby-elimine-sechement-le-sa-xv-et-rejoint-les-demi-finales\/\" target=\"_blank\" rel=\"noopener\">en \u00e9liminant largement Soyaux-Angoul\u00eame en barrages (49-22)<\/a>. Les Aixois arrivent ainsi avec de la confiance pour cette demi-finale face \u00e0 Grenoble, mais aussi, sans doute, avec de la fatigue. Peu en verve en d\u00e9placement cette saison (2 victoires et un nul sur 15 matchs), les Proven\u00e7aux restent tout de m\u00eame l\u2019une des seules \u00e9quipes \u00e0 avoir tenu t\u00eate au FCG au Stade des Alpes, avec un revers 15-12. Les locaux sont pr\u00e9vnus.<\/p>\n<p style=\"text-align: justify;\">Sans surprise, <strong>Grenoble<\/strong> est logiquement donn\u00e9 favori de cette demi-finale face \u00e0 <strong>Provence Rugby<\/strong> par les bookmakers. Pour rappel, <strong>Grenoble-Provence Rugby<\/strong>, c\u2019est la revanche de la demi-finale de la saison pass\u00e9e, remport\u00e9e parr le FCG sur la pelouse aixoise (22-23).<\/p>\n<p><a href=\"https:\/\/dicodusport.fr\/blog\/pro-d2-2024-2025-avant-la-phase-finale-les-chiffres-fous-dune-saison-spectaculaire\/\" class=\"vlp-link\" title=\"Pro D2 2024-2025 : Avant la phase finale, les chiffres fous d\u2019une saison spectaculaire\" target=\"_blank\" rel=\"noopener\"><img loading=\"lazy\" decoding=\"async\" style=\"max-width: 792px;\" width=\"792\" height=\"445\" class=\"attachment-800x445 size-800x445 perfmatters-lazy\" alt=\"Pro D2 - La folle saison r\u00e9guli\u00e8re en chiffres\" src=\"https:\/\/www.europesays.com\/fr\/wp-content\/uploads\/2025\/05\/Pro-D2-La-folle-saison-reguliere-en-chiffres.png\"  data-\/><\/p>\n<p>Pro D2 2024-2025 : Avant la phase finale, les chiffres fous d\u2019une saison spectaculaire<\/p>\n<p>Retour en chiffres sur la saison de Pro D2. La plus spectaculaire depuis des ann\u00e9es. Et qui va livrer son verdict lors de la phase finale.<\/p>\n<p>Lire l&rsquo;article<\/p>\n<p>dicodusport.fr<\/p>\n<p>Grenoble \u2013 Provence Rugby : \u00c0 quelle heure et sur quelle cha\u00eene TV suivre le match ?<\/p>\n<p style=\"text-align: justify;\">Le match <strong>Grenoble \u2013 Provence Rugby<\/strong> \u00e0 suivre ce <strong>jeudi 29<\/strong> <strong>mai 2025 \u00e0 21h00<\/strong>, sur <b>Canal+ Sport<\/b>.<\/p>\n<p>Les compositions de Grenoble \u2013 Provence Rugby<br \/>\nLa composition de Grenoble<\/p>\n<p style=\"text-align: justify;\"><strong>Le XV de d\u00e9part<\/strong> : \u00e0 venir<\/p>\n<p style=\"text-align: justify;\"><strong>Rempla\u00e7ants :<\/strong> \u00e0 venir<\/p>\n<p>La composition de Provence Rugby<\/p>\n<p style=\"text-align: justify;\"><strong>Le XV de d\u00e9part : <\/strong>\u00e0 venir<\/p>\n<p style=\"text-align: justify;\"><strong>Rempla\u00e7ants\u2005: <\/strong>\u00e0 venir<\/p>\n<p>Les cotes de Grenoble \u2013 Provence Rugby<\/p>\n<tr style=\"height: 16px;\">\n<td style=\"background-color: #404040; text-align: left; border-color: #ededed; width: 500px;\" colspan=\"3\">Jeudi 29 mai 2025, 21h00<\/td>\n<\/tr>\n<tr style=\"height: 24px;\">\n<td style=\"background-color: #ffffff; border-color: #ededed; vertical-align: middle; text-align: center; width: 266px;\"><b>Grenoble<br \/><\/b><a href=\"https:\/\/www.winamax.fr\/paris-sportifs\/match\/60768465?banid=33423\" class=\"su-button su-button-style-flat su-button-wide\" style=\"color:#fff;background-color:#000;border-color:#000000;border-radius:5px\" target=\"_blank\" rel=\"noopener noreferrer\"> 1.30<\/a><\/td>\n<td style=\"background-color: #ffffff; border-color: #ededed; vertical-align: middle; text-align: center; width: 266px;\"><strong>Match nul<\/strong><br \/><a href=\"https:\/\/www.winamax.fr\/paris-sportifs\/match\/60768465?banid=33423\" class=\"su-button su-button-style-flat su-button-wide\" style=\"color:#fff;background-color:#000;border-color:#000000;border-radius:5px\" target=\"_blank\" rel=\"noopener noreferrer\"> 24<\/a><\/td>\n<td style=\"background-color: #ffffff; border-color: #ededed; vertical-align: middle; text-align: center; width: 266px;\"><b>Provence Rugby<\/b><br \/><a href=\"https:\/\/www.winamax.fr\/paris-sportifs\/match\/60768465?banid=33423\" class=\"su-button su-button-style-flat su-button-wide\" style=\"color:#fff;background-color:#000;border-color:#000000;border-radius:5px\" target=\"_blank\" rel=\"noopener noreferrer\"> 3.15<\/a><\/td>\n<\/tr>\n<p style=\"text-align: justify;\">Tentez votre chance en profitant de votre <a href=\"https:\/\/www.winamax.fr\/registration\/landing\/affiliation_Bonus100?banid=33423\" target=\"_blank\" rel=\"noopener\">1er d\u00e9p\u00f4t doubl\u00e9 jusqu\u2019\u00e0 100 \u20ac<\/a> direct en paris gratuits sur Winamax !<\/p>\n","protected":false},"excerpt":{"rendered":"\u00c0 quelle heure et sur quelle cha\u00eene TV suivre la demi-finale de Pro D2 entre Grenoble et Provence&hellip;\n","protected":false},"author":2,"featured_media":134322,"comment_status":"","ping_status":"","sticky":false,"template":"","format":"standard","meta":{"footnotes":""},"categories":[9566],"tags":[1111,11,2430,2113,1777,674,26025,1011,27,2731,12,2308,10421,25],"class_list":{"0":"post-134321","1":"post","2":"type-post","3":"status-publish","4":"format-standard","5":"has-post-thumbnail","7":"category-grenoble","8":"tag-actu","9":"tag-actualites","10":"tag-auvergne-rhone-alpes","11":"tag-breve","12":"tag-eu","13":"tag-europe","14":"tag-fc-grenoble-rugby","15":"tag-fr","16":"tag-france","17":"tag-grenoble","18":"tag-news","19":"tag-pro-d2","20":"tag-provence-rugby","21":"tag-republique-francaise"},"share_on_mastodon":{"url":"https:\/\/pubeurope.com\/@fr\/114585517881176628","error":""},"_links":{"self":[{"href":"https:\/\/www.europesays.com\/fr\/wp-json\/wp\/v2\/posts\/134321","targetHints":{"allow":["GET"]}}],"collection":[{"href":"https:\/\/www.europesays.com\/fr\/wp-json\/wp\/v2\/posts"}],"about":[{"href":"https:\/\/www.europesays.com\/fr\/wp-json\/wp\/v2\/types\/post"}],"author":[{"embeddable":true,"href":"https:\/\/www.europesays.com\/fr\/wp-json\/wp\/v2\/users\/2"}],"replies":[{"embeddable":true,"href":"https:\/\/www.europesays.com\/fr\/wp-json\/wp\/v2\/comments?post=134321"}],"version-history":[{"count":0,"href":"https:\/\/www.europesays.com\/fr\/wp-json\/wp\/v2\/posts\/134321\/revisions"}],"wp:featuredmedia":[{"embeddable":true,"href":"https:\/\/www.europesays.com\/fr\/wp-json\/wp\/v2\/media\/134322"}],"wp:attachment":[{"href":"https:\/\/www.europesays.com\/fr\/wp-json\/wp\/v2\/media?parent=134321"}],"wp:term":[{"taxonomy":"category","embeddable":true,"href":"https:\/\/www.europesays.com\/fr\/wp-json\/wp\/v2\/categories?post=134321"},{"taxonomy":"post_tag","embeddable":true,"href":"https:\/\/www.europesays.com\/fr\/wp-json\/wp\/v2\/tags?post=134321"}],"curies":[{"name":"wp","href":"https:\/\/api.w.org\/{rel}","templated":true}]}}