{"id":134323,"date":"2025-05-28T12:43:13","date_gmt":"2025-05-28T12:43:13","guid":{"rendered":"https:\/\/www.europesays.com\/fr\/134323\/"},"modified":"2025-05-28T12:43:13","modified_gmt":"2025-05-28T12:43:13","slug":"on-en-sait-plus-sur-lintoxication-alimentaire-dans-un-restaurant","status":"publish","type":"post","link":"https:\/\/www.europesays.com\/fr\/134323\/","title":{"rendered":"on en sait plus sur l&rsquo;intoxication alimentaire dans un restaurant"},"content":{"rendered":"<p>            Par<br \/>\n        <strong><br \/>\n            <a href=\"https:\/\/actu.fr\/auteur\/laurene-fertin\" title=\"Consulter tous les articles de Laur\u00e8ne Fertin\" target=\"_blank\" rel=\"noopener\">Laur\u00e8ne Fertin<\/a><br \/>\n        <\/strong><\/p>\n<p>        Publi\u00e9 le<\/p>\n<p>            28 mai 2025 \u00e0 12h37        <\/p>\n<p><strong>Trois personnes<\/strong> ont \u00e9t\u00e9 transport\u00e9es en urgence absolue au <a href=\"https:\/\/actu.fr\/tag\/chu-de-rennes\" target=\"_blank\" rel=\"noopener\">CHU de Rennes<\/a>, mardi 27\u00a0mai 2025, apr\u00e8s avoir \u00e9t\u00e9 <a href=\"https:\/\/actu.fr\/bretagne\/rennes_35238\/intoxication-alimentaire-dans-un-restaurant-pres-de-rennes-dix-victimes-trois-personnes-en-urgence-absolue_62694400.html\" target=\"_blank\" rel=\"noopener\">touch\u00e9es par une intoxication alimentaire dans le restaurant l\u2019Unik<\/a>, \u00e0 Bruz (Ille-et-Vilaine).<\/p>\n<p class=\" wall-content\">Au total,<strong> dix personnes<\/strong> ont \u00e9t\u00e9 <strong>malades<\/strong> apr\u00e8s avoir consomm\u00e9 du <strong>thon cru<\/strong> \u2013 plus pr\u00e9cis\u00e9ment, des tataki de thon -, dans <strong>ce restaurant tr\u00e8s fr\u00e9quent\u00e9<\/strong> pr\u00e8s de Rennes.<\/p>\n<p class=\" wall-content\">Selon l\u2019Agence r\u00e9gionale de Sant\u00e9 (ARS) de Bretagne, contact\u00e9e par la r\u00e9daction d\u2019<a href=\"https:\/\/actu.fr\/rennes\/\" target=\"_blank\" rel=\"noopener\">actu Rennes<\/a>, \u00ab\u2009tout concourt \u00e0 dire qu\u2019il s\u2019agit d\u2019une TIAC (toxi-infection alimentaire collective) \u00e0 <strong>l\u2019histamine\u2009\u00bb.<\/strong><\/p>\n<p>Une cause d\u2019intoxication alimentaire courante<\/p>\n<p class=\" wall-content\">L\u2019histamine est une <strong>bact\u00e9rie \u00ab\u2009naturellement pr\u00e9sente\u2009\u00bb<\/strong> chez l\u2019\u00eatre humain et les animaux.<\/p>\n<blockquote class=\"ac-article-quote wall-content\">\n<p>Elles est pr\u00e9sente dans tous les poissons \u00e0 des niveaux normalement faibles mais peut augmenter \u00e0 des niveaux \u00e9lev\u00e9s en cas de rupture de la cha\u00eene du froid. <\/p>\n<p>    <strong>ARS Bretagne<\/strong>\n            <\/p><\/blockquote>\n<p class=\" wall-content\">Selon l\u2019ARS, certaines esp\u00e8ces de poissons telles que le <strong>thon<\/strong> ou le <strong>maquereau<\/strong> sont <strong>plus concern\u00e9es<\/strong> par ce risque.<\/p>\n<p>Maux de t\u00eate, d\u00e9mangeaisons, rougeurs\u2026<\/p>\n<p class=\" wall-content\">Dans le restaurant l\u2019Unik, les dix clients (es), regroup\u00e9s sur une m\u00eame table, ont \u00e9t\u00e9 pris de <strong>rougeurs au visage<\/strong> et ont rencontr\u00e9 des <strong>difficult\u00e9s respiratoires.<\/strong><\/p>\n<p class=\" wall-content\">En effet, la consommation importante de poisson pr\u00e9sentant des quantit\u00e9s cons\u00e9quentes d\u2019histamine provoque <strong>une intoxication<\/strong> ressemblant \u00ab\u2009\u00e0 une <strong>allergie<\/strong> avec <strong>rougeur<\/strong> de la peau, <strong>d\u00e9mangeaisons,<\/strong> <strong>maux de t\u00eate<\/strong>, <strong>tachycardie, naus\u00e9es, vomissements\u2026\u2009\u00bb,<\/strong> \u00e9gr\u00e8ne l\u2019ARS Bretagne.<\/p>\n<p>Pas de botulisme<\/p>\n<p>Ce cas d&rsquo;intoxication alimentaire collective aurait pu faire penser au cas d&rsquo;intoxication \u00e0 la toxine botulique (botulisme), recens\u00e9e dans la ville de Bordeaux, en septembre 2023. Comme l&rsquo;expliquaient nos coll\u00e8gues d&rsquo;actu Bordeaux, 10 personnes avaient \u00e9t\u00e9 intoxiqu\u00e9es apr\u00e8s avoir mang\u00e9 des bo\u00eetes de sardines faites maison dans un restaurant. Une personne \u00e9tait malheureusement d\u00e9c\u00e9d\u00e9e. <\/p>\n<p>\u00c0 Bruz, le thon \u00e9tait cru et non en bo\u00eete. \u00c0 la diff\u00e9rence de l&rsquo;histamine, le botulisme est provoqu\u00e9 par une toxine tr\u00e8s puissante produite par la bact\u00e9rie Clostridium botulinum, qui se d\u00e9veloppe notamment dans les aliments mal conserv\u00e9s. Elle engendre une affection neurologique grave.<\/p>\n<p>\u00ab\u2009Pas de situations individuelles pr\u00e9occupantes\u2009\u00bb<\/p>\n<p class=\" wall-content\">Ce mercredi 28 mai matin, Bastien Gorju, l\u2019un des patrons du restaurant, a toutefois pr\u00e9cis\u00e9 \u00e0 la r\u00e9daction d\u2019actu Rennes qu\u2019il a pu <strong>rencontrer deux clientes prises en charge en urgence absolue<\/strong> mardi et sorties quelques heures plus tard de l\u2019h\u00f4pital <strong>sans s\u00e9quelle.<\/strong> \u00ab\u00a0On a \u00e9t\u00e9 tr\u00e8s heureux de pouvoir \u00e9changer avec elles afin de s\u2019assurer qu\u2019elles allaient bien.\u00a0\u00bb<\/p>\n<p class=\" wall-content\">L\u2019ARS, de son c\u00f4t\u00e9, indiquait mardi soir qu\u2019il n\u2019y a \u00ab\u2009pas de situations individuelles pr\u00e9occupantes\u2009\u00bb.<\/p>\n<p class=\" wall-content\">Suivez toute l\u2019actualit\u00e9 de vos villes et m\u00e9dias favoris en vous inscrivant \u00e0 <a href=\"https:\/\/moncompte.actu.fr\" title=\"D\u00e9couvez Mon Actu\" rel=\"nofollow noopener\" data-trk=\"{&quot;cta&quot;:{&quot;action&quot;:&quot;https:\\\/\\\/moncompte.actu.fr&quot;,&quot;category&quot;:&quot;mon compte&quot;,&quot;from&quot;:&quot;article footer&quot;,&quot;name&quot;:&quot;Mon actu&quot;,&quot;type&quot;:&quot;cta&quot;}}\" target=\"_blank\">Mon Actu<\/a>.<\/p>\n<ul class=\"ac-article-tag wall-content\">\n<li><a href=\"https:\/\/actu.fr\/tag\/chu-de-rennes\" data-trk=\"{&quot;cta&quot;:{&quot;action&quot;:&quot;CHU de Rennes&quot;,&quot;category&quot;:&quot;tag&quot;,&quot;from&quot;:&quot;article footer&quot;,&quot;name&quot;:&quot;CHU de Rennes&quot;,&quot;type&quot;:&quot;cta&quot;}}\" target=\"_blank\" rel=\"noopener\">#CHU de Rennes<\/a><\/li>\n<li><a href=\"https:\/\/actu.fr\/tag\/restaurant\" data-trk=\"{&quot;cta&quot;:{&quot;action&quot;:&quot;Restaurant&quot;,&quot;category&quot;:&quot;tag&quot;,&quot;from&quot;:&quot;article footer&quot;,&quot;name&quot;:&quot;Restaurant&quot;,&quot;type&quot;:&quot;cta&quot;}}\" target=\"_blank\" rel=\"noopener\">#Restaurant<\/a><\/li>\n<\/ul>\n","protected":false},"excerpt":{"rendered":"Par Laur\u00e8ne Fertin Publi\u00e9 le 28 mai 2025 \u00e0 12h37 Trois personnes ont \u00e9t\u00e9 transport\u00e9es en urgence absolue&hellip;\n","protected":false},"author":2,"featured_media":134324,"comment_status":"","ping_status":"","sticky":false,"template":"","format":"standard","meta":{"footnotes":""},"categories":[2821],"tags":[1111,11,829,7513,1777,674,118,1011,27,12,584,25,1340],"class_list":{"0":"post-134323","1":"post","2":"type-post","3":"status-publish","4":"format-standard","5":"has-post-thumbnail","7":"category-rennes","8":"tag-actu","9":"tag-actualites","10":"tag-bretagne","11":"tag-chu-de-rennes","12":"tag-eu","13":"tag-europe","14":"tag-faits-divers","15":"tag-fr","16":"tag-france","17":"tag-news","18":"tag-rennes","19":"tag-republique-francaise","20":"tag-restaurant"},"share_on_mastodon":{"url":"https:\/\/pubeurope.com\/@fr\/114585521609468810","error":""},"_links":{"self":[{"href":"https:\/\/www.europesays.com\/fr\/wp-json\/wp\/v2\/posts\/134323","targetHints":{"allow":["GET"]}}],"collection":[{"href":"https:\/\/www.europesays.com\/fr\/wp-json\/wp\/v2\/posts"}],"about":[{"href":"https:\/\/www.europesays.com\/fr\/wp-json\/wp\/v2\/types\/post"}],"author":[{"embeddable":true,"href":"https:\/\/www.europesays.com\/fr\/wp-json\/wp\/v2\/users\/2"}],"replies":[{"embeddable":true,"href":"https:\/\/www.europesays.com\/fr\/wp-json\/wp\/v2\/comments?post=134323"}],"version-history":[{"count":0,"href":"https:\/\/www.europesays.com\/fr\/wp-json\/wp\/v2\/posts\/134323\/revisions"}],"wp:featuredmedia":[{"embeddable":true,"href":"https:\/\/www.europesays.com\/fr\/wp-json\/wp\/v2\/media\/134324"}],"wp:attachment":[{"href":"https:\/\/www.europesays.com\/fr\/wp-json\/wp\/v2\/media?parent=134323"}],"wp:term":[{"taxonomy":"category","embeddable":true,"href":"https:\/\/www.europesays.com\/fr\/wp-json\/wp\/v2\/categories?post=134323"},{"taxonomy":"post_tag","embeddable":true,"href":"https:\/\/www.europesays.com\/fr\/wp-json\/wp\/v2\/tags?post=134323"}],"curies":[{"name":"wp","href":"https:\/\/api.w.org\/{rel}","templated":true}]}}