{"id":134333,"date":"2025-05-28T12:48:13","date_gmt":"2025-05-28T12:48:13","guid":{"rendered":"https:\/\/www.europesays.com\/fr\/134333\/"},"modified":"2025-05-28T12:48:13","modified_gmt":"2025-05-28T12:48:13","slug":"transports-a-nice-comment-lignes-dazur-va-fonctionner-pendant-le-sommet-des-oceans","status":"publish","type":"post","link":"https:\/\/www.europesays.com\/fr\/134333\/","title":{"rendered":"Transports \u00e0 Nice. Comment Lignes d&rsquo;Azur va fonctionner pendant le Sommet des oc\u00e9ans\u00a0?"},"content":{"rendered":"<p>            Par<br \/>\n        <strong><br \/>\n            <a href=\"https:\/\/actu.fr\/auteur\/ugo-maillard\" title=\"Consulter tous les articles de Ugo Maillard\" rel=\"nofollow noopener\" target=\"_blank\">Ugo Maillard<\/a><br \/>\n        <\/strong><\/p>\n<p>        Publi\u00e9 le<\/p>\n<p>            28 mai 2025 \u00e0 13h36        <\/p>\n<p>Des milliers de personnes sont attendues \u00e0 Nice (<a href=\"https:\/\/actu.fr\/provence-alpes-cote-d-azur\/alpes-maritimes_06\" rel=\"nofollow noopener\" target=\"_blank\">Alpes-Maritimes<\/a>) pour le sommet de l\u2019<strong>Unoc<\/strong> qui se d\u00e9roulera du <strong>9 au 13\u00a0juin 2025<\/strong>. La <a href=\"https:\/\/actu.fr\/dossier\/sommet-des-oceans-a-nice-tout-ce-qu-il-faut-savoir-sur-la-conference-de-l-onu_62542007.html\" rel=\"nofollow noopener\" target=\"_blank\">conf\u00e9rence sur les Oc\u00e9ans<\/a> rassemblera des congressistes, chefs d\u2019\u00c9tats et d\u00e9l\u00e9gations qui graviteront autour du port et du <a href=\"https:\/\/actu.fr\/provence-alpes-cote-d-azur\/nice_06088\/nice-le-centre-des-congres-du-port-restera-jusqu-en-2030-voici-son-utilite_62673778.html\" rel=\"nofollow noopener\" target=\"_blank\">centre des congr\u00e8s OceaNice.<\/a> Hormis <a href=\"https:\/\/actu.fr\/provence-alpes-cote-d-azur\/nice_06088\/sommet-des-oceans-a-nice-ces-zones-seront-totalement-interdites-d-acces_62523723.html\" rel=\"nofollow noopener\" target=\"_blank\">le port<\/a>, aucune route ne sera ferm\u00e9e \u00e0 la circulation, ce qui permettra les d\u00e9placements dans la ville.<\/p>\n<p class=\" wall-content\">Pour faciliter les d\u00e9placements des Ni\u00e7ois et des participants durant le sommet, la <a href=\"https:\/\/actu.fr\/nice\/\" rel=\"nofollow noopener\" target=\"_blank\">M\u00e9tropole de Nice<\/a> garantit un service des transports en commun, presque sans aucune modification.<\/p>\n<p class=\" wall-content\">On fait le point.<\/p>\n<p>Toutes les lignes de tramways circulent<\/p>\n<p class=\" wall-content\">Durant le sommet des Oc\u00e9ans de Nice, toutes les lignes de tramways<strong> fonctionneront normalement<\/strong>.<\/p>\n<p class=\" wall-content\">Source d\u2019interrogation, le terminus des lignes 2 et 3 du port Lympia sera bel et bien op\u00e9rationnel.<\/p>\n<p>    <img   decoding=\"async\" loading=\"lazy\" src=\"https:\/\/www.europesays.com\/fr\/wp-content\/uploads\/2025\/04\/unoc-nice-zone-960x640.png\" alt=\"Voici les zones avec des restrictions d'acc\u00e8s.\" width=\"960\" height=\"640\"\/><br \/>\n    Voici les zones avec des restrictions d\u2019acc\u00e8s. (\u00a9Pr\u00e9fecture des Alpes-Maritimes)<\/p>\n<p class=\" wall-content\">Comme l\u2019ont mentionn\u00e9 la pr\u00e9fecture des Alpes-Maritimes et la Ville de Nice, le<strong> quai Napol\u00e9on 1er restera ouvert<\/strong> au grand public, ce qui permettra la libre circulation des usagers des Lignes d\u2019Azur.<\/p>\n<p>    <a href=\"https:\/\/www.google.com\/maps\/embed?pb=!1m18!1m12!1m3!1d2884.5937861436687!2d7.280282690198648!3d43.69820777501217!2m3!1f0!2f0!3f0!3m2!1i1024!2i768!4f13.1!3m3!1m2!1s0x12cddab8c4055d9d%3A0x24a7e0fecd383f82!2sQuai%20Napol%C3%A9on%201er%2C%2006300%20Nice!5e0!3m2!1sfr!2sfr!4v1748427847979!5m2!1sfr!2sfr\" title=\"Ouvrie le lien\" rel=\"nofollow noopener\" target=\"_blank\">Cliquez ici pour visualiser le contenu<\/a><\/p>\n<p>Des lignes de bus perturb\u00e9es \u00e0 la marge<\/p>\n<p class=\" wall-content\">En raison de la fermeture des quais inf\u00e9rieurs du port de Nice, certaines lignes de bus seront modifi\u00e9es durant le sommet des Oc\u00e9ans.<\/p>\n<p class=\" wall-content\">La ligne 98 qui permet aux usagers de traverser le port d\u2019ouest en est sera adapt\u00e9e puisque les arr\u00eats Lympia, Puces de Nice ou encore Monuments aux morts ne pourront \u00eatre desservis.<\/p>\n<p>Trois jours de gratuit\u00e9<\/p>\n<p class=\" wall-content\">Les trois journ\u00e9es pr\u00e9c\u00e9dant le sommet, le 6, 7 et 8\u00a0juin 2025, les transports en commun seront gratuits pour tous.<\/p>\n<p class=\" wall-content\">Annonc\u00e9e en <a href=\"https:\/\/actu.fr\/nice\/\" rel=\"nofollow noopener\" target=\"_blank\">exclusivit\u00e9 par actu Nice<\/a>, cette mesure souhait\u00e9e par Christian Estrosi, pr\u00e9sident de la M\u00e9tropole de Nice C\u00f4te d\u2019Azur, a pour but \u00ab\u2009d\u2019inciter le public \u00e0 utiliser les transports en commun et donc pour faciliter la circulation sur des journ\u00e9es o\u00f9 la ville de Nice sera tr\u00e8s fr\u00e9quent\u00e9e\u2009\u00bb.<\/p>\n<p class=\" wall-content\">\u00ab\u2009Notamment le 6\u00a0juin avec le grand spectacle de drones pr\u00e9vu dans la soir\u00e9e. Et le week-end qui suivra\u2009\u00bb, explique Ga\u00ebl Nofri, \u00e9lu en charge des transports \u00e0 la M\u00e9tropole Nice C\u00f4te d\u2019Azur et pr\u00e9sident de la R\u00e9gie Lignes d\u2019Azur.<\/p>\n<p class=\" wall-content\">Suivez toute l\u2019actualit\u00e9 de vos villes et m\u00e9dias favoris en vous inscrivant \u00e0 <a href=\"https:\/\/moncompte.actu.fr\" title=\"D\u00e9couvez Mon Actu\" rel=\"nofollow noopener\" data-trk=\"{&quot;cta&quot;:{&quot;action&quot;:&quot;https:\\\/\\\/moncompte.actu.fr&quot;,&quot;category&quot;:&quot;mon compte&quot;,&quot;from&quot;:&quot;article footer&quot;,&quot;name&quot;:&quot;Mon actu&quot;,&quot;type&quot;:&quot;cta&quot;}}\" target=\"_blank\">Mon Actu<\/a>.<\/p>\n","protected":false},"excerpt":{"rendered":"Par Ugo Maillard Publi\u00e9 le 28 mai 2025 \u00e0 13h36 Des milliers de personnes sont attendues \u00e0 Nice&hellip;\n","protected":false},"author":2,"featured_media":134334,"comment_status":"","ping_status":"","sticky":false,"template":"","format":"standard","meta":{"footnotes":""},"categories":[2819],"tags":[1111,11,1777,674,1011,27,14554,12,2401,882,25,104,2803],"class_list":{"0":"post-134333","1":"post","2":"type-post","3":"status-publish","4":"format-standard","5":"has-post-thumbnail","7":"category-nice","8":"tag-actu","9":"tag-actualites","10":"tag-eu","11":"tag-europe","12":"tag-fr","13":"tag-france","14":"tag-lignes-dazur","15":"tag-news","16":"tag-nice","17":"tag-provence-alpes-cote-dazur","18":"tag-republique-francaise","19":"tag-societe","20":"tag-transport"},"share_on_mastodon":{"url":"https:\/\/pubeurope.com\/@fr\/114585541227281004","error":""},"_links":{"self":[{"href":"https:\/\/www.europesays.com\/fr\/wp-json\/wp\/v2\/posts\/134333","targetHints":{"allow":["GET"]}}],"collection":[{"href":"https:\/\/www.europesays.com\/fr\/wp-json\/wp\/v2\/posts"}],"about":[{"href":"https:\/\/www.europesays.com\/fr\/wp-json\/wp\/v2\/types\/post"}],"author":[{"embeddable":true,"href":"https:\/\/www.europesays.com\/fr\/wp-json\/wp\/v2\/users\/2"}],"replies":[{"embeddable":true,"href":"https:\/\/www.europesays.com\/fr\/wp-json\/wp\/v2\/comments?post=134333"}],"version-history":[{"count":0,"href":"https:\/\/www.europesays.com\/fr\/wp-json\/wp\/v2\/posts\/134333\/revisions"}],"wp:featuredmedia":[{"embeddable":true,"href":"https:\/\/www.europesays.com\/fr\/wp-json\/wp\/v2\/media\/134334"}],"wp:attachment":[{"href":"https:\/\/www.europesays.com\/fr\/wp-json\/wp\/v2\/media?parent=134333"}],"wp:term":[{"taxonomy":"category","embeddable":true,"href":"https:\/\/www.europesays.com\/fr\/wp-json\/wp\/v2\/categories?post=134333"},{"taxonomy":"post_tag","embeddable":true,"href":"https:\/\/www.europesays.com\/fr\/wp-json\/wp\/v2\/tags?post=134333"}],"curies":[{"name":"wp","href":"https:\/\/api.w.org\/{rel}","templated":true}]}}