{"id":134343,"date":"2025-05-28T12:53:07","date_gmt":"2025-05-28T12:53:07","guid":{"rendered":"https:\/\/www.europesays.com\/fr\/134343\/"},"modified":"2025-05-28T12:53:07","modified_gmt":"2025-05-28T12:53:07","slug":"le-prefet-doccitanie-appelle-les-opposants-au-civisme","status":"publish","type":"post","link":"https:\/\/www.europesays.com\/fr\/134343\/","title":{"rendered":"le pr\u00e9fet d&rsquo;Occitanie appelle les opposants \u00ab\u00a0au civisme\u00a0\u00bb"},"content":{"rendered":"<p>            Par<br \/>\n        <strong><br \/>\n            <a href=\"https:\/\/actu.fr\/auteur\/guillaume-laurens\" title=\"Consulter tous les articles de Guillaume Laurens\" target=\"_blank\" rel=\"noopener\">Guillaume Laurens<\/a><br \/>\n        <\/strong><\/p>\n<p>        Publi\u00e9 le<\/p>\n<p>            28 mai 2025 \u00e0 14h47        <\/p>\n<p>Un \u00ab\u00a0soulagement\u00a0\u00bb. Quelques heures apr\u00e8s <a href=\"https:\/\/actu.fr\/occitanie\/toulouse_31555\/autoroute-a69-castres-toulouse-c-est-officiel-la-justice-autorise-la-reprise-du-chantier_62697937.html\" target=\"_blank\" rel=\"noopener\">la d\u00e9cision de la cour administrative d\u2019appel de <strong>Toulouse<\/strong><\/a>, qui a prononc\u00e9 un <strong>sursis \u00e0 ex\u00e9cution<\/strong> des jugements annulant les <strong>autorisations environnementales<\/strong> d\u00e9livr\u00e9es par l\u2019\u00c9tat, ce qui rend, de fait, <strong>possible la reprise imm\u00e9diate du chantier de l\u2019A69<\/strong>, le pr\u00e9fet de la Haute-Garonne et d\u2019Occitanie <strong>Pierre-Andr\u00e9 Durand<\/strong> a \u00e9t\u00e9 interrog\u00e9 par Actu.fr ce mercredi 28 mai 2025 dans la Ville rose sur ce nouveau rebondissement dans le dossier controvers\u00e9 du projet d\u2019autoroute reliant Castres \u00e0 Toulouse.<\/p>\n<p>\u00ab\u00a0Pr\u00e8s de 1 000 personnes avaient perdu un emploi\u00a0\u00bb, rappelle le pr\u00e9fet<\/p>\n<p class=\" wall-content\">Pierre-Andr\u00e9 Durand ne s\u2019en cache pas : cette d\u00e9cision de justice \u00ab\u00a0constitue<strong> un v\u00e9ritable soulagement<\/strong>, puisque l\u2019interruption du chantier en cours faisait peser <strong>des risques<\/strong> sur la s\u00e9curit\u00e9 des installations et des personnes aux abords du site\u00a0\u00bb.<\/p>\n<blockquote class=\"ac-article-quote wall-content\">\n<p>Elle avait \u00e9galement des r\u00e9percussions consid\u00e9rables sur le tissu \u00e9conomique local : je rappelle que pr\u00e8s de 1 000 personnes ont de fait perdu un emploi, que des entreprises se sont retrouv\u00e9es en difficult\u00e9, etc.<\/p>\n<p>    <strong>Pierre-Andr\u00e9 Durand<\/strong><br \/>\n        Pr\u00e9fet de la Haute-Garonne et d&rsquo;Occitanie    <\/p><\/blockquote>\n<p>Une preuve que \u00ab\u00a0le travail\u00a0\u00bb de l\u2019\u00c9tat \u00ab\u00a0\u00e9tait de qualit\u00e9\u00a0\u00bb<\/p>\n<p class=\" wall-content\">Mais pour le repr\u00e9sentant de l\u2019\u00c9tat dans la r\u00e9gion, cette d\u00e9cision corrige aussi et surtout <strong>un camouflet inflig\u00e9<\/strong> \u00e0 ses services par les juges du tribunal administratif de Toulouse.<\/p>\n<blockquote class=\"ac-article-quote wall-content\">\n<p>En tant que pr\u00e9fet de la Haute-Garonne et au nom aussi de mon coll\u00e8gue du Tarn, c&rsquo;est pour nous deux une grande satisfaction parce que cela montre que le travail technique qui avait \u00e9t\u00e9 r\u00e9alis\u00e9 pour signer cette autorisation environnementale \u00e9tait de qualit\u00e9.<\/p>\n<p>    <strong>Pierre Andr\u00e9-Durand<\/strong>\n            <\/p><\/blockquote>\n<p class=\" wall-content\">Cette d\u00e9cision est donc \u00ab\u00a0un soulagement\u00a0\u00bb, mais c\u2019est aussi pour le pr\u00e9fet \u00ab\u00a0la confirmation du <strong>professionnalisme des fonctionnaires<\/strong> de l\u2019\u00c9tat\u00a0\u00bb.<\/p>\n<p>Vid\u00e9os : en ce moment sur ActuLe pr\u00e9fet \u00ab\u00a0confiant\u00a0\u00bb pour l\u2019audience sur le fond<\/p>\n<p class=\" wall-content\">Si l\u2019\u00c9tat a obtenu la suspension de la d\u00e9cision de justice en r\u00e9f\u00e9r\u00e9, reste le gros morceau : la d\u00e9cision sur<strong> le fond du dossier <\/strong>par cette m\u00eame juridiction administrative d\u2019appel, qui devrait l\u2019examiner<strong> d\u2019ici un an. <\/strong>L\u00e0 aussi, le pr\u00e9fet de r\u00e9gion se veut <strong>confiant<\/strong>.<\/p>\n<blockquote class=\"ac-article-quote wall-content\">\n<p>Le jugement au fond interviendra dans plusieurs mois, mais nous sommes confiants puisqu&rsquo;il y a eu cette d\u00e9cision de suspension du jugement du Tribunal administratif de Toulouse.<\/p>\n<p>    <strong>Pierre-Andr\u00e9 Durand<\/strong>\n            <\/p><\/blockquote>\n<p>Quand reprendra le chantier ?<\/p>\n<p class=\" wall-content\">Alors que <a href=\"https:\/\/actu.fr\/occitanie\/toulouse_31555\/autoroute-a69-castres-toulouse-voici-quand-reprendra-le-chantier-selon-le-ministre-des-transports_62698566.html\" target=\"_blank\" rel=\"noopener\">le ministre des Transports a annonc\u00e9 dans la matin\u00e9e une reprise du chantier<\/a> <strong>\u00ab\u00a0\u00e0 partir de mi-juin,<\/strong> de mani\u00e8re progressive\u00a0\u00bb, le pr\u00e9fet a \u00e9t\u00e9 interrog\u00e9 sur la date pr\u00e9cise, et il temporise : \u00ab\u00a0Il est trop t\u00f4t pour vous r\u00e9pondre sur ce point\u00a0\u00bb.<\/p>\n<blockquote class=\"ac-article-quote wall-content\">\n<p>Nous sommes en train d&rsquo;en \u00e9tudier les modalit\u00e9s. Mais quand nous avons d\u00fb arr\u00eater le chantier, cela a n\u00e9cessit\u00e9 plusieurs semaines pour d\u00e9ployer les mesures techniques de mise en s\u00e9curit\u00e9, et pour mettre en place un certain nombre d&rsquo;adaptations. Il en sera vraisemblablement de m\u00eame pour reprendre le chantier.<\/p>\n<p>    <strong>Pierre-Andr\u00e9 Durand<\/strong>\n            <\/p><\/blockquote>\n<p class=\" wall-content\">\u00ab\u00a0Il va falloir que les entreprises se mobilisent, que certaines relancent des recrutements, etc. Tout cela prendra vraisemblablement <strong>quelques semaines\u00a0\u00bb,<\/strong> d\u00e9taille Pierre-Andr\u00e9 Durand, qui estime que \u00ab\u00a0l\u2019important \u00e9tait d\u2019avoir <strong>un paysage juridique clarifi\u00e9<\/strong> et c\u2019est le cas depuis ce matin\u00a0\u00bb.<\/p>\n<p>Un appel \u00ab\u00a0au civisme\u00a0\u00bb des opposants<\/p>\n<p class=\" wall-content\">Alors que <a href=\"https:\/\/actu.fr\/occitanie\/toulouse_31555\/reprise-des-travaux-de-la69-les-opposants-lancent-des-premieres-ripostes-et-appellent-a-la-mobilisation_62699803.html\" target=\"_blank\" rel=\"noopener\">les opposants \u00e0 l\u2019A69 accusent le coup et s\u2019appr\u00eatent \u00e0 manifester<\/a> d\u00e8s ce mercredi soir <strong>devant les pr\u00e9fectures<\/strong> de la r\u00e9gion, mais aussi<strong> face \u00e0 la gare Matabiau<\/strong> en centre-ville de Toulouse, Pierre-Andr\u00e9 Durand les <strong>appelle au calme<\/strong>.<\/p>\n<blockquote class=\"ac-article-quote wall-content\">\n<p>Lorsque l&rsquo;autorisation environnementale a \u00e9t\u00e9 attaqu\u00e9e, tous les opposants demandaient avec force \u00e0 ce que l&rsquo;\u00c9tat respecte strictement les d\u00e9cisions de justice, ce qui n&rsquo;a d&rsquo;ailleurs pas manqu\u00e9 de nous \u00e9tonner parce que c&rsquo;est ce que l&rsquo;\u00c9tat fait par essence&#8230;\u00a0Quand cette d\u00e9cision du Tribunal administratif qui lui \u00e9tait d\u00e9favorable est tomb\u00e9e, l&rsquo;\u00c9tat a donc imm\u00e9diatement respect\u00e9 et appliqu\u00e9 cette d\u00e9cision de justice.<\/p>\n<p>    <strong>Pierre-Andr\u00e9 Durand<\/strong>\n            <\/p><\/blockquote>\n<p class=\" wall-content\">Puis il poursuit : \u00ab\u00a0J\u2019avais dit que si l\u2019\u00c9tat devait obtenir satisfaction\u00a0\u00bb en appel,<strong> \u00ab\u00a0j\u2019attendais le m\u00eame civisme<\/strong> de la part de celles et ceux qui r\u00e9clamaient avec insistance le strict respect des d\u00e9cisions de justice en premi\u00e8re instance\u00a0\u00bb. Pour le pr\u00e9fet, l\u2019\u00c9tat a jou\u00e9 le coup. \u00ab\u00a0Maintenant,\u00a0j\u2019attends la m\u00eame chose de leur part,\u00a0le m\u00eame civisme\u00a0\u00bb.<\/p>\n<p>Faut-il craindre des d\u00e9bordements ?<\/p>\n<p class=\" wall-content\">Alors que <a href=\"https:\/\/actu.fr\/occitanie\/toulouse_31555\/videos-camions-carbonises-explosions-tags-anti-a69-ce-que-l-on-sait-du-violent-incendie-a-toulouse_61762283.html\" target=\"_blank\" rel=\"noopener\">des actions anti-A69 se sont parfois sold\u00e9es par <strong>des d\u00e9bordements<\/strong><\/a>, le pr\u00e9fet en redoute-t-il de nouveaux ? \u00ab\u00a0Des <strong>mesures de pr\u00e9caution\u00a0\u00bb<\/strong> ont \u00e9t\u00e9 prises avant le rendez-vous de mercredi soir \u00e0 Toulouse, \u00ab\u00a0comme nous le faisons pour toute manifestation non d\u00e9clar\u00e9e\u00a0\u00bb, souligne le repr\u00e9sentant de l\u2019\u00c9tat.<\/p>\n<p class=\" wall-content\">Pierre-Andr\u00e9 Durand s\u2019attend-il \u00e0 voir <strong>des casseurs<\/strong> infiltrer le mouvement ces prochaines semaines ? \u00ab\u00a0C\u2019est quelque chose qu\u2019on a aujourd\u2019hui sur toute manifestation, quel qu\u2019en soit l\u2019objet\u00a0\u00bb, \u00e9vacue le pr\u00e9fet. \u00ab\u00a0Mais \u00e0 partir du moment o\u00f9 la plupart des opposants sont respectueux de <strong>l\u2019\u00c9tat de droit,<\/strong> je n\u2019ai pas d\u2019inqui\u00e9tude particuli\u00e8re\u00a0\u00bb.<\/p>\n<p class=\" wall-content\">Suivez toute l\u2019actualit\u00e9 de vos villes et m\u00e9dias favoris en vous inscrivant \u00e0 <a href=\"https:\/\/moncompte.actu.fr\" title=\"D\u00e9couvez Mon Actu\" rel=\"nofollow noopener\" data-trk=\"{&quot;cta&quot;:{&quot;action&quot;:&quot;https:\\\/\\\/moncompte.actu.fr&quot;,&quot;category&quot;:&quot;mon compte&quot;,&quot;from&quot;:&quot;article footer&quot;,&quot;name&quot;:&quot;Mon actu&quot;,&quot;type&quot;:&quot;cta&quot;}}\" target=\"_blank\">Mon Actu<\/a>.<\/p>\n","protected":false},"excerpt":{"rendered":"Par Guillaume Laurens Publi\u00e9 le 28 mai 2025 \u00e0 14h47 Un \u00ab\u00a0soulagement\u00a0\u00bb. Quelques heures apr\u00e8s la d\u00e9cision de&hellip;\n","protected":false},"author":2,"featured_media":134344,"comment_status":"","ping_status":"","sticky":false,"template":"","format":"standard","meta":{"footnotes":""},"categories":[2816],"tags":[1111,11,5728,436,1777,674,1011,27,12,2680,25,104,2312,2803],"class_list":{"0":"post-134343","1":"post","2":"type-post","3":"status-publish","4":"format-standard","5":"has-post-thumbnail","7":"category-toulouse","8":"tag-actu","9":"tag-actualites","10":"tag-autoroute-castres-toulouse-a69","11":"tag-environnement","12":"tag-eu","13":"tag-europe","14":"tag-fr","15":"tag-france","16":"tag-news","17":"tag-occitanie","18":"tag-republique-francaise","19":"tag-societe","20":"tag-toulouse","21":"tag-transport"},"share_on_mastodon":{"url":"https:\/\/pubeurope.com\/@fr\/114585561015428069","error":""},"_links":{"self":[{"href":"https:\/\/www.europesays.com\/fr\/wp-json\/wp\/v2\/posts\/134343","targetHints":{"allow":["GET"]}}],"collection":[{"href":"https:\/\/www.europesays.com\/fr\/wp-json\/wp\/v2\/posts"}],"about":[{"href":"https:\/\/www.europesays.com\/fr\/wp-json\/wp\/v2\/types\/post"}],"author":[{"embeddable":true,"href":"https:\/\/www.europesays.com\/fr\/wp-json\/wp\/v2\/users\/2"}],"replies":[{"embeddable":true,"href":"https:\/\/www.europesays.com\/fr\/wp-json\/wp\/v2\/comments?post=134343"}],"version-history":[{"count":0,"href":"https:\/\/www.europesays.com\/fr\/wp-json\/wp\/v2\/posts\/134343\/revisions"}],"wp:featuredmedia":[{"embeddable":true,"href":"https:\/\/www.europesays.com\/fr\/wp-json\/wp\/v2\/media\/134344"}],"wp:attachment":[{"href":"https:\/\/www.europesays.com\/fr\/wp-json\/wp\/v2\/media?parent=134343"}],"wp:term":[{"taxonomy":"category","embeddable":true,"href":"https:\/\/www.europesays.com\/fr\/wp-json\/wp\/v2\/categories?post=134343"},{"taxonomy":"post_tag","embeddable":true,"href":"https:\/\/www.europesays.com\/fr\/wp-json\/wp\/v2\/tags?post=134343"}],"curies":[{"name":"wp","href":"https:\/\/api.w.org\/{rel}","templated":true}]}}