{"id":134345,"date":"2025-05-28T12:54:16","date_gmt":"2025-05-28T12:54:16","guid":{"rendered":"https:\/\/www.europesays.com\/fr\/134345\/"},"modified":"2025-05-28T12:54:16","modified_gmt":"2025-05-28T12:54:16","slug":"a-toulouse-le-nouveau-printemps-par-kiddy-smile-en-5-incontournables","status":"publish","type":"post","link":"https:\/\/www.europesays.com\/fr\/134345\/","title":{"rendered":"\u00c0 Toulouse, le Nouveau Printemps par Kiddy Smile en 5 incontournables"},"content":{"rendered":"<p class=\"editor-content__paragraph\">Plus qu\u2019un simple rendez-vous d\u00e9di\u00e9 \u00e0 la <strong>cr\u00e9ation contemporaine<\/strong>, le <strong>Nouveau Printemps<\/strong> s\u2019incarne, depuis sa refonte il y a trois ans, en manifestation politique, qui veut parler d\u2019art mais aussi du monde d\u2019aujourd\u2019hui et de ses enjeux, \u00e0 travers des expositions et des \u00e9v\u00e9nements <strong>dans diff\u00e9rents lieux de Toulouse<\/strong>.<\/p>\n<p class=\"editor-content__paragraph\">Comme <a href=\"https:\/\/www.beauxarts.com\/expos\/a-toulouse-le-nouveau-printemps-est-il-convaincant\/\" target=\"_blank\" rel=\"noopener nofollow\">la designer matali crasset en 2023<\/a> l\u2019avait fait avec l\u2019\u00e9cologie, le commissaire de cette nouvelle \u00e9dition, <strong>Kiddy Smile<\/strong> (n\u00e9 en 1983), a pens\u00e9 le Nouveau Printemps comme une <strong>r\u00e9flexion multi-auteurs<\/strong> autour des questions de l\u2019<strong>homosexualit\u00e9<\/strong>, de la transidentit\u00e9, des<strong> masculinit\u00e9s noires<\/strong>, mais aussi de la danse qui unit les corps et de la<strong> f\u00eate<\/strong> comme espace d\u2019engagement.<\/p>\n<p>        \u00c0 lire aussi :<br \/>\n        <a class=\"renvoi-explicite__link\" href=\"https:\/\/www.beauxarts.com\/grand-format\/toulouse-kiddy-smile-sera-le-commissaire-de-la-prochaine-edition-du-nouveau-printemps\/\" rel=\"nofollow noopener\" target=\"_blank\">Toulouse : Kiddy Smile sera le commissaire de la prochaine \u00e9dition du Nouveau Printemps<\/a><\/p>\n<p>\u00c0 la chapelle des Cordeliers, une pri\u00e8re pour le monde queer<\/p>\n<p>    <img loading=\"lazy\" decoding=\"async\" class=\"image__img\" src=\"https:\/\/www.europesays.com\/fr\/wp-content\/uploads\/2025\/05\/modromeo-mivekannin-pieta-after-bouguereau-1876-lenouveauprintemps.22mai2025.ptt_.15-964x643.jpg\" alt=\"Rome\u0301o Mivekannin, Pie\u0300ta after Bouguereau (1876)\" width=\"964\" height=\"643\"\/><\/p>\n<p>Rome\u0301o Mivekannin, Pie\u0300ta after Bouguereau (1876), 2025<\/p>\n<p>    i<\/p>\n<p class=\"editor-content__paragraph\">\u00c9difi\u00e9e \u00e0 partir de la fin du XIIIe si\u00e8cle, l\u2019ancienne \u00e9glise du couvent des Cordeliers h\u00e9berge <strong>la proposition personnelle de Pierre-\u00c9douard Hanffou, dit Kiddy Smile<\/strong>, soit une exposition intitul\u00e9e \u00ab\u00a0A House Should Be A Home\u00a0\u00bb. D\u2019embl\u00e9e, le ton est donn\u00e9\u00a0: il s\u2019agit d\u2019ouvrir les portes de la manifestation aux <strong>amis de l\u2019artiste<\/strong>, et d\u2019en faire <strong>une grande f\u00eate fa\u00e7on ballroom<\/strong>, o\u00f9 chacun exprime par la danse sa singularit\u00e9. On y d\u00e9couvre notamment\u00a0le film Mother, que l\u2019artiste a cor\u00e9alis\u00e9 avec Anne Cutaia et qui raconte l\u2019histoire de <strong>la danseuse Nikki Gorgeous Gucci<\/strong>, pionni\u00e8re du voguing en France.<\/p>\n<p>\u00ab\u00a0Faire famille\u00a0\u00bb, une expo tentaculaire autour de l\u2019exil<\/p>\n<p>    <img loading=\"lazy\" decoding=\"async\" class=\"image__img\" src=\"https:\/\/www.europesays.com\/fr\/wp-content\/uploads\/2025\/05\/modromeo-miekannin_regiment-de-tirailleurs-au-poste-dait-frah-2021-964x880.jpg\" alt=\"Rome\u0301o Miekannin, R\u00e9giment de tirailleurs au poste d\u2019Ait Frah\" width=\"964\" height=\"880\"\/><\/p>\n<p>Rome\u0301o Miekannin, R\u00e9giment de tirailleurs au poste d\u2019Ait Frah, 2021<\/p>\n<p>    i<\/p>\n<p class=\"editor-content__paragraph\">Toujours \u00e0 la chapelle des Cordeliers, mais aussi au mus\u00e9e Saint-Raymond, \u00e0 la Biblioth\u00e8que d\u2019\u00e9tude et du patrimoine, \u00e0 l\u2019Universit\u00e9 Toulouse-Capitole, \u00e0 l\u2019Inessential Space ou encore au Lieu-Commun, le <strong>grand accrochage collectif<\/strong> baptis\u00e9 \u00ab\u00a0Faire famille\u00a0\u00bb f\u00e9conde la ville. Celui-ci r\u00e9unit des artistes qui <strong>convoquent la puissance de r\u00e9paration et de bienveillance<\/strong> du collectif, mais aussi <strong>l\u2019exp\u00e9rience du d\u00e9placement et la m\u00e9moire des corps noirs<\/strong> \u2013 donnant ainsi \u00e0 voir, sous le commissariat de Yand\u00e9 Diouf, une autre facette de la personnalit\u00e9 de Kiddy Smile. Parmi les \u0153uvres (nombreuses) les plus belles, citons les cartographies r\u00e9invent\u00e9es et humanistes de <strong>Malala Andrialavidrazana<\/strong> (n\u00e9e en 1971), ainsi que les cartes postales et les chefs-d\u2019\u0153uvre de l\u2019histoire de l\u2019art revisit\u00e9s par <strong><a href=\"https:\/\/www.beauxarts.com\/vu\/romeo-mivekannin-sincruste-dans-les-chefs-doeuvre-du-louvre\/\" target=\"_blank\" rel=\"noopener nofollow\">Rom\u00e9o Mivekannin<\/a><\/strong> (n\u00e9 en 1986), qui s\u2019y faufile et les transforme en autoportraits puissants.<\/p>\n<p>        \u00c0 lire aussi :<br \/>\n        <a class=\"renvoi-explicite__link\" href=\"https:\/\/www.beauxarts.com\/vu\/romeo-mivekannin-sincruste-dans-les-chefs-doeuvre-du-louvre\/\" rel=\"nofollow noopener\" target=\"_blank\">Rom\u00e9o Mivekannin s\u2019incruste dans les chefs-d&rsquo;\u0153uvre du Louvre<\/a><\/p>\n<p>Rue Bellegarde, l\u2019exploration des masculinit\u00e9s noires d\u2019Andr\u00e9 Atangana<\/p>\n<p>    <img loading=\"lazy\" decoding=\"async\" class=\"image__img\" src=\"https:\/\/www.europesays.com\/fr\/wp-content\/uploads\/2025\/05\/modterangana-corey-scott-gilbert-anicet-kitambo-et-mathis-benestebe-photographies-a-toulouse-octobre.jpeg\" alt=\"Andre\u0301 Atangana, Corey Scott Gilbert, Anicet Kitambo et Mathis Benestebe photographie\u0301s a\u0300 Toulouse\" width=\"964\" height=\"643\"\/><\/p>\n<p>Andre\u0301 Atangana, Corey Scott Gilbert, Anicet Kitambo et Mathis Benestebe photographie\u0301s a\u0300 Toulouse, 2024<\/p>\n<p>    i<\/p>\n<p class=\"legende__cartel\">Photographie en noir et blanc \u2022 \u00a9 Andre\u0301 Atangana<\/p>\n<p class=\"editor-content__paragraph\">Invit\u00e9 en r\u00e9sidence de cr\u00e9ation durant un mois dans la ville de Toulouse, <strong>le danseur, chor\u00e9graphe, photographe et vid\u00e9aste Andr\u00e9 Atangana<\/strong> (n\u00e9 en 1989) est l\u2019une des belles surprises de cette \u00e9dition. L\u2019homme a choisi de travailler <strong>autour de trois figures masculines<\/strong> \u2013 l\u2019artiste am\u00e9ricain Corey Scott Gilbert, le photographe fran\u00e7ais Mathis Benestebe et le danseur congolais Anicet Kitambo \u2013, et de mettre en sc\u00e8ne dans de sublimes images <strong>leurs visages, leurs corps, leurs liens d\u2019amiti\u00e9<\/strong>. Nomm\u00e9 Uprooting, son projet qui explore \u00e9galement la question de l\u2019exil et des diasporas se d\u00e9cline en <strong>un film<\/strong> (projet\u00e9 lors du week-end d\u2019ouverture) et des <strong>photographies<\/strong>, que l\u2019on peut voir en grands formats dans la rue Bellegarde.<\/p>\n<p>L\u2019installation de Rapha\u00ebl Barontini \u00e0 la Biblioth\u00e8que d\u2019\u00e9tude et du patrimoine<\/p>\n<p>    <img loading=\"lazy\" decoding=\"async\" class=\"image__img\" src=\"https:\/\/www.europesays.com\/fr\/wp-content\/uploads\/2025\/05\/modvue-dexposition-we-could-be-heroes-pantheon-paris-fr-2023-commande-du-centre-des-monuments-nation.jpeg\" alt=\"Raphae\u0308l Barontini, Exposition We Could Be Heroes\u00a0au Panthe\u0301on \u00e0 Paris\" width=\"964\" height=\"643\"\/><\/p>\n<p>Raphae\u0308l Barontini, Exposition We Could Be Heroes\u00a0au Panthe\u0301on \u00e0 Paris, 2023<\/p>\n<p>    i<\/p>\n<p class=\"legende__cartel\">\u00a9 Benjamin Gavaudo \/ \u00a9 Centre des monuments nationaux<\/p>\n<p class=\"editor-content__paragraph\">Vous l\u2019avez manqu\u00e9 au Panth\u00e9on et au <a href=\"https:\/\/www.beauxarts.com\/expos\/au-palais-de-tokyo-comment-raphael-barontini-invente-un-portrait-de-cour-caribeen\/\" target=\"_blank\" rel=\"noopener nofollow\">Palais de Tokyo<\/a>\u00a0? Bonne nouvelle\u00a0: le brillant Rapha\u00ebl Barontini (n\u00e9 en 1984) s\u2019empare ici de la <strong>salle principale de lecture<\/strong> de la Biblioth\u00e8que d\u2019\u00e9tude et du patrimoine, o\u00f9 il d\u00e9ploie une <strong>installation textile monumentale<\/strong>. R\u00e9alis\u00e9e \u00e0 partir de collages et d\u2019associations de tissus teints, d\u2019impressions textiles num\u00e9rique et de s\u00e9rigraphies, l\u2019\u0153uvre <strong>rend hommage \u00e0 la figure du conteur cr\u00e9ole<\/strong>, et \u00e0 sa litt\u00e9rature si particuli\u00e8re qui passe par \u00ab\u00a0le son de sa gorge, mais aussi sa sueur, les roulades de ses yeux, son ventre, les dessins de ses mains, son odeur, celle de la compagnie, le son du ka et tous les silences\u00a0\u00bb, comme le dit l\u2019\u00e9crivain Patrick Chamoiseau, cit\u00e9 par l\u2019artiste.<\/p>\n<p>        \u00c0 lire aussi :<br \/>\n        <a class=\"renvoi-explicite__link\" href=\"https:\/\/www.beauxarts.com\/expos\/au-palais-de-tokyo-comment-raphael-barontini-invente-un-portrait-de-cour-caribeen\/\" rel=\"nofollow noopener\" target=\"_blank\">Au Palais de Tokyo, comment Rapha\u00ebl Barontini invente un portrait de cour carib\u00e9en<\/a><\/p>\n<p>O\u00f9 sont les femmes\u00a0? Randa Maroufi r\u00e9pond par l\u2019humour<\/p>\n<p>    <img loading=\"lazy\" decoding=\"async\" class=\"image__img\" src=\"https:\/\/www.europesays.com\/fr\/wp-content\/uploads\/2025\/05\/modla-princiere-barbes-de-la-serie-les-intruses-photographie-couleur-2019--randa-maroufi-964x506.jpg\" alt=\"Randa Maroufi, La Princie\u0300re, issue de la serie Les Intruses\" width=\"964\" height=\"506\"\/><\/p>\n<p>Randa Maroufi, La Princie\u0300re, issue de la serie Les Intruses, 2019<\/p>\n<p>    i<\/p>\n<p class=\"legende__cartel\">Photographie couleur \u2022 \u00a9 Randa Maroufi<\/p>\n<p class=\"editor-content__paragraph\">D\u00e9j\u00e0 rep\u00e9r\u00e9e \u00e0 la Biennale de Lyon en 2022\u00a0et r\u00e9compens\u00e9e au dernier festival de Cannes pour son film L\u2019Mina, la plasticienne Randa Maroufi (n\u00e9e en 1987) poursuit <strong>\u00ab\u00a0Les Intruses\u00a0\u00bb<\/strong>, sa s\u00e9rie d\u00e9j\u00e0 culte, et en d\u00e9voile ici <strong>le quatri\u00e8me volet<\/strong>. Le principe est simple\u00a0: dans des photographies travaill\u00e9es comme des plans de films \u2013 ou des films pens\u00e9s comme des photographies \u2013, l\u2019artiste met en sc\u00e8ne <strong>des femmes dans des endroits d\u2019ordinaire associ\u00e9s voire accapar\u00e9s par les hommes<\/strong>. Elle qui invitait jusqu\u2019alors ses \u00ab\u00a0intruses\u00a0\u00bb dans des bars de quartiers ou dans des ateliers de m\u00e9canique s\u2019est, pour le Nouveau Printemps, empar\u00e9e de <strong>lieux de pouvoir<\/strong> de la ville de Toulouse, comme le palais de justice ou la salle des Doyens de l\u2019universit\u00e9. Un questionnement passionnant.<\/p>\n<p>        \u00c0 lire aussi :<br \/>\n        <a class=\"renvoi-explicite__link\" href=\"https:\/\/www.beauxarts.com\/expos\/lille3000-fait-la-fiesta-les-15-meilleurs-expos-et-installations-a-voir\/\" rel=\"nofollow noopener\" target=\"_blank\">Lille3000 fait la \u00ab fiesta \u00bb : les 15 meilleurs expos et installations \u00e0 voir<\/a><\/p>\n<p>  Arrow<\/p>\n<p>Nouveau Printemps 2025<\/p>\n<p class=\"annexe-content__subtitle\">Du 23 mai au 22 juin 2025<\/p>\n<p>Pour en savoir plus, <a href=\"https:\/\/lenouveauprintemps.com\/\" target=\"_blank\" rel=\"noopener nofollow\">consultez le site du Nouveau Printemps<\/a><\/p>\n","protected":false},"excerpt":{"rendered":"Plus qu\u2019un simple rendez-vous d\u00e9di\u00e9 \u00e0 la cr\u00e9ation contemporaine, le Nouveau Printemps s\u2019incarne, depuis sa refonte il y&hellip;\n","protected":false},"author":2,"featured_media":134346,"comment_status":"","ping_status":"","sticky":false,"template":"","format":"standard","meta":{"footnotes":""},"categories":[2816],"tags":[1111,11,1396,1777,674,849,1011,27,12,2680,25,2312],"class_list":{"0":"post-134345","1":"post","2":"type-post","3":"status-publish","4":"format-standard","5":"has-post-thumbnail","7":"category-toulouse","8":"tag-actu","9":"tag-actualites","10":"tag-art-contemporain","11":"tag-eu","12":"tag-europe","13":"tag-festival","14":"tag-fr","15":"tag-france","16":"tag-news","17":"tag-occitanie","18":"tag-republique-francaise","19":"tag-toulouse"},"share_on_mastodon":{"url":"https:\/\/pubeurope.com\/@fr\/114585564859663437","error":""},"_links":{"self":[{"href":"https:\/\/www.europesays.com\/fr\/wp-json\/wp\/v2\/posts\/134345","targetHints":{"allow":["GET"]}}],"collection":[{"href":"https:\/\/www.europesays.com\/fr\/wp-json\/wp\/v2\/posts"}],"about":[{"href":"https:\/\/www.europesays.com\/fr\/wp-json\/wp\/v2\/types\/post"}],"author":[{"embeddable":true,"href":"https:\/\/www.europesays.com\/fr\/wp-json\/wp\/v2\/users\/2"}],"replies":[{"embeddable":true,"href":"https:\/\/www.europesays.com\/fr\/wp-json\/wp\/v2\/comments?post=134345"}],"version-history":[{"count":0,"href":"https:\/\/www.europesays.com\/fr\/wp-json\/wp\/v2\/posts\/134345\/revisions"}],"wp:featuredmedia":[{"embeddable":true,"href":"https:\/\/www.europesays.com\/fr\/wp-json\/wp\/v2\/media\/134346"}],"wp:attachment":[{"href":"https:\/\/www.europesays.com\/fr\/wp-json\/wp\/v2\/media?parent=134345"}],"wp:term":[{"taxonomy":"category","embeddable":true,"href":"https:\/\/www.europesays.com\/fr\/wp-json\/wp\/v2\/categories?post=134345"},{"taxonomy":"post_tag","embeddable":true,"href":"https:\/\/www.europesays.com\/fr\/wp-json\/wp\/v2\/tags?post=134345"}],"curies":[{"name":"wp","href":"https:\/\/api.w.org\/{rel}","templated":true}]}}