{"id":134353,"date":"2025-05-28T12:59:07","date_gmt":"2025-05-28T12:59:07","guid":{"rendered":"https:\/\/www.europesays.com\/fr\/134353\/"},"modified":"2025-05-28T12:59:07","modified_gmt":"2025-05-28T12:59:07","slug":"60-nouvelles-cameras-deployees-dici-2026-lexecutif-ecologiste-assume","status":"publish","type":"post","link":"https:\/\/www.europesays.com\/fr\/134353\/","title":{"rendered":"60 nouvelles cam\u00e9ras d\u00e9ploy\u00e9es d\u2019ici 2026, l\u2019ex\u00e9cutif \u00e9cologiste assume"},"content":{"rendered":"<p>Le maire de Lyon Gr\u00e9gory Doucet <a href=\"https:\/\/www.lyonmag.com\/article\/139951\/changement-de-cap-a-lyon-gregory-doucet-veut-desormais-davantage-de-cameras-de-videosurveillance\" target=\"_blank\" rel=\"noopener\">a confirm\u00e9 ce mercredi<\/a> l\u2019installation de\u00a060 nouvelles cam\u00e9ras fixes\u00a0d\u2019ici 2026. Une d\u00e9lib\u00e9ration sera pr\u00e9sent\u00e9e au\u00a0conseil municipal du 26 juin, \u00e0 l\u2019issue d\u2019une concertation avec les arrondissements, les services de s\u00e9curit\u00e9 et apr\u00e8s\u00a0un avis favorable du coll\u00e8ge d\u2019\u00e9thique.<\/p>\n<p>Avec cette d\u00e9cision, la Ville cl\u00f4t la derni\u00e8re phase de son plan 2020\u20132026.\u202fAlors que l&rsquo;ex\u00e9cutif \u00e9cologiste de la Ville de Lyon est r\u00e9guli\u00e8rement point\u00e9 du doigt par l&rsquo;opposition concernant les questions de s\u00e9curit\u00e9, \u00a0Gr\u00e9gory Doucet d\u00e9clare\u00a0dans un communiqu\u00e9 : \u200b\u200b\u200b\u200b\u200b\u00a0\u00bbCette d\u00e9cision prolonge une d\u00e9marche coh\u00e9rente, rigoureuse et assum\u00e9e depuis le d\u00e9but du mandat. Notre objectif est clair : renforcer la s\u00e9curit\u00e9 des Lyonnaises et des Lyonnais, partout o\u00f9 c\u2019est n\u00e9cessaire\u00a0\u00bb.\u00a0<\/p>\n<p>L\u2019\u00e9lu EELV revendique un d\u00e9ploiement fond\u00e9 sur\u00a0\u201cles faits et les besoins objectiv\u00e9s\u201d, avec un total de\u00a090 nouvelles cam\u00e9ras\u00a0sur la dur\u00e9e du mandat (60 fixes et 30 nomades).<\/p>\n<p><strong>962 000 euros<\/strong><\/p>\n<p>Le montant d\u00e9di\u00e9 \u00e0 cette extension s\u2019\u00e9l\u00e8ve \u00e0\u00a0962 000 euros, compl\u00e9t\u00e9 par une enveloppe annuelle de\u00a0738 000 euros\u00a0pour la maintenance du parc et son renouvellement progressif. Les nouvelles cam\u00e9ras seront install\u00e9es notamment dans les zones en mutation comme\u00a0la Part-Dieu, mais aussi \u00e0 proximit\u00e9 de\u00a0parcs, \u00e9coles, lieux de culte et sites touristiques. Par mesure de s\u00e9curit\u00e9, la liste des implantations ne sera pas rendue publique.<\/p>\n<p>L\u2019adjoint \u00e0 la s\u00e9curit\u00e9,\u00a0Mohamed Chihi, insiste sur la m\u00e9thode : \u00ab\u00a0Cette extension raisonn\u00e9e du parc de cam\u00e9ras fixes est le fruit d\u2019une concertation approfondie avec les mairies d\u2019arrondissement, la Pr\u00e9fecture, les secours et les forces de s\u00e9curit\u00e9. Elle illustre notre capacit\u00e9 \u00e0 agir avec rigueur sans renier nos principes : \u00e9thique, attention port\u00e9e \u00e0 la proportionnalit\u00e9 et respect des libert\u00e9s fondamentales.\u00a0\u00bb<\/p>\n<p>La Ville pr\u00e9cise \u00e9galement vouloir \u00e9quiper son parc de dispositifs de\u00a0haute technologie\u00a0(cam\u00e9ras 360\u00b0 multi-capteurs), tout en\u00a0r\u00e9affirmant son opposition \u00e0 la reconnaissance faciale et \u00e0 la vid\u00e9osurveillance algorithmique.<\/p>\n<p>Selon les donn\u00e9es municipales,\u00a0571 cam\u00e9ras fixes et 30 nomades\u00a0sont aujourd\u2019hui en fonctionnement, faisant de Lyon la deuxi\u00e8me ville de France pour la densit\u00e9 du parc (12,7 cam\u00e9ras par km\u00b2). En 2024,\u00a0227 interpellations\u00a0ont \u00e9t\u00e9 r\u00e9alis\u00e9es apr\u00e8s signalements du Centre de Supervision Urbain, et\u00a073 800 relectures d\u2019images\u00a0ont \u00e9t\u00e9 effectu\u00e9es pour la justice.<\/p>\n","protected":false},"excerpt":{"rendered":"Le maire de Lyon Gr\u00e9gory Doucet a confirm\u00e9 ce mercredi l\u2019installation de\u00a060 nouvelles cam\u00e9ras fixes\u00a0d\u2019ici 2026. Une d\u00e9lib\u00e9ration&hellip;\n","protected":false},"author":2,"featured_media":134354,"comment_status":"","ping_status":"","sticky":false,"template":"","format":"standard","meta":{"footnotes":""},"categories":[1889],"tags":[1111,11,2813,2190,2430,1109,251,1112,2811,1777,674,118,1011,27,1922,1110,1114,2428,2810,12,241,316,25,2812,517,800],"class_list":{"0":"post-134353","1":"post","2":"type-post","3":"status-publish","4":"format-standard","5":"has-post-thumbnail","7":"category-lyon","8":"tag-actu","9":"tag-actualites","10":"tag-article","11":"tag-asvel","12":"tag-auvergne-rhone-alpes","13":"tag-breves","14":"tag-culture","15":"tag-depeches","16":"tag-economique","17":"tag-eu","18":"tag-europe","19":"tag-faits-divers","20":"tag-fr","21":"tag-france","22":"tag-info","23":"tag-informations","24":"tag-infos","25":"tag-lyon","26":"tag-lyonmag","27":"tag-news","28":"tag-ol","29":"tag-politique","30":"tag-republique-francaise","31":"tag-sociale","32":"tag-sport","33":"tag-transports"},"share_on_mastodon":{"url":"https:\/\/pubeurope.com\/@fr\/114585584556360280","error":""},"_links":{"self":[{"href":"https:\/\/www.europesays.com\/fr\/wp-json\/wp\/v2\/posts\/134353","targetHints":{"allow":["GET"]}}],"collection":[{"href":"https:\/\/www.europesays.com\/fr\/wp-json\/wp\/v2\/posts"}],"about":[{"href":"https:\/\/www.europesays.com\/fr\/wp-json\/wp\/v2\/types\/post"}],"author":[{"embeddable":true,"href":"https:\/\/www.europesays.com\/fr\/wp-json\/wp\/v2\/users\/2"}],"replies":[{"embeddable":true,"href":"https:\/\/www.europesays.com\/fr\/wp-json\/wp\/v2\/comments?post=134353"}],"version-history":[{"count":0,"href":"https:\/\/www.europesays.com\/fr\/wp-json\/wp\/v2\/posts\/134353\/revisions"}],"wp:featuredmedia":[{"embeddable":true,"href":"https:\/\/www.europesays.com\/fr\/wp-json\/wp\/v2\/media\/134354"}],"wp:attachment":[{"href":"https:\/\/www.europesays.com\/fr\/wp-json\/wp\/v2\/media?parent=134353"}],"wp:term":[{"taxonomy":"category","embeddable":true,"href":"https:\/\/www.europesays.com\/fr\/wp-json\/wp\/v2\/categories?post=134353"},{"taxonomy":"post_tag","embeddable":true,"href":"https:\/\/www.europesays.com\/fr\/wp-json\/wp\/v2\/tags?post=134353"}],"curies":[{"name":"wp","href":"https:\/\/api.w.org\/{rel}","templated":true}]}}