{"id":134361,"date":"2025-05-28T13:06:10","date_gmt":"2025-05-28T13:06:10","guid":{"rendered":"https:\/\/www.europesays.com\/fr\/134361\/"},"modified":"2025-05-28T13:06:10","modified_gmt":"2025-05-28T13:06:10","slug":"le-corps-dun-adolescent-de-17-ans-retrouve-sans-vie-dans-le-canal-de-lourcq","status":"publish","type":"post","link":"https:\/\/www.europesays.com\/fr\/134361\/","title":{"rendered":"le corps d&rsquo;un adolescent de 17 ans retrouv\u00e9 sans vie dans le canal de l&rsquo;Ourcq"},"content":{"rendered":"<p>            Par<br \/>\n        <strong><br \/>\n            <a href=\"https:\/\/actu.fr\/auteur\/sarah-coulet\" title=\"Consulter tous les articles de Sarah Coulet\" target=\"_blank\" rel=\"noopener\">Sarah Coulet<\/a><br \/>\n        <\/strong><\/p>\n<p>        Publi\u00e9 le<\/p>\n<p>            28 mai 2025 \u00e0 14h31        <\/p>\n<p>Que s\u2019est-il pass\u00e9 \u00e0 <a href=\"https:\/\/actu.fr\/ile-de-france\/bobigny_93008\" target=\"_blank\" rel=\"noopener\">Bobigny<\/a> mardi 20\u00a0mai 2025\u2009? Les forces de l\u2019ordre ont d\u00e9couvert le corps d\u2019un jeune homme dans le <a href=\"https:\/\/actu.fr\/tag\/canal-de-l-ourcq-saint-denis\" target=\"_blank\" rel=\"noopener\">canal de l\u2019Ourcq<\/a>, du c\u00f4t\u00e9 de la Seine-Saint-Denis, a appris\u00a0<a href=\"https:\/\/actu.fr\/paris\/dernieres-actus\" target=\"_blank\" rel=\"noopener\">actu Paris<\/a>\u00a0aupr\u00e8s du <a href=\"https:\/\/actu.fr\/tag\/tribunal-de-bobigny\" target=\"_blank\" rel=\"noopener\">parquet<\/a>, confirmant une information d\u2019<a href=\"https:\/\/actu17.fr\/faits-divers\/bobigny-le-corps-dun-adolescent-repeche-dans-le-canal-de-lourcq-enquete-pour-homicide-ouverte.html\" target=\"_blank\" rel=\"noopener\">Actu17<\/a>.<\/p>\n<p>Des examens compl\u00e9mentaires demand\u00e9s<\/p>\n<p class=\" wall-content\">Selon les informations du site, la victime pr\u00e9sentait des <strong>blessures \u00e0 la t\u00eate<\/strong>, mais l\u2019autopsie n\u2019a pas permis d\u2019\u00e9tablir l\u2019origine du d\u00e9c\u00e8s, pr\u00e9cise le magist\u00e8re public. Des examens compl\u00e9mentaires ont \u00e9t\u00e9 demand\u00e9s.\u00a0De son c\u00f4t\u00e9, <a href=\"https:\/\/www.leparisien.fr\/seine-saint-denis-93\/bobigny-le-jeune-de-17-ans-repeche-dans-lourcq-avait-fugue-dun-foyer-du-val-de-marne-27-05-2025-HYO7CUU7AJFXHNSLIVSFY6WCXU.php\" target=\"_blank\" rel=\"noopener\">Le Parisien<\/a> a appris que le jeune homme \u00e9tait h\u00e9berg\u00e9 dans un foyer de Villeneuve-Saint-Georges et \u00e9tait port\u00e9 disparu depuis plusieurs jours.<\/p>\n<p class=\" wall-content\">Une enqu\u00eate a \u00e9t\u00e9 ouverte pour <strong>homicide volontaire<\/strong> et confi\u00e9e \u00e0 la sous-direction de la police judiciaire de Seine-Saint-Denis.<\/p>\n<p class=\" wall-content\">Suivez toute l\u2019actualit\u00e9 de vos villes et m\u00e9dias favoris en vous inscrivant \u00e0 <a href=\"https:\/\/moncompte.actu.fr\" title=\"D\u00e9couvez Mon Actu\" rel=\"nofollow noopener\" data-trk=\"{&quot;cta&quot;:{&quot;action&quot;:&quot;https:\\\/\\\/moncompte.actu.fr&quot;,&quot;category&quot;:&quot;mon compte&quot;,&quot;from&quot;:&quot;article footer&quot;,&quot;name&quot;:&quot;Mon actu&quot;,&quot;type&quot;:&quot;cta&quot;}}\" target=\"_blank\">Mon Actu<\/a>.<\/p>\n<ul class=\"ac-article-tag wall-content\">\n<li><a href=\"https:\/\/actu.fr\/tag\/canal-de-l-ourcq-saint-denis\" data-trk=\"{&quot;cta&quot;:{&quot;action&quot;:&quot;Canal de l&#039;Ourcq \\\/ Saint-Denis&quot;,&quot;category&quot;:&quot;tag&quot;,&quot;from&quot;:&quot;article footer&quot;,&quot;name&quot;:&quot;Canal de l&#039;Ourcq \\\/ Saint-Denis&quot;,&quot;type&quot;:&quot;cta&quot;}}\" target=\"_blank\" rel=\"noopener\">#Canal de l&rsquo;Ourcq \/ Saint-Denis<\/a><\/li>\n<li><a href=\"https:\/\/actu.fr\/tag\/tribunal-de-bobigny\" data-trk=\"{&quot;cta&quot;:{&quot;action&quot;:&quot;Tribunal de Bobigny&quot;,&quot;category&quot;:&quot;tag&quot;,&quot;from&quot;:&quot;article footer&quot;,&quot;name&quot;:&quot;Tribunal de Bobigny&quot;,&quot;type&quot;:&quot;cta&quot;}}\" target=\"_blank\" rel=\"noopener\">#Tribunal de Bobigny<\/a><\/li>\n<\/ul>\n","protected":false},"excerpt":{"rendered":"Par Sarah Coulet Publi\u00e9 le 28 mai 2025 \u00e0 14h31 Que s\u2019est-il pass\u00e9 \u00e0 Bobigny mardi 20\u00a0mai 2025\u2009?&hellip;\n","protected":false},"author":2,"featured_media":134362,"comment_status":"","ping_status":"","sticky":false,"template":"","format":"standard","meta":{"footnotes":""},"categories":[1888],"tags":[1111,1928,11,1927,26029,1777,674,118,1011,27,12,1926,626,1925,25,3158],"class_list":{"0":"post-134361","1":"post","2":"type-post","3":"status-publish","4":"format-standard","5":"has-post-thumbnail","7":"category-paris","8":"tag-actu","9":"tag-actu-paris","10":"tag-actualites","11":"tag-actualites-paris","12":"tag-canal-de-lourcq-saint-denis","13":"tag-eu","14":"tag-europe","15":"tag-faits-divers","16":"tag-fr","17":"tag-france","18":"tag-news","19":"tag-news-paris","20":"tag-paris","21":"tag-paris-news","22":"tag-republique-francaise","23":"tag-tribunal-de-bobigny"},"share_on_mastodon":{"url":"https:\/\/pubeurope.com\/@fr\/114585612186561198","error":""},"_links":{"self":[{"href":"https:\/\/www.europesays.com\/fr\/wp-json\/wp\/v2\/posts\/134361","targetHints":{"allow":["GET"]}}],"collection":[{"href":"https:\/\/www.europesays.com\/fr\/wp-json\/wp\/v2\/posts"}],"about":[{"href":"https:\/\/www.europesays.com\/fr\/wp-json\/wp\/v2\/types\/post"}],"author":[{"embeddable":true,"href":"https:\/\/www.europesays.com\/fr\/wp-json\/wp\/v2\/users\/2"}],"replies":[{"embeddable":true,"href":"https:\/\/www.europesays.com\/fr\/wp-json\/wp\/v2\/comments?post=134361"}],"version-history":[{"count":0,"href":"https:\/\/www.europesays.com\/fr\/wp-json\/wp\/v2\/posts\/134361\/revisions"}],"wp:featuredmedia":[{"embeddable":true,"href":"https:\/\/www.europesays.com\/fr\/wp-json\/wp\/v2\/media\/134362"}],"wp:attachment":[{"href":"https:\/\/www.europesays.com\/fr\/wp-json\/wp\/v2\/media?parent=134361"}],"wp:term":[{"taxonomy":"category","embeddable":true,"href":"https:\/\/www.europesays.com\/fr\/wp-json\/wp\/v2\/categories?post=134361"},{"taxonomy":"post_tag","embeddable":true,"href":"https:\/\/www.europesays.com\/fr\/wp-json\/wp\/v2\/tags?post=134361"}],"curies":[{"name":"wp","href":"https:\/\/api.w.org\/{rel}","templated":true}]}}