{"id":134363,"date":"2025-05-28T13:07:09","date_gmt":"2025-05-28T13:07:09","guid":{"rendered":"https:\/\/www.europesays.com\/fr\/134363\/"},"modified":"2025-05-28T13:07:09","modified_gmt":"2025-05-28T13:07:09","slug":"une-elue-ecologiste-taxee-dantisemitisme-apres-avoir-mal-cite-de-gaulle","status":"publish","type":"post","link":"https:\/\/www.europesays.com\/fr\/134363\/","title":{"rendered":"Une \u00e9lue \u00e9cologiste tax\u00e9e d\u2019antis\u00e9mitisme apr\u00e8s avoir mal cit\u00e9 de Gaulle"},"content":{"rendered":"<p><strong>Oups &#8211; Adjointe \u00e0 la mairie du 20e\u00a0arrondissement de Paris, Lila Djellali, pr\u00e9tendait citer le g\u00e9n\u00e9ral de Gaulle lundi. Mais au lieu de \u00e7a, elle a eu des mots virulents \u00e0 l\u2019encontre des Juifs\u2026<\/strong><\/p>\n<p>Le probl\u00e8me des citations, c\u2019est qu\u2019il vaut mieux parfaitement les ma\u00eetriser quand on les utilise. Une des adjointes au maire du 20e\u00a0arrondissement de <a href=\"https:\/\/www.20minutes.fr\/paris\/?at_medium=RSS%20feed&amp;at_campaign=ynews&amp;utm_source=yahoo&amp;utm_medium=rss&amp;utm_campaign=news_feed&amp;utm_content=in_article_link\" rel=\"nofollow noopener\" target=\"_blank\" data-ylk=\"slk:Paris;elm:context_link;itc:0;sec:content-canvas\" class=\"link \">Paris<\/a> s\u2019en est rendu compte \u00e0 ses d\u00e9pens lundi.<\/p>\n<p>En plein conseil d\u2019arrondissement lundi, Lila Djellali s\u2019est fendue d\u2019une d\u00e9claration qu\u2019elle disait inspir\u00e9e du G\u00e9n\u00e9ral <a href=\"https:\/\/www.20minutes.fr\/dossier\/charles_de_gaulle?at_medium=RSS%20feed&amp;at_campaign=ynews&amp;utm_source=yahoo&amp;utm_medium=rss&amp;utm_campaign=news_feed&amp;utm_content=in_article_link\" rel=\"nofollow noopener\" target=\"_blank\" data-ylk=\"slk:de Gaulle;elm:context_link;itc:0;sec:content-canvas\" class=\"link \">de Gaulle<\/a>. \u00ab\u00a0Le jour o\u00f9 on rassemblera au m\u00eame endroit les Juifs, nous avons peur aujourd\u2019hui qu\u2019ils puissent devenir des dominateurs, qu\u2019ils puissent faire l\u2019impensable\u00a0\u00bb, a ainsi dit l\u2019\u00e9lue <a href=\"https:\/\/www.20minutes.fr\/politique\/eelv\/?at_medium=RSS%20feed&amp;at_campaign=ynews&amp;utm_source=yahoo&amp;utm_medium=rss&amp;utm_campaign=news_feed&amp;utm_content=in_article_link\" rel=\"nofollow noopener\" target=\"_blank\" data-ylk=\"slk:\u00e9cologiste;elm:context_link;itc:0;sec:content-canvas\" class=\"link \">\u00e9cologiste<\/a> Lila Djellali selon <a href=\"https:\/\/actu.fr\/ile-de-france\/paris_75056\/des-propos-inadmissibles-a-paris-une-elue-ecologiste-cite-mal-de-gaulle-et-fait-une-sortie-antisemite_62694999.html?at_medium=RSS%20feed&amp;at_campaign=ynews&amp;utm_source=yahoo&amp;utm_medium=rss&amp;utm_campaign=news_feed&amp;utm_content=in_article_link\" rel=\"nofollow noopener\" target=\"_blank\" data-ylk=\"slk:Actu;elm:context_link;itc:0;sec:content-canvas\" class=\"link \">Actu<\/a>.<\/p>\n<p>Sauf que ces propos sont clairement antis\u00e9mites et qu\u2019ils ne sont pas exacts. En\u00a01967, l\u2019ancien pr\u00e9sident avait bien prononc\u00e9 un discours proche. Mais assez diff\u00e9rent et retrouv\u00e9 par l\u2019INA. \u00ab\u00a0Certains m\u00eame redoutaient que les Juifs, jusqu\u2019alors dispers\u00e9s, mais qui \u00e9taient rest\u00e9s ce qu\u2019ils avaient \u00e9t\u00e9 de tout temps, c\u2019est-\u00e0-dire un peuple d\u2019\u00e9lite, s\u00fbr de lui-m\u00eame et dominateur, n\u2019en viennent, une fois rassembl\u00e9s dans le site de leur ancienne grandeur, \u00e0 changer en ambition ardente et conqu\u00e9rante les souhaits tr\u00e8s \u00e9mouvants qu\u2019ils formaient depuis dix-neuf si\u00e8cles\u00a0: l\u2019an prochain \u00e0 J\u00e9rusalem\u00a0\u00bb, disait-il, alors en pleine guerre des Six-Jours.<\/p>\n<p>Depuis sa bourde, Lila Djellali s\u2019est excus\u00e9e. \u00ab\u00a0Je n\u2019aurais pas d\u00fb reprendre cette citation qui rev\u00eat tous les poncifs de l\u2019antis\u00e9mitisme, essentialisant les Juifs. [\u2026] Je m\u2019engage \u00e0 me former pour ne plus commettre cette erreur.\u00a0\u00bb<\/p>\n<p><a href=\"https:\/\/www.20minutes.fr\/politique\/4155867-20250528-paris-elue-ecologiste-taxee-antisemitisme-apres-avoir-mal-cite-gaulle?at_medium=RSS%20feed&amp;at_campaign=ynews&amp;utm_source=yahoo&amp;utm_medium=rss&amp;utm_campaign=news_feed&amp;utm_content=read_more_link&quot;\" rel=\"nofollow noopener\" target=\"_blank\" data-ylk=\"slk:Lire la suite sur 20minutes;elm:context_link;itc:0;sec:content-canvas\" class=\"link \">Lire la suite sur 20minutes<\/a><\/p>\n<p>\u00c0 lire aussi :<br \/><a href=\"https:\/\/www.20minutes.fr\/societe\/4155621-20250528-guerre-israel-hamas-keffieh-jumelage-camp-refugies-palestinien-strasbourg-prend-parti?at_medium=RSS%20feed&amp;at_campaign=ynews&amp;utm_source=yahoo&amp;utm_medium=rss&amp;utm_campaign=news_feed&amp;utm_content=related_content_link\" rel=\"nofollow noopener\" target=\"_blank\" data-ylk=\"slk:Guerre Isra\u00ebl-Hamas\u00a0: Keffieh, jumelage avec un camp de r\u00e9fugi\u00e9s palestinien\u2026 Strasbourg prend-il parti\u00a0?;elm:context_link;itc:0;sec:content-canvas\" class=\"link \">Guerre Isra\u00ebl-Hamas\u00a0: Keffieh, jumelage avec un camp de r\u00e9fugi\u00e9s palestinien\u2026 Strasbourg prend-il parti\u00a0?<\/a><br \/><a href=\"https:\/\/www.20minutes.fr\/arts-stars\/people\/4155515-20250526-lea-salame-explique-sequence-thierry-ardisson-comparant-gaza-auschwitz-epoque?at_medium=RSS%20feed&amp;at_campaign=ynews&amp;utm_source=yahoo&amp;utm_medium=rss&amp;utm_campaign=news_feed&amp;utm_content=related_content_link\" rel=\"nofollow noopener\" target=\"_blank\" data-ylk=\"slk:L\u00e9a Salam\u00e9 s\u2019explique sur la s\u00e9quence de Thierry Ardisson comparant Gaza \u00e0 Auschwitz dans \u00ab\u00a0Quelle \u00e9poque\u00a0!\u00a0\u00bb;elm:context_link;itc:0;sec:content-canvas\" class=\"link \">L\u00e9a Salam\u00e9 s\u2019explique sur la s\u00e9quence de Thierry Ardisson comparant Gaza \u00e0 Auschwitz dans \u00ab\u00a0Quelle \u00e9poque\u00a0!\u00a0\u00bb<\/a><\/p>\n","protected":false},"excerpt":{"rendered":"Oups &#8211; Adjointe \u00e0 la mairie du 20e\u00a0arrondissement de Paris, Lila Djellali, pr\u00e9tendait citer le g\u00e9n\u00e9ral de Gaulle&hellip;\n","protected":false},"author":2,"featured_media":134364,"comment_status":"","ping_status":"","sticky":false,"template":"","format":"standard","meta":{"footnotes":""},"categories":[1888],"tags":[1111,1928,11,1927,1777,674,1011,27,16305,17198,26030,26031,12,1926,626,1925,25],"class_list":{"0":"post-134363","1":"post","2":"type-post","3":"status-publish","4":"format-standard","5":"has-post-thumbnail","7":"category-paris","8":"tag-actu","9":"tag-actu-paris","10":"tag-actualites","11":"tag-actualites-paris","12":"tag-eu","13":"tag-europe","14":"tag-fr","15":"tag-france","16":"tag-general-de-gaulle","17":"tag-juifs","18":"tag-lila-djellali","19":"tag-mairie-du-20e-arrondissement-de-paris","20":"tag-news","21":"tag-news-paris","22":"tag-paris","23":"tag-paris-news","24":"tag-republique-francaise"},"share_on_mastodon":{"url":"https:\/\/pubeurope.com\/@fr\/114585616079607561","error":""},"_links":{"self":[{"href":"https:\/\/www.europesays.com\/fr\/wp-json\/wp\/v2\/posts\/134363","targetHints":{"allow":["GET"]}}],"collection":[{"href":"https:\/\/www.europesays.com\/fr\/wp-json\/wp\/v2\/posts"}],"about":[{"href":"https:\/\/www.europesays.com\/fr\/wp-json\/wp\/v2\/types\/post"}],"author":[{"embeddable":true,"href":"https:\/\/www.europesays.com\/fr\/wp-json\/wp\/v2\/users\/2"}],"replies":[{"embeddable":true,"href":"https:\/\/www.europesays.com\/fr\/wp-json\/wp\/v2\/comments?post=134363"}],"version-history":[{"count":0,"href":"https:\/\/www.europesays.com\/fr\/wp-json\/wp\/v2\/posts\/134363\/revisions"}],"wp:featuredmedia":[{"embeddable":true,"href":"https:\/\/www.europesays.com\/fr\/wp-json\/wp\/v2\/media\/134364"}],"wp:attachment":[{"href":"https:\/\/www.europesays.com\/fr\/wp-json\/wp\/v2\/media?parent=134363"}],"wp:term":[{"taxonomy":"category","embeddable":true,"href":"https:\/\/www.europesays.com\/fr\/wp-json\/wp\/v2\/categories?post=134363"},{"taxonomy":"post_tag","embeddable":true,"href":"https:\/\/www.europesays.com\/fr\/wp-json\/wp\/v2\/tags?post=134363"}],"curies":[{"name":"wp","href":"https:\/\/api.w.org\/{rel}","templated":true}]}}