{"id":134384,"date":"2025-05-28T13:18:10","date_gmt":"2025-05-28T13:18:10","guid":{"rendered":"https:\/\/www.europesays.com\/fr\/134384\/"},"modified":"2025-05-28T13:18:10","modified_gmt":"2025-05-28T13:18:10","slug":"girondins-je-prefere-avoir-une-saison-instable-avec-oliver-kahn-plutot-quavec-gerard-lopez","status":"publish","type":"post","link":"https:\/\/www.europesays.com\/fr\/134384\/","title":{"rendered":"Girondins : \u201cJe pr\u00e9f\u00e8re avoir une saison instable avec Oliver Kahn plut\u00f4t qu&rsquo;avec G\u00e9rard Lopez\u201d"},"content":{"rendered":"<p><img decoding=\"async\" src=\"https:\/\/www.europesays.com\/fr\/wp-content\/uploads\/2025\/04\/671_fcbd9d8654b42d2119274240e8b44bd6.jpg\" alt=\"Girondins : \u201cJe pr\u00e9f\u00e8re avoir une saison instable avec Oliver Kahn plut\u00f4t qu'avec G\u00e9rard Lopez\u201d\" class=\"img-responsive mt-3\"\/><\/p>\n<p class=\"text-center mb-3\" style=\"font-size: 14px\">\u00a9 Iconsport<\/p>\n<p style=\"text-align: justify;\">\u00c9coutez ses propos ou lisez-les :<\/p>\n<p>\u00a0<\/p>\n<p style=\"text-align: justify;\">Ce lundi 26 mai, Oliver Kahn et ses associ\u00e9s ont propos\u00e9 un plan de cession au tribunal de commerce de Bordeaux dans le but de devancer G\u00e9rard Lopez et de reprendre la direction des Girondins de Bordeaux. Le <a href=\"https:\/\/www.webgirondins.com\/actualite-girondins-girondins-le-dossier-d-oliver-kahn-retenu-par-le-tribunal-de-commerce-de-bordeaux-129234\" target=\"_blank\" rel=\"noopener\">dossier de l&rsquo;allemand a \u00e9t\u00e9 retenu pour examen<\/a>.<\/p>\n<p><strong>\u201cQue ce soit avec Lopez ou Kahn, Bordeaux risque d&rsquo;avoir un effectif plut\u00f4t int\u00e9ressant pour une \u00e9quipe de N2\u201d<\/strong><\/p>\n<p style=\"text-align: justify;\">Samuel Vaslin dans le <a href=\"https:\/\/www.youtube.com\/watch?v=fGmkXYlZ62E&amp;t=6263s\" target=\"_blank\" rel=\"noopener\">Talk sur WebGirondins<\/a> : \u201cSi tu projettes de reprendre un club dans ce contexte-l\u00e0, tu connais aussi le calendrier et les probl\u00e9matiques. Que ce soit avec Lopez ou Kahn, Bordeaux risque d&rsquo;avoir un effectif plut\u00f4t int\u00e9ressant pour une \u00e9quipe de N2, \u00e0 l&rsquo;image de cette saison, du moins en termes de joueurs. Apr\u00e8s, tout d\u00e9pend de l&rsquo;utilisation et ce que tu en fais. Mais je pense qu&rsquo;ils sont capables de composer. En plus, ce sont des contrats f\u00e9d\u00e9raux o\u00f9 tu t&rsquo;engages au maximum sur deux ans. Globalement, c&rsquo;est quand m\u00eame jouable de pouvoir faire une transition avec d\u00e9j\u00e0 quelques joueurs qui seront s\u00fbrement arriv\u00e9s sous la direction pr\u00e9c\u00e9dente et d\u2019autres qui compl\u00e9teront jusqu&rsquo;en d\u00e9cembre. Puisqu&rsquo;on l&rsquo;a vu cette ann\u00e9e, le club peut recruter m\u00eame jusqu&rsquo;\u00e0 la fin janvier.<\/p>\n<p style=\"text-align: justify;\">Je pense que c&rsquo;est plus facile \u00e0 g\u00e9rer dans une division comme la N2. Cela impactera peut-\u00eatre la stabilit\u00e9 du sportif, mais \u00e0 un moment donn\u00e9, on ne peut pas tout avoir. Si tu as une transition comme \u00e7a pour te d\u00e9barrasser de <a href=\"https:\/\/www.webgirondins.com\/actualite-girondins-girondins-gerard-lopez-sort-en-catimini-du-tribunal-de-commerce-de-bordeaux-et-fuit-les-supporters-129235\" target=\"_blank\" rel=\"noopener\">G\u00e9rard Lopez<\/a> et que le prix \u00e0 payer, c&rsquo;est d&rsquo;avoir une saison instable&#8230; de toute fa\u00e7on, on aurait eu cette instabilit\u00e9 avec G\u00e9rard Lopez. Je pr\u00e9f\u00e8re avoir une saison instable avec <a href=\"https:\/\/www.webgirondins.com\/actualite-girondins-girondins-les-6-clauses-suspensives-de-l-offre-d-oliver-kahn-pour-bordeaux-129236\" target=\"_blank\" rel=\"noopener\">Oliver Kahn<\/a> qu&rsquo;avec G\u00e9rard Lopez.\u201d<\/p>\n<p>&gt;&gt;\u00a0<strong><a href=\"https:\/\/www.webgirondins.com\/actualite-girondins-girondins-gerard-lopez-arrive-par-la-porte-de-derriere-au-tribunal-de-commerce-de-bordeaux-129233\" target=\"_blank\" rel=\"noopener\">G\u00e9rard Lopez arrive par la porte de derri\u00e8re au tribunal de commerce de Bordeaux<\/a><\/strong><\/p>\n<p>\u00a0<\/p>\n","protected":false},"excerpt":{"rendered":"\u00a9 Iconsport \u00c9coutez ses propos ou lisez-les : \u00a0 Ce lundi 26 mai, Oliver Kahn et ses associ\u00e9s&hellip;\n","protected":false},"author":2,"featured_media":22867,"comment_status":"","ping_status":"","sticky":false,"template":"","format":"standard","meta":{"footnotes":""},"categories":[2],"tags":[11,3396,6661,1997,3721,5244,1446,1011,27,8294,1987,26035,26036,2957,4654,8295,12,4653,18301,26034,26037,22568,25,3242,9863,5234,17643,9864,5238],"class_list":{"0":"post-134384","1":"post","2":"type-post","3":"status-publish","4":"format-standard","5":"has-post-thumbnail","7":"category-actualites","8":"tag-actualites","9":"tag-avec","10":"tag-avoir","11":"tag-bordeaux","12":"tag-chroniqueur","13":"tag-club","14":"tag-dans","15":"tag-fr","16":"tag-france","17":"tag-gerard","18":"tag-girondins","19":"tag-instable","20":"tag-intersaison","21":"tag-journaliste","22":"tag-kahn","23":"tag-lopez","24":"tag-news","25":"tag-oliver","26":"tag-plutot","27":"tag-prefere","28":"tag-prendrait","29":"tag-projette","30":"tag-republique-francaise","31":"tag-saison","32":"tag-samuel","33":"tag-talk","34":"tag-tete","35":"tag-vaslin","36":"tag-webgirondins"},"share_on_mastodon":{"url":"https:\/\/pubeurope.com\/@fr\/114585659287772270","error":""},"_links":{"self":[{"href":"https:\/\/www.europesays.com\/fr\/wp-json\/wp\/v2\/posts\/134384","targetHints":{"allow":["GET"]}}],"collection":[{"href":"https:\/\/www.europesays.com\/fr\/wp-json\/wp\/v2\/posts"}],"about":[{"href":"https:\/\/www.europesays.com\/fr\/wp-json\/wp\/v2\/types\/post"}],"author":[{"embeddable":true,"href":"https:\/\/www.europesays.com\/fr\/wp-json\/wp\/v2\/users\/2"}],"replies":[{"embeddable":true,"href":"https:\/\/www.europesays.com\/fr\/wp-json\/wp\/v2\/comments?post=134384"}],"version-history":[{"count":0,"href":"https:\/\/www.europesays.com\/fr\/wp-json\/wp\/v2\/posts\/134384\/revisions"}],"wp:featuredmedia":[{"embeddable":true,"href":"https:\/\/www.europesays.com\/fr\/wp-json\/wp\/v2\/media\/22867"}],"wp:attachment":[{"href":"https:\/\/www.europesays.com\/fr\/wp-json\/wp\/v2\/media?parent=134384"}],"wp:term":[{"taxonomy":"category","embeddable":true,"href":"https:\/\/www.europesays.com\/fr\/wp-json\/wp\/v2\/categories?post=134384"},{"taxonomy":"post_tag","embeddable":true,"href":"https:\/\/www.europesays.com\/fr\/wp-json\/wp\/v2\/tags?post=134384"}],"curies":[{"name":"wp","href":"https:\/\/api.w.org\/{rel}","templated":true}]}}