{"id":134390,"date":"2025-05-28T13:24:10","date_gmt":"2025-05-28T13:24:10","guid":{"rendered":"https:\/\/www.europesays.com\/fr\/134390\/"},"modified":"2025-05-28T13:24:10","modified_gmt":"2025-05-28T13:24:10","slug":"la-boulangere-wonderligue-poursuit-son-partenariat-avec-sport-en-france","status":"publish","type":"post","link":"https:\/\/www.europesays.com\/fr\/134390\/","title":{"rendered":"La Boulang\u00e8re Wonderligue poursuit son partenariat avec Sport en France"},"content":{"rendered":"<p>La F\u00e9d\u00e9ration Fran\u00e7aise de Basket-Ball (FFBB) et <a target=\"_blank\" rel=\"noopener\" href=\"https:\/\/www.bebasket.fr\/ligue\/lfb\">La Boulang\u00e8re Wonderligue<\/a> (LBWL) ont annonc\u00e9 continuer la collaboration avec la cha\u00eene t\u00e9l\u00e9 Sport en France pour l\u2019exercice 2025-2026. Diffuseur officiel du championnat, la cha\u00eene diffusait d\u00e9j\u00e0 les rencontres de LBWL depuis quatre ans.<\/p>\n<p>LIRE AUSSI<\/p>\n<p><a href=\"https:\/\/www.bebasket.fr\/playoffs-la-boulangere-wonderligue-tv\" target=\"_blank\" rel=\"noopener\"> <img decoding=\"async\" src=\"https:\/\/www.europesays.com\/fr\/wp-content\/uploads\/2025\/05\/52921882030-fc1577d7fa-k-1f01b807-a46c-6c62-bf80-49097206b3cc.jpg\" alt=\"\"\/> <\/a><\/p>\n<p><strong>\u00ab\u00a0Contribuer \u00e0 la valorisation du basket f\u00e9minin\u00a0\u00bb pour une saison de plus<\/strong><\/p>\n<p>Le basket f\u00e9minin fran\u00e7ais, qui veut continuer \u00e0 se d\u00e9velopper, pourra donc de nouveau compter sur Sport en France. D\u2019apr\u00e8s le communiqu\u00e9 de la LFB, \u00ab\u00a0les audiences, en constante progression, ont encore une fois atteint des niveaux historiques\u00a0\u00bb. La saison prochaine, Sport en France continuera de diffuser une rencontre de chaque journ\u00e9e de championnat en clair le dimanche apr\u00e8s-midi, en plus de l\u2019int\u00e9gralit\u00e9 des playoffs. La collaboration entre La Boulang\u00e8re Wonderligue et Sport en France reprendra la saison prochain pour le Match des Champions (27 septembre, opposant le vainqueur de LBWL, Basket Landes, et de la Coupe de France, les Flammes Carolo) jusqu\u2019aux finales 2026.<\/p>\n<blockquote class=\"normal\"><p>\n<strong>Carole France, pr\u00e9sidente de La Boulang\u00e8re Wonderligue : <\/strong><\/p>\n<p style=\"text-align:center\">\u00ab\u00a0Ravie de renouveler pour une cinqui\u00e8me ann\u00e9e l\u2019accord de partenariat avec Sport en France, diffuseur officiel du championnat. Cette saison, la cha\u00eene a fait vivre gratuitement et au plus grand nombre une rencontre par journ\u00e9e ainsi que la totalit\u00e9 des playoffs qui viennent de se terminer en beaut\u00e9 avec le sacre de Basket Landes. Je tiens \u00e0 remercier les 12 clubs de l\u2019\u00e9lite et l\u2019Agence Nationale du Sport sans qui la mise en \u0153uvre de ce dispositif de diffusion, soutenu par la F\u00e9d\u00e9ration Fran\u00e7aise de BasketBall, ne pourrait pas exister.\u00a0\u00bb<\/p>\n<\/blockquote>\n<blockquote class=\"normal\"><p>\n<strong>Romain Schindler, directeur de Sport en France <\/strong>:<\/p>\n<p style=\"text-align:center\">\u00ab\u00a0Nous sommes tr\u00e8s fiers de poursuivre l\u2019aventure aux c\u00f4t\u00e9s de la Ligue F\u00e9minine de Basketball et de contribuer \u00e0 la valorisation du basket f\u00e9minin. Le succ\u00e8s d\u2019audience rencontr\u00e9 cette saison d\u00e9montre l\u2019int\u00e9r\u00eat grandissant du public pour La Boulang\u00e8re Wonderligue. Nous avons h\u00e2te de retrouver les fans chaque dimanche apr\u00e8s-midi pour une nouvelle saison pleine de passion et de spectacle.\u00a0\u00bb<\/p>\n<\/blockquote>\n","protected":false},"excerpt":{"rendered":"La F\u00e9d\u00e9ration Fran\u00e7aise de Basket-Ball (FFBB) et La Boulang\u00e8re Wonderligue (LBWL) ont annonc\u00e9 continuer la collaboration avec la&hellip;\n","protected":false},"author":2,"featured_media":134391,"comment_status":"","ping_status":"","sticky":false,"template":"","format":"standard","meta":{"footnotes":""},"categories":[1414],"tags":[1465,1464,1011,27,60],"class_list":{"0":"post-134390","1":"post","2":"type-post","3":"status-publish","4":"format-standard","5":"has-post-thumbnail","7":"category-basket","8":"tag-basket","9":"tag-basketball","10":"tag-fr","11":"tag-france","12":"tag-sports"},"share_on_mastodon":{"url":"https:\/\/pubeurope.com\/@fr\/114585682756964172","error":""},"_links":{"self":[{"href":"https:\/\/www.europesays.com\/fr\/wp-json\/wp\/v2\/posts\/134390","targetHints":{"allow":["GET"]}}],"collection":[{"href":"https:\/\/www.europesays.com\/fr\/wp-json\/wp\/v2\/posts"}],"about":[{"href":"https:\/\/www.europesays.com\/fr\/wp-json\/wp\/v2\/types\/post"}],"author":[{"embeddable":true,"href":"https:\/\/www.europesays.com\/fr\/wp-json\/wp\/v2\/users\/2"}],"replies":[{"embeddable":true,"href":"https:\/\/www.europesays.com\/fr\/wp-json\/wp\/v2\/comments?post=134390"}],"version-history":[{"count":0,"href":"https:\/\/www.europesays.com\/fr\/wp-json\/wp\/v2\/posts\/134390\/revisions"}],"wp:featuredmedia":[{"embeddable":true,"href":"https:\/\/www.europesays.com\/fr\/wp-json\/wp\/v2\/media\/134391"}],"wp:attachment":[{"href":"https:\/\/www.europesays.com\/fr\/wp-json\/wp\/v2\/media?parent=134390"}],"wp:term":[{"taxonomy":"category","embeddable":true,"href":"https:\/\/www.europesays.com\/fr\/wp-json\/wp\/v2\/categories?post=134390"},{"taxonomy":"post_tag","embeddable":true,"href":"https:\/\/www.europesays.com\/fr\/wp-json\/wp\/v2\/tags?post=134390"}],"curies":[{"name":"wp","href":"https:\/\/api.w.org\/{rel}","templated":true}]}}