{"id":134403,"date":"2025-05-28T13:30:14","date_gmt":"2025-05-28T13:30:14","guid":{"rendered":"https:\/\/www.europesays.com\/fr\/134403\/"},"modified":"2025-05-28T13:30:14","modified_gmt":"2025-05-28T13:30:14","slug":"un-triplex-de-300-m2-dans-le-viie-arrondissement-pres-du-champ-de-mars","status":"publish","type":"post","link":"https:\/\/www.europesays.com\/fr\/134403\/","title":{"rendered":"Un triplex de 300 m2 dans le VIIe arrondissement, pr\u00e8s du Champ-de-Mars"},"content":{"rendered":"<p>Con\u00e7u comme une suite fluide, le nouveau triplex m\u00e9lange les styles. \u00ab\u00a0Le plus grand d\u00e9fi \u00e9tait certainement de relier les deux appartements d\u2019origine\u00a0\u00bb : c&rsquo;est \u00e0 dire, r\u00e9organiser des espaces morcel\u00e9s, sur trois niveaux aux volumes h\u00e9t\u00e9rog\u00e8nes, pour en faire une r\u00e9sidence unifi\u00e9e, fonctionnelle, et profond\u00e9ment raffin\u00e9e. Au c\u0153ur du projet, un escalier monumental \u00ab\u00a0trait\u00e9 avec un plafond vo\u00fbt\u00e9 Sarracine en pl\u00e2tre\u00a0\u00bb s\u2019impose comme une \u0153uvre sculpturale \u00e0 part enti\u00e8re. \u00c9rig\u00e9 dans la galerie d\u2019<a href=\"https:\/\/www.admagazine.fr\/article\/idees-decoration-entree\" target=\"_blank\" rel=\"noopener\">entr\u00e9e<\/a> centrale, il devient la colonne vert\u00e9brale du lieu, \u00e0 la fois trait d\u2019union architectural et signature esth\u00e9tique. La prouesse technique est d\u2019autant plus saisissante qu\u2019elle a n\u00e9cessit\u00e9 de repenser les structures porteuses et de composer avec une diff\u00e9rence de niveau de pr\u00e8s de quatre m\u00e8tres entre les deux anciens appartements. \u00ab\u00a0Cela n\u00e9cessitait une r\u00e9flexion approfondie sur la mani\u00e8re de respecter la structure traditionnelle du b\u00e2timent haussmannien tout en le modernisant et en ajoutant de l&rsquo;espace fonctionnel\u00a0\u00bb rappelle le duo d&rsquo;architectes. Une m\u00e9tamorphose orchestr\u00e9e avec justesse.<\/p>\n<p><strong>Entre esprit des ann\u00e9es 1940 et sensibilit\u00e9 contemporaine<\/strong><\/p>\n<p><strong>Dans la salle de bain<\/strong>, une coupe de Jean Despre\u0301s (Maison Rapin).<\/p>\n<p>\u00a9 Ambroise Tezenas<\/p>\n<p><strong>Dans la salle de bain<\/strong>, une coupe de Jean Despre\u0301s (Maison Rapin).<\/p>\n<p>\u00a9 Ambroise Tezenas<\/p>\n<p>\u00ab\u00a0Notre inspiration est venue d\u2019une fusion du style des ann\u00e9es 40, tout en veillant \u00e0 conserver notre propre \u00e9criture architecturale. Nous voulions rendre hommage \u00e0 cette \u00e9poque, mais avec une touche contemporaine\u00a0\u00bb, confient les architectes d\u2019int\u00e9rieur Rapha\u00ebl Le Berre et Thomas Vevaud. Le style n\u00e9oclassique y est aussi revisit\u00e9 avec audace : corniches sculpturales, mat\u00e9riaux nobles (marbre de Carrare, <a href=\"https:\/\/www.admagazine.fr\/article\/idees-associer-bois-blanc-cuisine\" target=\"_blank\" rel=\"noopener\">bois<\/a> pr\u00e9cieux, laiton bross\u00e9) et lignes modernistes se c\u00f4toient dans une chor\u00e9graphie savamment orchestr\u00e9e. On retrouve dans chaque d\u00e9tail le go\u00fbt du sur-mesure et la volont\u00e9 de dialoguer avec l\u2019histoire sans jamais l\u2019imiter. La palette, domin\u00e9e par des tons chauds, des textures riches et des finitions mates, conf\u00e8re une ambiance chaleureuse et sophistiqu\u00e9e. En grande partie dessin\u00e9 par l\u2019agence elle-m\u00eame, le mobilier renforce cette coh\u00e9rence stylistique tout en incarnant le savoir-faire artisanal fran\u00e7ais \u2013 certains \u00e9l\u00e9ments ayant \u00e9t\u00e9 r\u00e9alis\u00e9s en \u00e9troite collaboration avec des artisans du label Entreprises du Patrimoine Vivant.<\/p>\n<p><strong>Une d\u00e9ambulation fluide dans les espaces<\/strong><\/p>\n<p><strong>Dans le couloir<\/strong>, les ste\u0300les Gustavia de Le Berre Vevaud, et les coupes vintage en bronze Vissot. Au mur, les appliques cylindrique en laiton naturel contemporaine et moderne fabrique\u0301e a\u0300 la main en Italie.<\/p>\n<p>\u00a9 Ambroise Tezenas<\/p>\n","protected":false},"excerpt":{"rendered":"Con\u00e7u comme une suite fluide, le nouveau triplex m\u00e9lange les styles. \u00ab\u00a0Le plus grand d\u00e9fi \u00e9tait certainement de&hellip;\n","protected":false},"author":2,"featured_media":134404,"comment_status":"","ping_status":"","sticky":false,"template":"","format":"standard","meta":{"footnotes":""},"categories":[1358],"tags":[10099,1348,1384,1385,1386,58,59,1011,27],"class_list":{"0":"post-134403","1":"post","2":"type-post","3":"status-publish","4":"format-standard","5":"has-post-thumbnail","7":"category-arts-et-design","8":"tag-appartement-parisien","9":"tag-arts","10":"tag-arts-and-design","11":"tag-arts-et-design","12":"tag-design","13":"tag-divertissement","14":"tag-entertainment","15":"tag-fr","16":"tag-france"},"share_on_mastodon":{"url":"https:\/\/pubeurope.com\/@fr\/114585706452998264","error":""},"_links":{"self":[{"href":"https:\/\/www.europesays.com\/fr\/wp-json\/wp\/v2\/posts\/134403","targetHints":{"allow":["GET"]}}],"collection":[{"href":"https:\/\/www.europesays.com\/fr\/wp-json\/wp\/v2\/posts"}],"about":[{"href":"https:\/\/www.europesays.com\/fr\/wp-json\/wp\/v2\/types\/post"}],"author":[{"embeddable":true,"href":"https:\/\/www.europesays.com\/fr\/wp-json\/wp\/v2\/users\/2"}],"replies":[{"embeddable":true,"href":"https:\/\/www.europesays.com\/fr\/wp-json\/wp\/v2\/comments?post=134403"}],"version-history":[{"count":0,"href":"https:\/\/www.europesays.com\/fr\/wp-json\/wp\/v2\/posts\/134403\/revisions"}],"wp:featuredmedia":[{"embeddable":true,"href":"https:\/\/www.europesays.com\/fr\/wp-json\/wp\/v2\/media\/134404"}],"wp:attachment":[{"href":"https:\/\/www.europesays.com\/fr\/wp-json\/wp\/v2\/media?parent=134403"}],"wp:term":[{"taxonomy":"category","embeddable":true,"href":"https:\/\/www.europesays.com\/fr\/wp-json\/wp\/v2\/categories?post=134403"},{"taxonomy":"post_tag","embeddable":true,"href":"https:\/\/www.europesays.com\/fr\/wp-json\/wp\/v2\/tags?post=134403"}],"curies":[{"name":"wp","href":"https:\/\/api.w.org\/{rel}","templated":true}]}}