{"id":134407,"date":"2025-05-28T13:32:15","date_gmt":"2025-05-28T13:32:15","guid":{"rendered":"https:\/\/www.europesays.com\/fr\/134407\/"},"modified":"2025-05-28T13:32:15","modified_gmt":"2025-05-28T13:32:15","slug":"plus-belle-la-vie-encore-plus-belle-du-mercredi-28-mai-2025-episode-342","status":"publish","type":"post","link":"https:\/\/www.europesays.com\/fr\/134407\/","title":{"rendered":"Plus belle la vie, encore plus belle du mercredi 28 mai 2025 &#8211; Episode 342"},"content":{"rendered":"<p id=\"descriptionPanel\" aria-labelledby=\"descriptionArrow\" aria-expanded=\"false\" class=\"mr-2 line-clamp-2 pr-2.5 text-secondary overflow-visible\">Alors qu&rsquo;un \u00e9l\u00e9ment compromettant peut faire basculer l&rsquo;enqu\u00eate en cours, Patrick d\u00e9couvre la pr\u00e9sence d&rsquo;un ancien coll\u00e8gue de Babeth au Mistral. En plein questionnement, Nisma part \u00e0 la recherche d&rsquo;un job \u00e9tudiant.. Retrouvez \u00ab\u00a0Plus belle la vie, encore plus belle\u00a0\u00bb, du lundi au vendredi sur TF1. Retrouvez tous les \u00e9pisodes, extraits et bonus tous les jours sur TF1+.<\/p>\n<p><a class=\"shrink-0\" href=\"https:\/\/www.tf1.fr\/tf1\/plus-belle-la-vie\" target=\"_blank\" rel=\"noopener\"><img decoding=\"async\" src=\"https:\/\/www.europesays.com\/fr\/wp-content\/uploads\/2025\/04\/program-card-portrait-2-8555fd-e96a65-0@1x.jpg\" width=\"138\" height=\"184\" alt=\"\" loading=\"eager\" fetchpriority=\"auto\" class=\"aspect-[3\/4] h-24 w-auto rounded-3px\" aria-hidden=\"true\"\/><\/a><\/p>\n","protected":false},"excerpt":{"rendered":"Alors qu&rsquo;un \u00e9l\u00e9ment compromettant peut faire basculer l&rsquo;enqu\u00eate en cours, Patrick d\u00e9couvre la pr\u00e9sence d&rsquo;un ancien coll\u00e8gue de&hellip;\n","protected":false},"author":2,"featured_media":134408,"comment_status":"","ping_status":"","sticky":false,"template":"","format":"standard","meta":{"footnotes":""},"categories":[1356],"tags":[58,1367,1369,59,1365,1366,1011,27,1368,1371,252,1364,1372,1370],"class_list":{"0":"post-134407","1":"post","2":"type-post","3":"status-publish","4":"format-standard","5":"has-post-thumbnail","7":"category-television","8":"tag-divertissement","9":"tag-encore-plus-belle","10":"tag-encore-plus-belle-episode","11":"tag-entertainment","12":"tag-episode","13":"tag-episode-plus-belle-la-vie","14":"tag-fr","15":"tag-france","16":"tag-plus-belle-la-vie","17":"tag-streaming-plus-belle-la-vie","18":"tag-television","19":"tag-tv","20":"tag-video-en-streaming-plus-belle-la-vie","21":"tag-video-plus-belle-la-vie"},"share_on_mastodon":{"url":"https:\/\/pubeurope.com\/@fr\/114585714353484248","error":""},"_links":{"self":[{"href":"https:\/\/www.europesays.com\/fr\/wp-json\/wp\/v2\/posts\/134407","targetHints":{"allow":["GET"]}}],"collection":[{"href":"https:\/\/www.europesays.com\/fr\/wp-json\/wp\/v2\/posts"}],"about":[{"href":"https:\/\/www.europesays.com\/fr\/wp-json\/wp\/v2\/types\/post"}],"author":[{"embeddable":true,"href":"https:\/\/www.europesays.com\/fr\/wp-json\/wp\/v2\/users\/2"}],"replies":[{"embeddable":true,"href":"https:\/\/www.europesays.com\/fr\/wp-json\/wp\/v2\/comments?post=134407"}],"version-history":[{"count":0,"href":"https:\/\/www.europesays.com\/fr\/wp-json\/wp\/v2\/posts\/134407\/revisions"}],"wp:featuredmedia":[{"embeddable":true,"href":"https:\/\/www.europesays.com\/fr\/wp-json\/wp\/v2\/media\/134408"}],"wp:attachment":[{"href":"https:\/\/www.europesays.com\/fr\/wp-json\/wp\/v2\/media?parent=134407"}],"wp:term":[{"taxonomy":"category","embeddable":true,"href":"https:\/\/www.europesays.com\/fr\/wp-json\/wp\/v2\/categories?post=134407"},{"taxonomy":"post_tag","embeddable":true,"href":"https:\/\/www.europesays.com\/fr\/wp-json\/wp\/v2\/tags?post=134407"}],"curies":[{"name":"wp","href":"https:\/\/api.w.org\/{rel}","templated":true}]}}