{"id":134411,"date":"2025-05-28T13:34:14","date_gmt":"2025-05-28T13:34:14","guid":{"rendered":"https:\/\/www.europesays.com\/fr\/134411\/"},"modified":"2025-05-28T13:34:14","modified_gmt":"2025-05-28T13:34:14","slug":"les-freres-dardenne-signent-un-film-choral-sensible-sur-de-jeunes-meres-en-difficulte-rts-ch","status":"publish","type":"post","link":"https:\/\/www.europesays.com\/fr\/134411\/","title":{"rendered":"Les fr\u00e8res Dardenne signent un film choral sensible sur de jeunes m\u00e8res en difficult\u00e9 &#8211; rts.ch"},"content":{"rendered":"<p>Dans \u00ab\u00a0Jeunes m\u00e8res\u00a0\u00bb, Palme du meilleur sc\u00e9nario au r\u00e9cent Festival de Cannes et sorti le 23 mai en salles, Jean-Pierre et Luc Dardenne (\u00ab\u00a0Rosetta\u00a0\u00bb, \u00ab\u00a0L&rsquo;enfant\u00a0\u00bb) suivent cinq adolescentes caboss\u00e9es par la vie qui font leurs premiers pas dans la maternit\u00e9. Un beau film choral au r\u00e9alisme tr\u00e8s brut.<\/p>\n<p>H\u00e9berg\u00e9es dans une maison maternelle proche de Li\u00e8ge, plusieurs adolescentes enceintes, ou d\u00e9j\u00e0 mamans, doivent faire la paix avec leur pass\u00e9, leur situation sociale et familiale, leur addiction, pour accepter la responsabilit\u00e9 de leurs b\u00e9b\u00e9s.<\/p>\n<p>Mais Jessica, Perla, Julie, Ariane et Na\u00efma ont chacune un combat solitaire \u00e0 mener pour, peut-\u00eatre, parvenir \u00e0 offrir \u00e0 leur enfant et \u00e0 elle-m\u00eame une vie meilleure.<\/p>\n<p>\u00ab\u00a0Une force de la vie tr\u00e8s forte\u00a0\u00bb<\/p>\n<p>\u00ab\u00a0On a voulu qu&rsquo;elles aient toutes un parcours individuel, qu&rsquo;elles soient cinq fois unique et qu&rsquo;au bout de leur parcours, alors que ce n&rsquo;est pas \u00e9vident, il y ait quand m\u00eame une lumi\u00e8re, qu&rsquo;elles arrivent \u00e0 traverser le tunnel\u00a0\u00bb, explique Luc Dardenne dans l&rsquo;\u00e9mission Vertigo du 23 mai.<\/p>\n<p>Trait d&rsquo;union entre ces cinq jeunes m\u00e8res, la maison maternelle, qui accueille des femmes enceintes sans ressources, avait \u00e9t\u00e9 visit\u00e9e par le duo belge dans le cadre d&rsquo;un autre projet de sc\u00e9nario. \u00ab\u00a0On a \u00e9t\u00e9 pris par ce lieu, par ce groupe de jeunes m\u00e8res, par les b\u00e9b\u00e9s qui \u00e9taient l\u00e0, qui bougeaient, qui criaient et qui riaient aussi.\u00a0Ce monde, je ne dis pas que c&rsquo;\u00e9tait le paradis sur terre, mais on a ressenti une force de la vie tr\u00e8s forte\u00a0\u00bb, explique encore le r\u00e9alisateur Jean-Pierre Dardenne<\/p>\n<p>Contenu externe<\/p>\n<p> Ce contenu externe ne peut pas \u00eatre affich\u00e9 car il est susceptible de collecter des donn\u00e9es personnelles. Pour voir ce contenu vous devez autoriser la cat\u00e9gorie <strong>R\u00e9seaux sociaux<\/strong>. <\/p>\n<p> Accepter Plus d&rsquo;info <\/p>\n<p>    Un film aux multiples points de vue<\/p>\n<p>Apr\u00e8s plusieurs films qui commen\u00e7aient s\u00e9rieusement \u00e0 tourner en rond (\u00ab\u00a0Le jeune Ahmed\u00a0\u00bb, \u00ab\u00a0Tori et Lokita\u00a0\u00bb), les fr\u00e8res Dardenne \u00e9tonnent d&#8217;embl\u00e9e en changeant ici leurs habitudes. Pour la premi\u00e8re fois de leur carri\u00e8re, les cin\u00e9astes s&rsquo;\u00e9cartent d&rsquo;une cam\u00e9ra clou\u00e9e \u00e0 un seul personnage, ouvrent le champ \u00e0 une multiplicit\u00e9 de points de vue et d&rsquo;histoires singuli\u00e8res, orchestrent un r\u00e9cit choral \u00e0 cinq voix et laissent entrer un peu de souffle et de respiration dans leur film.<\/p>\n<p>Si certaines intrigues sembleront plus ou moins int\u00e9ressantes par rapport aux autres, on per\u00e7oit une lumi\u00e8re nouvelle affleurer dans ce film toujours port\u00e9 par un r\u00e9alisme tr\u00e8s brut, mais magnifi\u00e9 par un d\u00e9sir de fiction, une envie de quitter le pur d\u00e9terminisme social pour laisser un espoir \u00e0 ce groupe de jeunes femmes et leurs enfants, incarnant l&rsquo;id\u00e9e m\u00eame de l&rsquo;avenir. On n&rsquo;avait plus ressenti une \u00e9motion aussi sensible dans un film des fr\u00e8res Dardenne depuis longtemps.<\/p>\n<p class=\"sources\">Critique: Rafael Wolf<\/p>\n<p class=\"credit\">Adaptation web: ld<\/p>\n<p class=\"article-footnote\"><b>\u00ab\u00a0Jeunes m\u00e8res\u00a0\u00bb de Jean-Pierre et Luc Dardenne, avec India Hair, Christelle Cornil, Babette Verbeek.\u00a0A voir dans les salles romandes depuis le 23 mai 2025.<\/b><\/p>\n","protected":false},"excerpt":{"rendered":"Dans \u00ab\u00a0Jeunes m\u00e8res\u00a0\u00bb, Palme du meilleur sc\u00e9nario au r\u00e9cent Festival de Cannes et sorti le 23 mai en&hellip;\n","protected":false},"author":2,"featured_media":134412,"comment_status":"","ping_status":"","sticky":false,"template":"","format":"standard","meta":{"footnotes":""},"categories":[1354],"tags":[1693,650,58,847,59,652,2081,1346,1011,27,26042,26043,5875,1360,8878,26044,104],"class_list":{"0":"post-134411","1":"post","2":"type-post","3":"status-publish","4":"format-standard","5":"has-post-thumbnail","7":"category-films","8":"tag-arts-et-divertissement","9":"tag-cinema","10":"tag-divertissement","11":"tag-enfant","12":"tag-entertainment","13":"tag-famille","14":"tag-film","15":"tag-films","16":"tag-fr","17":"tag-france","18":"tag-freres-dardenne","19":"tag-jeune-mere","20":"tag-mere","21":"tag-movies","22":"tag-salle","23":"tag-scenario","24":"tag-societe"},"share_on_mastodon":{"url":"https:\/\/pubeurope.com\/@fr\/114585722147110343","error":""},"_links":{"self":[{"href":"https:\/\/www.europesays.com\/fr\/wp-json\/wp\/v2\/posts\/134411","targetHints":{"allow":["GET"]}}],"collection":[{"href":"https:\/\/www.europesays.com\/fr\/wp-json\/wp\/v2\/posts"}],"about":[{"href":"https:\/\/www.europesays.com\/fr\/wp-json\/wp\/v2\/types\/post"}],"author":[{"embeddable":true,"href":"https:\/\/www.europesays.com\/fr\/wp-json\/wp\/v2\/users\/2"}],"replies":[{"embeddable":true,"href":"https:\/\/www.europesays.com\/fr\/wp-json\/wp\/v2\/comments?post=134411"}],"version-history":[{"count":0,"href":"https:\/\/www.europesays.com\/fr\/wp-json\/wp\/v2\/posts\/134411\/revisions"}],"wp:featuredmedia":[{"embeddable":true,"href":"https:\/\/www.europesays.com\/fr\/wp-json\/wp\/v2\/media\/134412"}],"wp:attachment":[{"href":"https:\/\/www.europesays.com\/fr\/wp-json\/wp\/v2\/media?parent=134411"}],"wp:term":[{"taxonomy":"category","embeddable":true,"href":"https:\/\/www.europesays.com\/fr\/wp-json\/wp\/v2\/categories?post=134411"},{"taxonomy":"post_tag","embeddable":true,"href":"https:\/\/www.europesays.com\/fr\/wp-json\/wp\/v2\/tags?post=134411"}],"curies":[{"name":"wp","href":"https:\/\/api.w.org\/{rel}","templated":true}]}}