{"id":134417,"date":"2025-05-28T13:37:08","date_gmt":"2025-05-28T13:37:08","guid":{"rendered":"https:\/\/www.europesays.com\/fr\/134417\/"},"modified":"2025-05-28T13:37:08","modified_gmt":"2025-05-28T13:37:08","slug":"patrick-sebastien-cash-sur-cnews","status":"publish","type":"post","link":"https:\/\/www.europesays.com\/fr\/134417\/","title":{"rendered":"Patrick S\u00e9bastien cash sur CNews"},"content":{"rendered":"<p>Mardi soir, le chanteur \u00e9tait l\u2019invit\u00e9 de Christine Kelly dans \u00abFace \u00e0 l\u2019info\u00bb sur la cha\u00eene d\u2019information. Comme \u00e0 son habitude, il n\u2019a pas m\u00e2ch\u00e9 ses mots.<\/p>\n<p class=\"fig-paragraph\">Ce mardi 27 mai,\u00a0<a href=\"https:\/\/www.lefigaro.fr\/tag\/christine-kelly\" target=\"_blank\" rel=\"noopener\" data-gtm-custom-categorie=\"navigation\" data-gtm-custom-action=\"crossclick\" data-gtm-custom-label=\"Contextuel\" data-gtm-event=\"customEventSPE\">Christine Kelly<\/a>\u00a0accueillait\u00a0<a href=\"https:\/\/www.lefigaro.fr\/tag\/patrick-sebastien\" target=\"_blank\" rel=\"noopener\" data-gtm-custom-categorie=\"navigation\" data-gtm-custom-action=\"crossclick\" data-gtm-custom-label=\"Contextuel\" data-gtm-event=\"customEventSPE\"><strong>Patrick S\u00e9bastien<\/strong><\/a> \u00a0dans son \u00e9mission \u00abFace \u00e0 l\u2019info\u00bb sur CNews. L\u2019occasion pour la journaliste de faire r\u00e9agir le chanteur sur les diff\u00e9rents sujets d\u2019actualit\u00e9s dont elle a d\u00e9battu avec ses chroniqueurs.<\/p>\n<p class=\"fig-paragraph\">Apr\u00e8s avoir parl\u00e9 du texte sur la fin de vie en d\u00e9but d\u2019\u00e9mission, l\u2019animatrice a ensuite lanc\u00e9 le chanteur sur un sujet diff\u00e9rent. \u00ab Patrick S\u00e9bastien, vous qui \u00eates le symbole de la France, quelles sont les valeurs disparues de la France aujourd\u2019hui\u00a0?\u00a0\u00bb, a-t-elle demand\u00e9 \u00e0 l\u2019artiste.<\/p>\n<p class=\"fig-body-link\">\n            \u00c0 lire aussi<br \/>\n        <a class=\"fig-body-link__link\" href=\"http:\/\/tvmag.lefigaro.fr\/programme-tv\/actu-tele\/un-petit-village-gaulois-patrick-sebastien-prepare-l-ouverture-d-un-cabaret-dans-le-lot-20250511\" target=\"_blank\" data-fig-type=\"Article\" rel=\"noopener\" data-gtm-custom-categorie=\"navigation\" data-gtm-custom-action=\"crossclick\" data-gtm-custom-label=\"Contextuel\" data-gtm-event=\"customEventSPE\" data-fig-domain=\"TVMAG\">\u00abUn petit village gaulois\u00bb\u00a0: Patrick S\u00e9bastien pr\u00e9pare l\u2019ouverture d\u2019un cabaret dans le Lot<br \/>\n    <\/a>\n<\/p>\n<p class=\"fig-paragraph\">\u00ab Je voulais d\u00e9j\u00e0 revenir sur ce que j\u2019ai entendu sur les Fran\u00e7ais de souche, les fins de race. Moi, il me reste trois enfants, j\u2019en ai deux qui sont blancs et ma fille qui est m\u00e9tisse, je me vois mal expliquer \u00e0 deux de mes enfants \u201cVous \u00eates des fins de race\u201d et expliquer \u00e0 l\u2019autre \u201cTu es sup\u00e9rieure\u201d. \u00c7a ne tient pas debout\u00a0\u00bb, a d\u00e9but\u00e9 le chanteur qui a r\u00e9cemment sorti l\u2019album Ol\u00e9, os\u00e9.<\/p>\n<p class=\"fig-paragraph\">Il a ensuite poursuivi sur ce th\u00e8me. \u00ab Je vois \u00e9voluer ce pays. Moi, j\u2019ai grandi \u00e0 la campagne avec une m\u00e8re qui travaillait \u00e0 l\u2019usine, avec des valeurs, des paysans, des gens qui transpiraient (&#8230;) C\u2019est ma culture, a-t-il racont\u00e9. Les valeurs qu\u2019on m\u2019a apprises c\u2019est le partage, la tol\u00e9rance. Moi, je suis soutien LGBT, j\u2019accepte tout le monde\u00a0\u00bb.\u00a0<\/p>\n<p>\u00abJe ne savais pas, quand j\u2019\u00e9tais petit, qu\u2019un jour on me reprocherait d\u2019\u00eatre blanc\u00bb<\/p>\n<p class=\"fig-paragraph\">\u00ab Ce que je reproche \u00e0 la soci\u00e9t\u00e9 qu\u2019on nous propose c\u2019est de nous parler de se lever droit contre l\u2019exclusion et de m\u2019exclure moi. C\u2019est bien d\u2019accepter toutes les diff\u00e9rences mais acceptez la mienne. L\u00e0, je ne me sens presque plus chez moi\u00a0\u00bb, a-t-il expliqu\u00e9.<\/p>\n<p class=\"fig-body-link\">\n            \u00c0 lire aussi<br \/>\n        <a class=\"fig-body-link__link\" href=\"http:\/\/tvmag.lefigaro.fr\/programme-tv\/people\/lachez-nous-un-peu-laissez-nous-vivre-patrick-sebastien-adresse-un-message-au-wokisme-20250510\" target=\"_blank\" data-fig-type=\"Article\" rel=\"noopener\" data-gtm-custom-categorie=\"navigation\" data-gtm-custom-action=\"crossclick\" data-gtm-custom-label=\"Contextuel\" data-gtm-event=\"customEventSPE\" data-fig-domain=\"TVMAG\">\u00abL\u00e2chez-nous un peu, laissez-nous vivre\u00bb\u00a0: Patrick S\u00e9bastien adresse un message au wokisme<br \/>\n    <\/a>\n<\/p>\n<p class=\"fig-paragraph\">\u00ab Je ne savais pas quand j\u2019\u00e9tais petit qu\u2019un jour, on me reprocherait d\u2019\u00eatre blanc. J\u2019ai quand m\u00eame \u00e9t\u00e9 vir\u00e9 du service public en disant \u201cIl y a trop d\u2019hommes blancs de plus de cinquante ans\u201d. Homme, ce n\u2019est pas ma faute, blanc, ce n\u2019est pas ma faute et plus de cinquante ans, ce n\u2019est pas ma faute. Donc, \u00e7a me choque\u00a0\u00bb, a-t-il encore d\u00e9clar\u00e9 avant d\u2019aller plus loin dans sa pens\u00e9e.<\/p>\n<p class=\"fig-paragraph\">\u00ab Aujourd\u2019hui, \u00eatre un homme et blanc, c\u2019est suspect alors que je suis tout sauf suspect. Je suis tol\u00e9rant, ouvert \u00e0 tout\u00a0\u00bb, a encore \u00e9nonc\u00e9 Patrick S\u00e9bastien avant d\u2019\u00e9voquer plus directement\u00a0<a href=\"https:\/\/www.lefigaro.fr\/tag\/delphine-ernotte\" target=\"_blank\" rel=\"noopener\" data-gtm-custom-categorie=\"navigation\" data-gtm-custom-action=\"crossclick\" data-gtm-custom-label=\"Contextuel\" data-gtm-event=\"customEventSPE\">Delphine Ernotte<\/a>, la pr\u00e9sidente de France T\u00e9l\u00e9visions. \u00ab La dame du service public, elle a \u00e9t\u00e9 claire, elle a dit \u201cJe ne veux pas montrer la France telle qu\u2019elle est mais telle que je voudrais qu\u2019elle soit\u201d. \u00c7a veut dire, on va vous imposer votre mani\u00e8re d\u2019\u00eatre\u00a0? On va cr\u00e9er quoi\u00a0? Une race sup\u00e9rieure? \u00c7a fait peur \u00e7a, ce sont des mots qui m\u2019effraient moi&#8230;\u00bb, a conclu l\u2019artiste.<\/p>\n<p>\u00a0\u00bb<br \/>\n        data-script=\u00a0\u00bbhttps:\/\/static.lefigaro.fr\/widget-video\/short-ttl\/video\/index.js\u00a0\u00bb<br \/>\n    &gt;<\/p>\n","protected":false},"excerpt":{"rendered":"Mardi soir, le chanteur \u00e9tait l\u2019invit\u00e9 de Christine Kelly dans \u00abFace \u00e0 l\u2019info\u00bb sur la cha\u00eene d\u2019information. Comme&hellip;\n","protected":false},"author":2,"featured_media":134418,"comment_status":"","ping_status":"","sticky":false,"template":"","format":"standard","meta":{"footnotes":""},"categories":[8],"tags":[497,496,499,26046,9722,58,59,1011,27,500,504,505,495,6097,503,502,501,498],"class_list":{"0":"post-134417","1":"post","2":"type-post","3":"status-publish","4":"format-standard","5":"has-post-thumbnail","7":"category-divertissement","8":"tag-actu-tv","9":"tag-actualite-tv","10":"tag-buzz-tv","11":"tag-christine-kelly","12":"tag-cnews","13":"tag-divertissement","14":"tag-entertainment","15":"tag-fr","16":"tag-france","17":"tag-medias","18":"tag-news-tele","19":"tag-news-television","20":"tag-news-tv","21":"tag-patrick-sebastien","22":"tag-programme-tele","23":"tag-programme-tv","24":"tag-quiz-tv","25":"tag-tv-actu"},"share_on_mastodon":{"url":"https:\/\/pubeurope.com\/@fr\/114585733925787021","error":""},"_links":{"self":[{"href":"https:\/\/www.europesays.com\/fr\/wp-json\/wp\/v2\/posts\/134417","targetHints":{"allow":["GET"]}}],"collection":[{"href":"https:\/\/www.europesays.com\/fr\/wp-json\/wp\/v2\/posts"}],"about":[{"href":"https:\/\/www.europesays.com\/fr\/wp-json\/wp\/v2\/types\/post"}],"author":[{"embeddable":true,"href":"https:\/\/www.europesays.com\/fr\/wp-json\/wp\/v2\/users\/2"}],"replies":[{"embeddable":true,"href":"https:\/\/www.europesays.com\/fr\/wp-json\/wp\/v2\/comments?post=134417"}],"version-history":[{"count":0,"href":"https:\/\/www.europesays.com\/fr\/wp-json\/wp\/v2\/posts\/134417\/revisions"}],"wp:featuredmedia":[{"embeddable":true,"href":"https:\/\/www.europesays.com\/fr\/wp-json\/wp\/v2\/media\/134418"}],"wp:attachment":[{"href":"https:\/\/www.europesays.com\/fr\/wp-json\/wp\/v2\/media?parent=134417"}],"wp:term":[{"taxonomy":"category","embeddable":true,"href":"https:\/\/www.europesays.com\/fr\/wp-json\/wp\/v2\/categories?post=134417"},{"taxonomy":"post_tag","embeddable":true,"href":"https:\/\/www.europesays.com\/fr\/wp-json\/wp\/v2\/tags?post=134417"}],"curies":[{"name":"wp","href":"https:\/\/api.w.org\/{rel}","templated":true}]}}