{"id":134425,"date":"2025-05-28T13:41:13","date_gmt":"2025-05-28T13:41:13","guid":{"rendered":"https:\/\/www.europesays.com\/fr\/134425\/"},"modified":"2025-05-28T13:41:13","modified_gmt":"2025-05-28T13:41:13","slug":"congres-du-ps-olivier-faure-resiste-a-la-fronde-boris-vallaud-devient-faiseur-de-rois-mediapart","status":"publish","type":"post","link":"https:\/\/www.europesays.com\/fr\/134425\/","title":{"rendered":"Congr\u00e8s du PS : Olivier Faure r\u00e9siste \u00e0 la fronde, Boris Vallaud devient faiseur de rois &#8211; Mediapart"},"content":{"rendered":"<ol>\n<li><a href=\"https:\/\/news.google.com\/rss\/articles\/CBMizgFBVV95cUxPMjNHcjdCMmhyaDBiMWlobVpNNGhYemFNOGVQNmI0UG1jMzJGamR6SzVtdGdjUk0weDdqYXJnT1l5SHVpVFVQRFVCcnpRZDZfS3BUVFkxU1VWbHhHRThoUXJkazhWMGhBM3J0cUFWR3RraXZEeHRkS3NKX0huUG9wUHRBV1ZuMmtNSHQ5d2pSME1sSHp5LXc4YlE0Vm0wWHFTOHI2dm9kWEcyV2VBYXBJXzY3ZnIxaUVLNUFSTVJvRkZ4NW5Fb29lVjNwUTVqZw?oc=5\" target=\"_blank\" rel=\"noopener\">Congr\u00e8s du PS : Olivier Faure r\u00e9siste \u00e0 la fronde, Boris Vallaud devient faiseur de rois<\/a>&nbsp;&nbsp;Mediapart<\/li>\n<li><a href=\"https:\/\/news.google.com\/rss\/articles\/CBMihAJBVV95cUxNSk1RaDUyQlIyaUtQQ2JfdnZ5Sy1WVGR6WnVaRDRtcHlQd0dBRHhRTXJmeTVNYzM1NFBVaGpsRDhlYVgxR0pIYjdtRzY4ZkhWUU1DbDl2SFpGYzBReGszcW1LVllqblduNjRjcDdzWXJ0SUZ6cUdMOU43SElJRkIwRTA2a182SU5sV1V5YUx5YkNkVUdqZTdiMUJaeWZtZ2Q1RVh5WWUtV0xuclpNT2Zaa1daQzBSUmZPY3Z2NU5ueDZRRnZkSVNTbEtMRlpVcXhRMkRVVmMtaXJDb3dXRDdCRGhaY0E0OVBaY2gwTDZxTEx3ZnpPSmlmSXpGd0lxVmVSNnpENg?oc=5\" target=\"_blank\" rel=\"noopener\">Congr\u00e8s du PS : Olivier Faure et Nicolas Mayer-Rossignol \u00ab \u00e0 touche-touche \u00bb, Boris Vallaud en faiseur de rois<\/a>&nbsp;&nbsp;Le Monde.fr<\/li>\n<li><a href=\"https:\/\/news.google.com\/rss\/articles\/CBMirwFBVV95cUxOUlhLNmVVQVNCcHpWN0JlcmU3aU9GVGhZN0Q4VUF3SDc0Qk9YcVRRRl9jcWZ4Xy1JSTk0QTJYdDdKUUJsWEVBTGo4Q3QyLVl2S3FZc1RtYmc2eGxacVBrZlo0Z3dwXzk3aVZFRVpBa0VzOWFzVkh0RkxBSXpFc05rNk1mbkZncl9rQVNZcktMWFY0MFk3UUV3S0Y1NjJTYVBPSGFUWU1USTlWNkxzdFF3?oc=5\" target=\"_blank\" rel=\"noopener\">Congr\u00e8s du PS : Boris Vallaud dragu\u00e9 de toutes parts<\/a>&nbsp;&nbsp;Le Nouvel Obs<\/li>\n<li><a href=\"https:\/\/news.google.com\/rss\/articles\/CBMimwJBVV95cUxNV3oxNXBXeHo0VmlSQzk0NXJlWmo2dlNLYlRncWx4d2l0MHFKVExWZHVwQzlOb3gwS0E5WEZwSmpkUlhUam1wSnhSOE94OFlPU3RfUmQzTUZ5UFVWbHl4SnVMRkpqSHZYeXVlNjJDRFNDaHR1bWlnRU95YWJ2dXJLTGtsZ0x5Vl9XcXJUS0NsdVVfR0NENU5rYzJRdFJlZXNJQjlDYTA3aTB0NlpKUUJRbmcwcHNQM3NWZWNFOVVQbzlDbG1pREZpdUJTN0tWYVd5WjlPaVVKczZ3SDY5UVFGZXdDZ3RIaDBFel8yd2RiT0xBcjl6c2JZSEdBS0hveUNTbFBVeGxCRHYyNjhYcWxScERxLWJrM0EwS0Q4?oc=5\" target=\"_blank\" rel=\"noopener\">Election \u00e0 la t\u00eate du PS : \u00e9limin\u00e9 au premier tour, Boris Vallaud en arbitre du duel entre Olivier Faure et Nicolas Mayer-Rossignol<\/a>&nbsp;&nbsp;France Info<\/li>\n<li><a href=\"https:\/\/news.google.com\/rss\/articles\/CBMi0wFBVV95cUxOSFJuZ0NYVi1uRDN1TjBsQ3NsMTVIbHhPWkd0MUNpYzJVaWpmWUFzYlhubTUzU2I1NlFid2NzdV8yTHk2bi1DN3dkbEhEeGtMMG9PTEppUVlpVFFYMHluVkM2VHdnZXk1UElfSUFJamJUZVhQRWRhbGN5aklGRVhtd0ZSM1NXNzhnWGtvdzk2MDFUY2JwNkc4bjV4NXZaRkRCVE56dUZ3OTQ2LTFSNTR4OW9MZzFzTTJYMm1rYlBDQ0p3dm9pNlV0aC1CTWx2QUtNQldN?oc=5\" target=\"_blank\" rel=\"noopener\">Parti socialiste : Il n&rsquo;y aura \u00ab\u00a0pas d&rsquo;alliance avec LFI\u00a0\u00bb, indique Nicolas Mayer-Rossignol sur RTL<\/a>&nbsp;&nbsp;RTL.fr<\/li>\n<\/ol>\n","protected":false},"excerpt":{"rendered":"Congr\u00e8s du PS : Olivier Faure r\u00e9siste \u00e0 la fronde, Boris Vallaud devient faiseur de rois&nbsp;&nbsp;Mediapart Congr\u00e8s du&hellip;\n","protected":false},"author":2,"featured_media":134426,"comment_status":"","ping_status":"","sticky":false,"template":"","format":"standard","meta":{"footnotes":""},"categories":[4],"tags":[11,6219,1011,27,7740,12,13268,4393,3541,25],"class_list":{"0":"post-134425","1":"post","2":"type-post","3":"status-publish","4":"format-standard","5":"has-post-thumbnail","7":"category-france","8":"tag-actualites","9":"tag-boris-vallaud","10":"tag-fr","11":"tag-france","12":"tag-gauches","13":"tag-news","14":"tag-nicolas-mayer-rossignol","15":"tag-olivier-faure","16":"tag-parti-socialiste","17":"tag-republique-francaise"},"share_on_mastodon":{"url":"https:\/\/pubeurope.com\/@fr\/114585749724478583","error":""},"_links":{"self":[{"href":"https:\/\/www.europesays.com\/fr\/wp-json\/wp\/v2\/posts\/134425","targetHints":{"allow":["GET"]}}],"collection":[{"href":"https:\/\/www.europesays.com\/fr\/wp-json\/wp\/v2\/posts"}],"about":[{"href":"https:\/\/www.europesays.com\/fr\/wp-json\/wp\/v2\/types\/post"}],"author":[{"embeddable":true,"href":"https:\/\/www.europesays.com\/fr\/wp-json\/wp\/v2\/users\/2"}],"replies":[{"embeddable":true,"href":"https:\/\/www.europesays.com\/fr\/wp-json\/wp\/v2\/comments?post=134425"}],"version-history":[{"count":0,"href":"https:\/\/www.europesays.com\/fr\/wp-json\/wp\/v2\/posts\/134425\/revisions"}],"wp:featuredmedia":[{"embeddable":true,"href":"https:\/\/www.europesays.com\/fr\/wp-json\/wp\/v2\/media\/134426"}],"wp:attachment":[{"href":"https:\/\/www.europesays.com\/fr\/wp-json\/wp\/v2\/media?parent=134425"}],"wp:term":[{"taxonomy":"category","embeddable":true,"href":"https:\/\/www.europesays.com\/fr\/wp-json\/wp\/v2\/categories?post=134425"},{"taxonomy":"post_tag","embeddable":true,"href":"https:\/\/www.europesays.com\/fr\/wp-json\/wp\/v2\/tags?post=134425"}],"curies":[{"name":"wp","href":"https:\/\/api.w.org\/{rel}","templated":true}]}}