{"id":134437,"date":"2025-05-28T13:47:09","date_gmt":"2025-05-28T13:47:09","guid":{"rendered":"https:\/\/www.europesays.com\/fr\/134437\/"},"modified":"2025-05-28T13:47:09","modified_gmt":"2025-05-28T13:47:09","slug":"videoprotection-bientot-un-centre-de-surveillance-urbain-intercommunal-a-sollies-pont","status":"publish","type":"post","link":"https:\/\/www.europesays.com\/fr\/134437\/","title":{"rendered":"Vid\u00e9oprotection: bient\u00f4t un centre de surveillance urbain intercommunal \u00e0 Solli\u00e8s-Pont?"},"content":{"rendered":"<p>La s\u00e9curit\u00e9 s\u2019impose comme un enjeu majeur dans les territoires. <strong>La commune a choisi de renforcer son dispositif de vid\u00e9osurveillance.<\/strong> Depuis 2020, elle renouvelle son parc de cam\u00e9ras et \u00e9tend la couverture de son r\u00e9seau.<\/p>\n<p>Dissuader, rassurer, enqu\u00eater <\/p>\n<p>La vid\u00e9osurveillance met en avant son effet dissuasif: la pr\u00e9sence visible de cam\u00e9ras suffit parfois \u00e0 pr\u00e9venir les d\u00e9gradations ou les vols. Pour les habitants, c\u2019est aussi une source de r\u00e9assurance. Sur le plan op\u00e9rationnel, ces enregistrements sont utilis\u00e9s dans les enqu\u00eates, permettant l\u2019identification de suspects ou la reconstitution d\u2019\u00e9v\u00e9nements. <br \/>&#13;<br \/>\nL\u2019an pass\u00e9, vingt-quatre nouvelles cam\u00e9ras ont \u00e9t\u00e9 d\u00e9ploy\u00e9es sur dix sites pour un montant de 250.000 euros. Aujourd\u2019hui, soixante-deux cam\u00e9ras modernes sont en service. <strong>\u00c0 terme, quatre-vingt-sept cam\u00e9ras seront r\u00e9parties sur cinquante-trois lieux de la commune.<\/strong> Le budget global s\u2019\u00e9l\u00e8ve \u00e0 1,5 million d\u2019euros, financ\u00e9 \u00e0 50% par la communaut\u00e9 de communes (CCVG).<\/p>\n<p>Vers une mutualisation? <\/p>\n<p>La CCVG a r\u00e9uni les \u00e9lus des cinq communes membres* autour du bureau d\u2019\u00e9tudes <strong>ERYMA<\/strong>. Objectif: <strong>\u00e9tudier la faisabilit\u00e9 d\u2019un centre de surveillance urbain intercommunal (CSUI).\u00a0<\/strong>Un tel centre permettrait une surveillance en temps r\u00e9el des diff\u00e9rents territoires et une meilleure coordination des interventions en cas de trouble, accident ou comportement suspect. Les \u00e9lus locaux assurent vouloir concilier s\u00e9curit\u00e9 et respect des libert\u00e9s individuelles, un \u00e9quilibre au c\u0153ur du d\u00e9bat d\u00e9mocratique.<\/p>\n<p>L\u2019IA pointe son nez <\/p>\n<p><strong>Le futur s\u2019\u00e9crit avec l\u2019intelligence artificielle (IA).<\/strong> Aujourd\u2019hui, certaines cam\u00e9ras peuvent d\u00e9tecter une bagarre, une chute ou un objet abandonn\u00e9, en s\u2019appuyant sur des algorithmes d\u2019analyse comportementale. D\u2019autres dispositifs vont plus loin: reconnaissance faciale, lecture de plaques d\u2019immatriculation, capacit\u00e9 d\u2019anticiper des risques \u00e0 partir de comportements pass\u00e9s. Si ces technologies sont encore en phase de test \u00e0 Paris, leur g\u00e9n\u00e9ralisation semble in\u00e9vitable, y compris dans les zones p\u00e9riurbaines et rurales. <br \/>&#13;<br \/>\nPlus rapide, plus performante, la vid\u00e9osurveillance intelligente pourrait bien r\u00e9volutionner la gestion de la s\u00e9curit\u00e9 publique. Mais elle suscite aussi des interrogations \u00e9thiques. Les \u00e9lus le savent : la confiance des citoyens ne se d\u00e9cr\u00e8te pas. Elle se gagne, \u00e0 condition que transparence, contr\u00f4le ind\u00e9pendant et concertation soient au rendez-vous.<\/p>\n<p>*Solli\u00e8s-Pont, Solli\u00e8s-Toucas, Solli\u00e8s-Ville, La Farl\u00e8de, Belgentier.<\/p>\n","protected":false},"excerpt":{"rendered":"La s\u00e9curit\u00e9 s\u2019impose comme un enjeu majeur dans les territoires. La commune a choisi de renforcer son dispositif&hellip;\n","protected":false},"author":2,"featured_media":134438,"comment_status":"","ping_status":"","sticky":false,"template":"","format":"standard","meta":{"footnotes":""},"categories":[9619],"tags":[1111,11,1777,674,1011,27,12,882,25,2310,3366],"class_list":{"0":"post-134437","1":"post","2":"type-post","3":"status-publish","4":"format-standard","5":"has-post-thumbnail","7":"category-toulon","8":"tag-actu","9":"tag-actualites","10":"tag-eu","11":"tag-europe","12":"tag-fr","13":"tag-france","14":"tag-news","15":"tag-provence-alpes-cote-dazur","16":"tag-republique-francaise","17":"tag-toulon","18":"tag-vie-locale"},"share_on_mastodon":{"url":"https:\/\/pubeurope.com\/@fr\/114585773290791863","error":""},"_links":{"self":[{"href":"https:\/\/www.europesays.com\/fr\/wp-json\/wp\/v2\/posts\/134437","targetHints":{"allow":["GET"]}}],"collection":[{"href":"https:\/\/www.europesays.com\/fr\/wp-json\/wp\/v2\/posts"}],"about":[{"href":"https:\/\/www.europesays.com\/fr\/wp-json\/wp\/v2\/types\/post"}],"author":[{"embeddable":true,"href":"https:\/\/www.europesays.com\/fr\/wp-json\/wp\/v2\/users\/2"}],"replies":[{"embeddable":true,"href":"https:\/\/www.europesays.com\/fr\/wp-json\/wp\/v2\/comments?post=134437"}],"version-history":[{"count":0,"href":"https:\/\/www.europesays.com\/fr\/wp-json\/wp\/v2\/posts\/134437\/revisions"}],"wp:featuredmedia":[{"embeddable":true,"href":"https:\/\/www.europesays.com\/fr\/wp-json\/wp\/v2\/media\/134438"}],"wp:attachment":[{"href":"https:\/\/www.europesays.com\/fr\/wp-json\/wp\/v2\/media?parent=134437"}],"wp:term":[{"taxonomy":"category","embeddable":true,"href":"https:\/\/www.europesays.com\/fr\/wp-json\/wp\/v2\/categories?post=134437"},{"taxonomy":"post_tag","embeddable":true,"href":"https:\/\/www.europesays.com\/fr\/wp-json\/wp\/v2\/tags?post=134437"}],"curies":[{"name":"wp","href":"https:\/\/api.w.org\/{rel}","templated":true}]}}